{"id":127985,"date":"2025-12-29T09:40:09","date_gmt":"2025-12-29T09:40:09","guid":{"rendered":"https:\/\/www.europesays.com\/fi\/127985\/"},"modified":"2025-12-29T09:40:09","modified_gmt":"2025-12-29T09:40:09","slug":"ristomatti-hakola-jaa-pois-tour-de-skilta","status":"publish","type":"post","link":"https:\/\/www.europesays.com\/fi\/127985\/","title":{"rendered":"Ristomatti Hakola j\u00e4\u00e4 pois Tour de Skilt\u00e4"},"content":{"rendered":"<p>Hakola ly\u00f6 pensselit santaan.<\/p>\n<p class=\"article-body mb-nof-24 px-nof-16\">Toblach<\/p>\n<p class=\"article-body mb-nof-24 px-nof-16\">Hiiht\u00e4j\u00e4 <a class=\"article-personlink\" href=\"https:\/\/www.aamulehti.fi\/haku\/?query=Ristomatti%20Hakola\" rel=\"nofollow noopener\" target=\"_blank\">Ristomatti Hakola<\/a> keskeytt\u00e4\u00e4 Tour de Skin heti ensimm\u00e4isen etapin j\u00e4lkeen.<\/p>\n<p class=\"article-body mb-nof-24 px-nof-16\">Hakola, 34, tiedotti ratkaisustaan maanantaiaamuna sosiaalisessa mediassa. H\u00e4n kertoo k\u00e4rsiv\u00e4ns\u00e4 sairasteluista.<\/p>\n<p class=\"article-body mb-nof-24 px-nof-16\">\u201dDavosin maailmancupin j\u00e4lkeen oli pient\u00e4 sairastelua, ja Davosin leiri meni enemm\u00e4n ja v\u00e4hemm\u00e4n pl\u00f6rin\u00e4ksi. Nyt taas lenssu p\u00e4\u00e4ll\u00e4, joten ei auta kuin puhaltaa peli poikki\u201d, Hakola kirjoittaa.<\/p>\n<p class=\"article-body mb-nof-24 px-nof-16\">\u201dJouluaatto k\u00f6k\u00f6tettiin yksin hotellihuoneessa, ja t\u00e4ss\u00e4 on lopputulos. Urheilu on parhaimmillaan todella mukavaa ja paskimmillaan todella persiist\u00e4\u201d, Hakola jatkaa.<\/p>\n<p class=\"article-body mb-nof-24 px-nof-16\">Hakola j\u00e4i karsintaan sunnuntaina Tourin avanneessa vapaan sprintiss\u00e4. H\u00e4nen sijoituksensa oli 85:s.<\/p>\n<p class=\"article-body mb-nof-24 px-nof-16\">Tour de Ski jatkuu maanantaina perinteisen kymmenen kilometrin v\u00e4liaikal\u00e4hd\u00f6ill\u00e4. Miesten kisa alkaa kello 12.45, naisten 15.45.<\/p>\n","protected":false},"excerpt":{"rendered":"Hakola ly\u00f6 pensselit santaan. Toblach Hiiht\u00e4j\u00e4 Ristomatti Hakola keskeytt\u00e4\u00e4 Tour de Skin heti ensimm\u00e4isen etapin j\u00e4lkeen. Hakola, 34,&hellip;\n","protected":false},"author":2,"featured_media":127986,"comment_status":"","ping_status":"","sticky":false,"template":"","format":"standard","meta":{"footnotes":""},"categories":[158],"tags":[157,33,31,30,159,32,160],"class_list":{"0":"post-127985","1":"post","2":"type-post","3":"status-publish","4":"format-standard","5":"has-post-thumbnail","7":"category-urheilu","8":"tag-aamulehti","9":"tag-fi","10":"tag-finland","11":"tag-finnish","12":"tag-sports","13":"tag-suomi","14":"tag-urheilu"},"share_on_mastodon":{"url":"https:\/\/pubeurope.com\/@fi\/115802198752701103","error":""},"_links":{"self":[{"href":"https:\/\/www.europesays.com\/fi\/wp-json\/wp\/v2\/posts\/127985","targetHints":{"allow":["GET"]}}],"collection":[{"href":"https:\/\/www.europesays.com\/fi\/wp-json\/wp\/v2\/posts"}],"about":[{"href":"https:\/\/www.europesays.com\/fi\/wp-json\/wp\/v2\/types\/post"}],"author":[{"embeddable":true,"href":"https:\/\/www.europesays.com\/fi\/wp-json\/wp\/v2\/users\/2"}],"replies":[{"embeddable":true,"href":"https:\/\/www.europesays.com\/fi\/wp-json\/wp\/v2\/comments?post=127985"}],"version-history":[{"count":0,"href":"https:\/\/www.europesays.com\/fi\/wp-json\/wp\/v2\/posts\/127985\/revisions"}],"wp:featuredmedia":[{"embeddable":true,"href":"https:\/\/www.europesays.com\/fi\/wp-json\/wp\/v2\/media\/127986"}],"wp:attachment":[{"href":"https:\/\/www.europesays.com\/fi\/wp-json\/wp\/v2\/media?parent=127985"}],"wp:term":[{"taxonomy":"category","embeddable":true,"href":"https:\/\/www.europesays.com\/fi\/wp-json\/wp\/v2\/categories?post=127985"},{"taxonomy":"post_tag","embeddable":true,"href":"https:\/\/www.europesays.com\/fi\/wp-json\/wp\/v2\/tags?post=127985"}],"curies":[{"name":"wp","href":"https:\/\/api.w.org\/{rel}","templated":true}]}}