{"id":127987,"date":"2025-12-29T09:41:07","date_gmt":"2025-12-29T09:41:07","guid":{"rendered":"https:\/\/www.europesays.com\/fi\/127987\/"},"modified":"2025-12-29T09:41:07","modified_gmt":"2025-12-29T09:41:07","slug":"sibelius-museon-laajentunut-kokoelma-aiheutti-laajennuksen-tulevaan-juhlanayttelyyn-kulttuuri","status":"publish","type":"post","link":"https:\/\/www.europesays.com\/fi\/127987\/","title":{"rendered":"Sibelius-museon laajentunut kokoelma aiheutti laajennuksen tulevaan juhlan\u00e4yttelyyn &#8211; Kulttuuri"},"content":{"rendered":"<p class=\"teksti\">Sibelius-museon kokoelmat kasvoivat merkitt\u00e4v\u00e4ll\u00e4 tavalla joulukuun alussa, kun \u00c5bo Akademin s\u00e4\u00e4ti\u00f6 hankki omistukseensa Rolando ja Siv Pieraccinin s\u00e4\u00e4ti\u00f6lt\u00e4 maailman suurimman yksityisen Jean Sibelius -kokoelman.<\/p>\n<p class=\"teksti\">Uusi aineisto sis\u00e4lt\u00e4\u00e4 239 kohdetta, muun muassa Jean Sibeliuksen k\u00e4sin kirjoittamia kirjeit\u00e4 ja nuotteja sek\u00e4 Sibeliuksen signeeraamia valokuvia.<\/p>\n<p class=\"teksti\">\u2013 Esimerkiksi kustantaja Robert Lienaun ja Sibeliuksen k\u00e4ym\u00e4\u00e4 kirjeenvaihtoa on aineistossa paljon. Kirjeenvaihto avaa kustantajan ja s\u00e4velt\u00e4j\u00e4n yhteisty\u00f6t\u00e4 merkitt\u00e4v\u00e4ll\u00e4 tavalla, kertoo Sibelius-museon kokoelmaintendentti Sanna Linjama-Mannermaa.<\/p>\n<p class=\"teksti\">\u2013 Lienaun vaikutus Sibeliuksen uraan oli sen vuoksi erityisen merkitt\u00e4v\u00e4, ett\u00e4 h\u00e4n oli Sibeliuksen ensimm\u00e4inen kansainv\u00e4linen kustantaja. H\u00e4nen kauttaan Sibelius l\u00e4hti maailmalle, toteaa museojohtaja Teemu Kirjonen.<\/p>\n<p class=\"teksti\">Sibeliuksen nimi kiinnostaa edelleen tutkijoita sek\u00e4 Suomessa ett\u00e4 maailmalla. Sibelius-museon kokoelmat vet\u00e4v\u00e4t tutkijoita s\u00e4\u00e4nn\u00f6llisesti Turkuunkin, vaikka viimeisten vuosikymmenien aikana on tapahtunut selke\u00e4 muutos.<\/p>\n<p class=\"teksti\">\u2013 Fyysiset vierailut ovat v\u00e4hentyneet viimeisen reilun kymmenen vuoden aikana, koska aineistoja voi nyky\u00e4\u00e4n l\u00e4hett\u00e4\u00e4 digitaalisesti, mutta kyll\u00e4 meill\u00e4 edelleen s\u00e4\u00e4nn\u00f6llisesti k\u00e4y ulkomailta tutkijoita. Sibelius-faneja, esimerkiksi ulkomaisia kapellimestareja, k\u00e4y my\u00f6s, Linjama-Mannermaa toteaa.<\/p>\n<p class=\"teksti\">Sibelius-museon lis\u00e4ksi toinen merkitt\u00e4v\u00e4 Sibelius-aineiston keskittym\u00e4 l\u00f6ytyy Kansalliskirjastosta Helsingist\u00e4. Linjama-Mannermaan mukaan Sibelus-aineistoa on my\u00f6s siell\u00e4 t\u00e4\u00e4ll\u00e4 maailmalla. Uudet, suuretkin, aineistol\u00f6yd\u00f6t ovat siis mahdollisia.<\/p>\n<p class=\"teksti\">\u2013 Esimerkiksi osa Sibeliuksen alkuper\u00e4isist\u00e4 k\u00e4sinkirjoittamista partituureista on viel\u00e4 kadoksissa. Yksitt\u00e4ist\u00e4 Sibelius-aineistoa liikkuu jonkin verran. Esimerkiksi Pieraccini kartutti kokoelmiaan huutokaupoissa. Sitten on kaikenlaista aineistoa, mink\u00e4 Sibelius aikanaan lahjoitti tutuilleen. Ne ovat aikojen saatossa kulkeutuneet ties minne.<\/p>\n<p class=\"teksti\">Sibelius-museo viett\u00e4\u00e4 vuonna 2026 satavuotisjuhlaansa. Suunnitelmissa on, ett\u00e4 pient\u00e4 osaa lahjoituksesta saataisiin hy\u00f6dynnetty\u00e4 jo sata vuotta musiikin j\u00e4lki\u00e4 -juhlan\u00e4yttelyss\u00e4, joka avautuu tammikuun lopussa.<\/p>\n<p class=\"teksti\">\u2013 Teemme juhlan\u00e4yttelyn s\u00e4hk\u00f6iseen aineistoon viime hetken lis\u00e4yksen. Sinne tulee jotain n\u00e4ht\u00e4v\u00e4ksi t\u00e4st\u00e4 aineistosta. Pidemm\u00e4n ajan suunnitelmissa on tuoda t\u00e4t\u00e4 aineistoa fyysisestikin n\u00e4ht\u00e4ville museoon, mutta se vaatii aineiston kuratointia ja turvallisuuteenkin liittyv\u00e4\u00e4 suunnittelua, Kirjonen kertoo.<\/p>\n<p class=\"kirjoittaja\">Ilkka Lappi<\/p>\n","protected":false},"excerpt":{"rendered":"Sibelius-museon kokoelmat kasvoivat merkitt\u00e4v\u00e4ll\u00e4 tavalla joulukuun alussa, kun \u00c5bo Akademin s\u00e4\u00e4ti\u00f6 hankki omistukseensa Rolando ja Siv Pieraccinin s\u00e4\u00e4ti\u00f6lt\u00e4&hellip;\n","protected":false},"author":2,"featured_media":127988,"comment_status":"","ping_status":"","sticky":false,"template":"","format":"standard","meta":{"footnotes":""},"categories":[130],"tags":[137,33,31,30,32,109],"class_list":{"0":"post-127987","1":"post","2":"type-post","3":"status-publish","4":"format-standard","5":"has-post-thumbnail","7":"category-viihde","8":"tag-entertainment","9":"tag-fi","10":"tag-finland","11":"tag-finnish","12":"tag-suomi","13":"tag-viihde"},"share_on_mastodon":{"url":"https:\/\/pubeurope.com\/@fi\/115802202646919742","error":""},"_links":{"self":[{"href":"https:\/\/www.europesays.com\/fi\/wp-json\/wp\/v2\/posts\/127987","targetHints":{"allow":["GET"]}}],"collection":[{"href":"https:\/\/www.europesays.com\/fi\/wp-json\/wp\/v2\/posts"}],"about":[{"href":"https:\/\/www.europesays.com\/fi\/wp-json\/wp\/v2\/types\/post"}],"author":[{"embeddable":true,"href":"https:\/\/www.europesays.com\/fi\/wp-json\/wp\/v2\/users\/2"}],"replies":[{"embeddable":true,"href":"https:\/\/www.europesays.com\/fi\/wp-json\/wp\/v2\/comments?post=127987"}],"version-history":[{"count":0,"href":"https:\/\/www.europesays.com\/fi\/wp-json\/wp\/v2\/posts\/127987\/revisions"}],"wp:featuredmedia":[{"embeddable":true,"href":"https:\/\/www.europesays.com\/fi\/wp-json\/wp\/v2\/media\/127988"}],"wp:attachment":[{"href":"https:\/\/www.europesays.com\/fi\/wp-json\/wp\/v2\/media?parent=127987"}],"wp:term":[{"taxonomy":"category","embeddable":true,"href":"https:\/\/www.europesays.com\/fi\/wp-json\/wp\/v2\/categories?post=127987"},{"taxonomy":"post_tag","embeddable":true,"href":"https:\/\/www.europesays.com\/fi\/wp-json\/wp\/v2\/tags?post=127987"}],"curies":[{"name":"wp","href":"https:\/\/api.w.org\/{rel}","templated":true}]}}