{"id":127999,"date":"2025-12-29T09:48:08","date_gmt":"2025-12-29T09:48:08","guid":{"rendered":"https:\/\/www.europesays.com\/fi\/127999\/"},"modified":"2025-12-29T09:48:08","modified_gmt":"2025-12-29T09:48:08","slug":"verkon-luetuimmat-2025-mimma-ursinin-auton-valoihin-osui-omituinen-naky-susi-jolkotti-lenkkeilijan-ja-koiran-kannoilla-kangaslammintiella-warkauden-lehti","status":"publish","type":"post","link":"https:\/\/www.europesays.com\/fi\/127999\/","title":{"rendered":"Verkon luetuimmat 2025 | Mimma Ursinin auton valoihin osui omituinen n\u00e4ky: Susi jolkotti lenkkeilij\u00e4n ja koiran kannoilla Kangaslammintiell\u00e4 &#8211; Warkauden Lehti"},"content":{"rendered":"<ol>\n<li><a href=\"https:\/\/news.google.com\/rss\/articles\/CBMiXkFVX3lxTE1jbXk2RDNocThjZEF1b2cySGNyVW10WDZVMWVkME9QN0dVSUZlOFRCTU5xNHlZaDRFRVlma3lRZ2REQlEwRnprdlF0RnFVSHJ0d1pTbE80eUhhWjRHaWc?oc=5\" target=\"_blank\" rel=\"nofollow noopener\">Verkon luetuimmat 2025 | Mimma Ursinin auton valoihin osui omituinen n\u00e4ky: Susi jolkotti lenkkeilij\u00e4n ja koiran kannoilla Kangaslammintiell\u00e4<\/a>&nbsp;&nbsp;Warkauden Lehti<\/li>\n<li><a href=\"https:\/\/news.google.com\/rss\/articles\/CBMiWkFVX3lxTFBOWWI2WTVsYU5kVDV0aHdaRnlldVhNNFZ3em1tZF9icm1TUXZYbUJGc0Z4R0E1N0RSVGR6ZkdXRkdWMzVvR0FCUnltX1J3Y2doUEJ2Vm9RUnhGZw?oc=5\" target=\"_blank\" rel=\"nofollow noopener\">Poliisi ajoi takaa rattijuoppoa Joensuussa<\/a>&nbsp;&nbsp;Karjalainen<\/li>\n<li><a href=\"https:\/\/news.google.com\/rss\/articles\/CBMiT0FVX3lxTE93a21tUlprbXN2X2swQVdtWWJjd0lVR0QtU0k1bjJ0elM2bDdDVDhDcXYxem5hTzFTbFpfYmNocEphOXdtOXphbFRpaEVpZ0k?oc=5\" target=\"_blank\" rel=\"nofollow noopener\">Raimo Helminen n\u00e4kee KalPalle n\u00f6yrtyneen SaiPan kadottaneen identiteetti\u00e4\u00e4n: &#8221;Se on tietenkin meik\u00e4l\u00e4isen syy&#8221;<\/a>&nbsp;&nbsp;Etel\u00e4-Saimaa<\/li>\n<li><a href=\"https:\/\/news.google.com\/rss\/articles\/CBMiSkFVX3lxTE1SeE5EN0xhWS1nRVI2VXNlcVkwbmtSZWZ3ckZFMWhHMDRXRGN3MGVCeTd1dTZXQnAxUW01WXY4TE5WRlh6Y1ZlMXVR?oc=5\" target=\"_blank\" rel=\"nofollow noopener\">Hurja kolmas er\u00e4 johdatti KalPan j\u00e4lleen voittoon SaiPasta<\/a>&nbsp;&nbsp;Etel\u00e4-Suomen Sanomat<\/li>\n<li><a href=\"https:\/\/news.google.com\/rss\/articles\/CBMiswJBVV95cUxQTnZMdHNZbTR1VW1QdUFuOVJMMy1fRlNzMWFTQ2lQaW9FYWgzLVozcmo0OXc1ZUNIaThfZTE5Uzg4S2huMzRUQzh3RHljMjRCU2lscmhhOFlGa19uYnQxSHlJUkYtSzBoTElMZE9PUm93amE1a0xwTktwV20wVEU0WGZkZ3pSTEZySGp5LVpid01mM2ZkMV91NWJMbU5jNGNaSG53Mkhra1AzVzNuaTJJNVo3MW53ZGt5REQ1VW4tc3lBSEUydG1EVUJ3dFJqbE94QWtaZmcwYVM0QmpZa1htdjFaRGRGUFNOX3BXcEFNMnNxcGJvQnh2NjVOMV8zVENxV0trMVNmdmUtVDByaVVtY0hieHpONGJ6S05wM09SSjkxUVdMdFBqamZrOHRfNEdrc2Fr?oc=5\" target=\"_blank\" rel=\"nofollow noopener\">Voittomaalin j\u00e4lleen SaiPan verkkoon ly\u00f6nyt Filip Westerlund my\u00f6nt\u00e4\u00e4, ett\u00e4 It\u00e4-Suomen herruudesta kilpaillaan aiempaa enemm\u00e4n<\/a>&nbsp;&nbsp;Jatkoaika.com<\/li>\n<\/ol>\n","protected":false},"excerpt":{"rendered":"Verkon luetuimmat 2025 | Mimma Ursinin auton valoihin osui omituinen n\u00e4ky: Susi jolkotti lenkkeilij\u00e4n ja koiran kannoilla Kangaslammintiell\u00e4&nbsp;&nbsp;Warkauden&hellip;\n","protected":false},"author":2,"featured_media":128000,"comment_status":"","ping_status":"","sticky":false,"template":"","format":"standard","meta":{"footnotes":""},"categories":[117],"tags":[404,33,31,30,11283,11759,72,930,476,785,22724,118,32,119,2915,477],"class_list":{"0":"post-127999","1":"post","2":"type-post","3":"status-publish","4":"format-standard","5":"has-post-thumbnail","7":"category-luonto","8":"tag-elaimet","9":"tag-fi","10":"tag-finland","11":"tag-finnish","12":"tag-kangaslampi","13":"tag-leppavirta","14":"tag-luonto","15":"tag-metsastys-ja-kalastus","16":"tag-nature","17":"tag-nisakkaat","18":"tag-sarkamaki","19":"tag-science","20":"tag-suomi","21":"tag-tiede","22":"tag-varkaus","23":"tag-wildlife"},"share_on_mastodon":{"url":"https:\/\/pubeurope.com\/@fi\/115802230137567272","error":""},"_links":{"self":[{"href":"https:\/\/www.europesays.com\/fi\/wp-json\/wp\/v2\/posts\/127999","targetHints":{"allow":["GET"]}}],"collection":[{"href":"https:\/\/www.europesays.com\/fi\/wp-json\/wp\/v2\/posts"}],"about":[{"href":"https:\/\/www.europesays.com\/fi\/wp-json\/wp\/v2\/types\/post"}],"author":[{"embeddable":true,"href":"https:\/\/www.europesays.com\/fi\/wp-json\/wp\/v2\/users\/2"}],"replies":[{"embeddable":true,"href":"https:\/\/www.europesays.com\/fi\/wp-json\/wp\/v2\/comments?post=127999"}],"version-history":[{"count":0,"href":"https:\/\/www.europesays.com\/fi\/wp-json\/wp\/v2\/posts\/127999\/revisions"}],"wp:featuredmedia":[{"embeddable":true,"href":"https:\/\/www.europesays.com\/fi\/wp-json\/wp\/v2\/media\/128000"}],"wp:attachment":[{"href":"https:\/\/www.europesays.com\/fi\/wp-json\/wp\/v2\/media?parent=127999"}],"wp:term":[{"taxonomy":"category","embeddable":true,"href":"https:\/\/www.europesays.com\/fi\/wp-json\/wp\/v2\/categories?post=127999"},{"taxonomy":"post_tag","embeddable":true,"href":"https:\/\/www.europesays.com\/fi\/wp-json\/wp\/v2\/tags?post=127999"}],"curies":[{"name":"wp","href":"https:\/\/api.w.org\/{rel}","templated":true}]}}