{"id":128001,"date":"2025-12-29T09:59:13","date_gmt":"2025-12-29T09:59:13","guid":{"rendered":"https:\/\/www.europesays.com\/fi\/128001\/"},"modified":"2025-12-29T09:59:13","modified_gmt":"2025-12-29T09:59:13","slug":"hannes-myrsky-koetteli-saaristossa-asuvia-aki-ja-rita-mannista-ystavat-joutuivat-pelottavaan-vaaratilanteeseen","status":"publish","type":"post","link":"https:\/\/www.europesays.com\/fi\/128001\/","title":{"rendered":"Hannes-myrsky koetteli saaristossa asuvia Aki ja Rita Mannista \u2013 Yst\u00e4v\u00e4t joutuivat pelottavaan vaaratilanteeseen"},"content":{"rendered":"<p>My\u00f6s Aki Manninen ja Rita Niemi-Manninen joutuivat kokemaan Hannes-myrskyn vaikutukset.<\/p>\n<p class=\"paragraph\">Kuten monet muutkin suomalaiset, my\u00f6sk\u00e4\u00e4n <a href=\"https:\/\/www.iltalehti.fi\/henkilot\/Aki Manninen\" class=\"article-link-person-page\" rel=\"nofollow noopener\" target=\"_blank\">Aki Manninen<\/a> ja <a href=\"https:\/\/www.iltalehti.fi\/henkilot\/Rita Niemi-Manninen\" class=\"article-link-person-page\" rel=\"nofollow noopener\" target=\"_blank\">Rita Niemi-Manninen<\/a> eiv\u00e4t s\u00e4\u00e4styneet viikonloppuna riehuneelta Hannes-myrskylt\u00e4.<\/p>\n<p class=\"paragraph\">Porin Reposaaressa nykyisin asuva pariskunta kertoo, ett\u00e4 heid\u00e4n yst\u00e4v\u00e4ns\u00e4 joutuivat viikonloppuna myrskyn keskell\u00e4 pelottavaan l\u00e4helt\u00e4 piti -tilanteeseen Mannisten omalla pihatiell\u00e4.<\/p>\n<p class=\"paragraph\">Myrskyn voimakkaimpien, jopa 35 metri\u00e4 sekunnissa puhaltaneiden puuskien aikaan heid\u00e4n tytt\u00e4rens\u00e4 <a href=\"https:\/\/www.iltalehti.fi\/henkilot\/Donna\" class=\"article-link-person-page\" rel=\"nofollow noopener\" target=\"_blank\">Donnan<\/a> kummit olivat juuri saapumassa perheen luo vierailulle.<\/p>\n<p class=\"paragraph\">\u2013 Kummit olivat juuri k\u00e4\u00e4ntym\u00e4ss\u00e4 meid\u00e4n tielle, kun he huomasivat sivusilm\u00e4ll\u00e4 ison puun alkavan kaatua. He vetiv\u00e4t sitten jarrut kiinni ja pakin p\u00e4\u00e4lle. Jos tilanne olisi kest\u00e4nyt muutaman sekunnin pidemp\u00e4\u00e4n, lopputulos olisi voinut olla toinen, Aki kuvailee.<\/p>\n<p class=\"paragraph\">Tilanteesta selvitty\u00e4\u00e4n kummit soittivat Akille ja kertoivat, ett\u00e4 ainoalla heid\u00e4n kodilleen johtavalla tiell\u00e4 oli kaatunut puu edess\u00e4. Toimelias Aki nappasi nopeasti mukaansa moottorisahan ja l\u00e4hti Hummerillaan apuun.<\/p>\n<p class=\"paragraph\">\u2013 Otin sahan ja menin katsomaan tilannetta, se oli t\u00e4ysin j\u00e4rkytt\u00e4v\u00e4\u00e4. Keskell\u00e4 tiet\u00e4 oli isoja tukkikuusia. Jos minulla ei olisi ollut sahaa ja Hummeria, joilla sain ne vedetty\u00e4 sivuun, olisimme yh\u00e4 jumissa t\u00e4\u00e4ll\u00e4, h\u00e4n kertoo.<\/p>\n<p><img decoding=\"async\" class=\"image image-show image-preview\" src=\"https:\/\/www.europesays.com\/fi\/wp-content\/uploads\/2025\/12\/50c54bad6a292232703ef7bfe749772d13c7e8fff5b3075a3b4b624d28c97857.jpg\" alt=\"\"\/><img decoding=\"async\" class=\"image image-show\" src=\"https:\/\/www.europesays.com\/fi\/wp-content\/uploads\/2025\/12\/1767002353_731_50c54bad6a292232703ef7bfe749772d13c7e8fff5b3075a3b4b624d28c97857.jpg\" alt=\"\"\/><\/p>\n<p>Aki Manninen raivasi saarella myrskyn kaatamia puita. Aki Mannisen kotialbumi<\/p>\n<p class=\"paragraph\">Tilanteesta selvittiin onneksi s\u00e4ik\u00e4hdyksell\u00e4. Pariskunnan kiinteist\u00f6ll\u00e4 olevat tavarat kohtasivat my\u00f6s jonkin verran pieni\u00e4 tuhoja.<\/p>\n<p class=\"paragraph\">\u2013 Paljusta l\u00e4hti piippu, nyt se on jossain meress\u00e4. Ja sitten rantasaunalta lensi kaikki ulkokalusteet mereen, Aki selostaa.<\/p>\n<p class=\"paragraph\">Akin mukaan he olivat varautuneet myrskyyn perustarpein, kuten varmistamalla varavirtal\u00e4hteen toimivuuden ja riitt\u00e4v\u00e4n m\u00e4\u00e4r\u00e4n taskulamppuja.<\/p>\n<p class=\"paragraph\">H\u00e4n kertoo, ett\u00e4 saaristossa useilla asukkailla on viel\u00e4 s\u00e4hk\u00f6katkoja. My\u00f6s perheen kodissa oli lauantaina s\u00e4hk\u00f6t poikki muutaman tunnin ajan.<\/p>\n<p class=\"paragraph\">\u2013 Pelasimme paskahousua kynttil\u00e4nvalossa, se oli tunnelmallista, Rita toteaa viitaten suosittuun korttipeliin.<\/p>\n<p>Myrsky kaatoi useita puita Mannisten pihatielle. Aki kuvailee, ett\u00e4 he selvisiv\u00e4t tilanteesta \u201dmoottorisahan ja Hummerin avulla\u201c. Aki Mannisen kotialbumi<\/p>\n<p class=\"paragraph\">Myrskytuulen viel\u00e4 puhaltaessa Aki l\u00e4hti raivaamaan saarella kaatuneita puita. H\u00e4nen ty\u00f6skennelless\u00e4\u00e4n ymp\u00e4rill\u00e4 kaatui viel\u00e4 uusiakin puita.<\/p>\n<p class=\"paragraph\">\u2013 Kun l\u00e4hdin raivaamaan puita, katsoin taakseni ja siell\u00e4 oli useita isoja puita takanani. Jos ne olisivat kaatuneet p\u00e4\u00e4lle sahatessani, olisin ollut vaarassa. Se oli kyll\u00e4 kova myrsky, en ole moista n\u00e4hnyt el\u00e4m\u00e4ss\u00e4ni. Lis\u00e4ksi vesi laski l\u00e4hes metrin yhden vuorokauden aikana, h\u00e4n kertoo.<\/p>\n<p class=\"paragraph\">Aki on myrskyn aikana auttanut aktiivisesti naapureitaan. H\u00e4n toteaa, ettei voi t\u00e4llaisissa tilanteissa j\u00e4\u00e4d\u00e4 toimettomaksi.<\/p>\n<p class=\"paragraph\">\u2013 Ei t\u00e4\u00e4ll\u00e4 saarella voisi asua, jos ei pysty itse toimimaan. En voi odottaa saavani mist\u00e4\u00e4n apua tai turvaa. T\u00e4ss\u00e4 pit\u00e4\u00e4 kyll\u00e4 itse toimia, h\u00e4n toteaa.<\/p>\n<p class=\"paragraph\">Hannes-myrsky saapui Suomeen y\u00f6ll\u00e4 27. joulukuuta 2025 voimakkaiden tuulenpuuskien saattelemana. P\u00e4iv\u00e4n aikana s\u00e4hk\u00f6katkojen m\u00e4\u00e4r\u00e4 kasvoi nopeasti: viel\u00e4 hieman yli keskip\u00e4iv\u00e4n noin 11\u00a0000 ihmist\u00e4 oli ilman s\u00e4hk\u00f6\u00e4. Illalla luku oli noussut jo yli 169\u00a0000:een. Myrsky aiheutti my\u00f6s merkitt\u00e4vi\u00e4 h\u00e4iri\u00f6it\u00e4 liikenteelle.<\/p>\n<p>Aki Manninen ja Rita Niemi-Mannien asuvat Porin Reposaaressa yhdess\u00e4 Donna-tytt\u00e4ren ja Pomo-koiran kanssa. Jenni G\u00e4stgivar<\/p>\n","protected":false},"excerpt":{"rendered":"My\u00f6s Aki Manninen ja Rita Niemi-Manninen joutuivat kokemaan Hannes-myrskyn vaikutukset. Kuten monet muutkin suomalaiset, my\u00f6sk\u00e4\u00e4n Aki Manninen ja&hellip;\n","protected":false},"author":2,"featured_media":128002,"comment_status":"","ping_status":"","sticky":false,"template":"","format":"standard","meta":{"footnotes":""},"categories":[136],"tags":[35,407,137,33,31,30,408,713,120,710,32,140,139,109],"class_list":{"0":"post-128001","1":"post","2":"type-post","3":"status-publish","4":"format-standard","5":"has-post-thumbnail","7":"category-julkkikset","8":"tag-24h","9":"tag-celebrities","10":"tag-entertainment","11":"tag-fi","12":"tag-finland","13":"tag-finnish","14":"tag-julkkikset","15":"tag-lampotila-saa","16":"tag-onnettomuustapaus","17":"tag-saa","18":"tag-suomi","19":"tag-tv-ja-elokuvat","20":"tag-tv-ohjelmat","21":"tag-viihde"},"share_on_mastodon":{"url":"https:\/\/pubeurope.com\/@fi\/115802273481897558","error":""},"_links":{"self":[{"href":"https:\/\/www.europesays.com\/fi\/wp-json\/wp\/v2\/posts\/128001","targetHints":{"allow":["GET"]}}],"collection":[{"href":"https:\/\/www.europesays.com\/fi\/wp-json\/wp\/v2\/posts"}],"about":[{"href":"https:\/\/www.europesays.com\/fi\/wp-json\/wp\/v2\/types\/post"}],"author":[{"embeddable":true,"href":"https:\/\/www.europesays.com\/fi\/wp-json\/wp\/v2\/users\/2"}],"replies":[{"embeddable":true,"href":"https:\/\/www.europesays.com\/fi\/wp-json\/wp\/v2\/comments?post=128001"}],"version-history":[{"count":0,"href":"https:\/\/www.europesays.com\/fi\/wp-json\/wp\/v2\/posts\/128001\/revisions"}],"wp:featuredmedia":[{"embeddable":true,"href":"https:\/\/www.europesays.com\/fi\/wp-json\/wp\/v2\/media\/128002"}],"wp:attachment":[{"href":"https:\/\/www.europesays.com\/fi\/wp-json\/wp\/v2\/media?parent=128001"}],"wp:term":[{"taxonomy":"category","embeddable":true,"href":"https:\/\/www.europesays.com\/fi\/wp-json\/wp\/v2\/categories?post=128001"},{"taxonomy":"post_tag","embeddable":true,"href":"https:\/\/www.europesays.com\/fi\/wp-json\/wp\/v2\/tags?post=128001"}],"curies":[{"name":"wp","href":"https:\/\/api.w.org\/{rel}","templated":true}]}}