{"id":128005,"date":"2025-12-29T10:03:08","date_gmt":"2025-12-29T10:03:08","guid":{"rendered":"https:\/\/www.europesays.com\/fi\/128005\/"},"modified":"2025-12-29T10:03:08","modified_gmt":"2025-12-29T10:03:08","slug":"kaikki-kunnia-mick-marsille-mutta-motley-crue-jasenet-ovat-nyt-laheisimpia-kuin-koskaan-ennen-sanoo-tommy-lee","status":"publish","type":"post","link":"https:\/\/www.europesays.com\/fi\/128005\/","title":{"rendered":"&#8221;Kaikki kunnia Mick Marsille, mutta&#8230;&#8221; &#8211; M\u00f6tley Cr\u00fce -j\u00e4senet ovat nyt l\u00e4heisimpi\u00e4 kuin koskaan ennen, sanoo Tommy Lee"},"content":{"rendered":"<p>M\u00f6tley Cr\u00fce -rumpali Tommy Lee sanoo tuoreessa Bonnie Lauferin haastattelussa asioiden olevan yhtyeen sis\u00e4ll\u00e4 nyt paremmin kuin kenties koskaan aiemmin. Yksi merkitt\u00e4v\u00e4 vaikutus t\u00e4h\u00e4n on rumpalin mukaan ollut se, miten kitaristi John 5 hypp\u00e4si alkuper\u00e4iskitaristi Mick Marsin tilalle kolme vuotta sitten.<\/p>\n<p>\u201dKuten miss\u00e4 tahansa veljeskunnassa tai avioliitossa tai miksik\u00e4 sit\u00e4 nyt haluaa kutsua, meill\u00e4 on toki hetkemme. Mutta John 5 on ollut meille todella innostava asia. Kaikki kunnia Mick Marsille, mutta kun John 5 tuli messiin, h\u00e4n sai kaikki ihan uuteen liekkiin. H\u00e4n toi uutta energiaa mukanaan ja on ollut todella inspiroiva. Me muut ammennamme siit\u00e4 ja olemme nyt itse asiassa l\u00e4heisimpi\u00e4 nyt kuin koskaan ennen\u201d, <a href=\"https:\/\/blabbermouth.net\/news\/tommy-lee-on-his-motley-crue-bandmates-were-actually-closer-now-than-weve-ever-been\" target=\"_blank\" rel=\"noreferrer noopener nofollow\">Lee toteaa<\/a>.<\/p>\n<p>\u201dNipist\u00e4n itse\u00e4ni p\u00e4ivitt\u00e4in, koska saamme yh\u00e4 tehd\u00e4 t\u00e4t\u00e4 ja fanimme ovat niin mahtavia. Olemme todella onnekkaita ja siunattuja, koska t\u00e4llaista ei kovin usein tapahdu.\u201d<\/p>\n<p><img loading=\"lazy\" decoding=\"async\" alt=\"YouTube video\" width=\"480\" height=\"360\" data-pin-nopin=\"true\" nopin=\"nopin\" class=\"perfmatters-lazy\" src=\"https:\/\/www.europesays.com\/fi\/wp-content\/uploads\/2025\/12\/1767002588_512_hqdefault.jpg\"\/><\/p>\n<p>Lue my\u00f6s: <a href=\"https:\/\/www.soundi.fi\/uutiset\/mick-mars-petti-motley-cruen-ja-fanit-syytoksillaan-tuumaa-nikki-sixx-bandi-pelasti-hanen-henkensa\/\" title=\"Mick Mars petti M\u00f6tley Cr\u00fcen ja fanit syyt\u00f6ksill\u00e4\u00e4n, tuumaa Nikki Sixx \u2013 \u201dB\u00e4ndi pelasti h\u00e4nen henkens\u00e4\u201d\" class=\"underline-custom !font-montserrat !font-bold !underline-offset-4 !decoration-4 !decoration-tilt-light\" rel=\"nofollow noopener\" target=\"_blank\">Mick Mars petti M\u00f6tley Cr\u00fcen ja fanit syyt\u00f6ksill\u00e4\u00e4n, tuumaa Nikki Sixx \u2013 \u201dB\u00e4ndi pelasti h\u00e4nen henkens\u00e4\u201d<\/a><\/p>\n<p>Lue my\u00f6s: <a href=\"https:\/\/www.soundi.fi\/uutiset\/motley-crue-laulaja-paljastaa-saaneensa-aivoinfarktin-jouduin-opettelemaan-kavelemaan-uudelleen\/\" title=\"M\u00f6tley Cr\u00fce -laulaja paljastaa saaneensa aivoinfarktin \u2013 \u201dJouduin opettelemaan k\u00e4velem\u00e4\u00e4n uudelleen\u201d\" class=\"underline-custom !font-montserrat !font-bold !underline-offset-4 !decoration-4 !decoration-tilt-light\" rel=\"nofollow noopener\" target=\"_blank\">M\u00f6tley Cr\u00fce -laulaja paljastaa saaneensa aivoinfarktin \u2013 \u201dJouduin opettelemaan k\u00e4velem\u00e4\u00e4n uudelleen\u201d<\/a><\/p>\n<p>Lue my\u00f6s: <a href=\"https:\/\/www.soundi.fi\/uutiskirje\/\" title=\"Tilaa Soundin uutiskirje\" class=\"underline-custom !font-montserrat !font-bold !underline-offset-4 !decoration-4 !decoration-red-600 !text-md\" rel=\"nofollow noopener\" target=\"_blank\">Tilaa Soundin uutiskirje ja tied\u00e4t mist\u00e4 kahvitauolla puhutaan! Nappaa ajankohtaiset musiikin uutiset ja puheenaiheet suoraan s\u00e4hk\u00f6postiin t\u00e4st\u00e4.<\/a><\/p>\n","protected":false},"excerpt":{"rendered":"M\u00f6tley Cr\u00fce -rumpali Tommy Lee sanoo tuoreessa Bonnie Lauferin haastattelussa asioiden olevan yhtyeen sis\u00e4ll\u00e4 nyt paremmin kuin kenties&hellip;\n","protected":false},"author":2,"featured_media":128006,"comment_status":"","ping_status":"","sticky":false,"template":"","format":"standard","meta":{"footnotes":""},"categories":[132],"tags":[137,33,31,30,195,47,32,109],"class_list":{"0":"post-128005","1":"post","2":"type-post","3":"status-publish","4":"format-standard","5":"has-post-thumbnail","7":"category-musiikki","8":"tag-entertainment","9":"tag-fi","10":"tag-finland","11":"tag-finnish","12":"tag-music","13":"tag-musiikki","14":"tag-suomi","15":"tag-viihde"},"share_on_mastodon":{"url":"https:\/\/pubeurope.com\/@fi\/115802289284182615","error":""},"_links":{"self":[{"href":"https:\/\/www.europesays.com\/fi\/wp-json\/wp\/v2\/posts\/128005","targetHints":{"allow":["GET"]}}],"collection":[{"href":"https:\/\/www.europesays.com\/fi\/wp-json\/wp\/v2\/posts"}],"about":[{"href":"https:\/\/www.europesays.com\/fi\/wp-json\/wp\/v2\/types\/post"}],"author":[{"embeddable":true,"href":"https:\/\/www.europesays.com\/fi\/wp-json\/wp\/v2\/users\/2"}],"replies":[{"embeddable":true,"href":"https:\/\/www.europesays.com\/fi\/wp-json\/wp\/v2\/comments?post=128005"}],"version-history":[{"count":0,"href":"https:\/\/www.europesays.com\/fi\/wp-json\/wp\/v2\/posts\/128005\/revisions"}],"wp:featuredmedia":[{"embeddable":true,"href":"https:\/\/www.europesays.com\/fi\/wp-json\/wp\/v2\/media\/128006"}],"wp:attachment":[{"href":"https:\/\/www.europesays.com\/fi\/wp-json\/wp\/v2\/media?parent=128005"}],"wp:term":[{"taxonomy":"category","embeddable":true,"href":"https:\/\/www.europesays.com\/fi\/wp-json\/wp\/v2\/categories?post=128005"},{"taxonomy":"post_tag","embeddable":true,"href":"https:\/\/www.europesays.com\/fi\/wp-json\/wp\/v2\/tags?post=128005"}],"curies":[{"name":"wp","href":"https:\/\/api.w.org\/{rel}","templated":true}]}}