{"id":128007,"date":"2025-12-29T10:04:08","date_gmt":"2025-12-29T10:04:08","guid":{"rendered":"https:\/\/www.europesays.com\/fi\/128007\/"},"modified":"2025-12-29T10:04:08","modified_gmt":"2025-12-29T10:04:08","slug":"ohjaaja-michael-mann-vahvisti-heat-2-elokuvan-kuvausten-aloituspaivan","status":"publish","type":"post","link":"https:\/\/www.europesays.com\/fi\/128007\/","title":{"rendered":"Ohjaaja Michael Mann vahvisti Heat 2 -elokuvan kuvausten aloitusp\u00e4iv\u00e4n"},"content":{"rendered":"<p>Heat 2 -elokuvan kuvausten aloitusp\u00e4iv\u00e4 on ly\u00f6ty lukkoon.<\/p>\n<p>Elokuvan ohjaava <strong>Michael Mann<\/strong> kertoi The Guardinille elokuvan kuvausten alkavan 3.8.2026.<\/p>\n<p>Warnerilta United Artistsille siirtynyt elokuva tehd\u00e4\u00e4n n. 150 miljoonan dollarin budjetilla ja t\u00e4ht\u00e4\u00e4 ensi-iltaan vuonna 2027. Leffa perustuu Mannin ja <strong>Meg Gardinerin<\/strong> 2022 kirjoittamaan romaaniin, joka toimii sek\u00e4 jatko- ett\u00e4 esiosana vuoden 1995 rikostrilleriklassikolle.<\/p>\n<p>N\u00e4yttelij\u00f6it\u00e4 ei ole viel\u00e4 julkaistu, mutta huhuttu kaarti on: <strong>Leonardo DiCaprio, Christian Bale, Austin Butler ja Adam Driver, Ana de Armas<\/strong> ja rooliinsa palaava <strong>Al Pacino<\/strong>.<\/p>\n<p>Lue my\u00f6s: <a href=\"https:\/\/www.episodi.fi\/uutiset\/tiesitko-tata-val-kilmerin-suoritus-heat-elokuvassa-vakuutti-ammattilaiset-nayttelijan-tyota-kaytetaan-erikoisjoukkojen-koulutuksessa\/\" title=\"Tiesitk\u00f6 t\u00e4t\u00e4? Val Kilmerin suoritus Heat-elokuvassa vakuutti ammattilaiset \u2013 n\u00e4yttelij\u00e4n ty\u00f6t\u00e4 k\u00e4ytet\u00e4\u00e4n erikoisjoukkojen koulutuksessa\" class=\"underline-custom !font-montserrat !font-bold !underline-offset-4 !decoration-4 !decoration-episodi-blue !text-md\" rel=\"nofollow noopener\" target=\"_blank\">Tiesitk\u00f6 t\u00e4t\u00e4? Val Kilmerin suoritus Heat-elokuvassa vakuutti ammattilaiset \u2013 n\u00e4yttelij\u00e4n ty\u00f6t\u00e4 k\u00e4ytet\u00e4\u00e4n erikoisjoukkojen koulutuksessa<\/a><\/p>\n<p>Lue my\u00f6s: <a href=\"https:\/\/www.episodi.fi\/uutiset\/huhu-tama-yllatysnimi-nahdaan-robert-de-niron-tilalla-heat-2-elokuvassa\/\" title=\"Huhu: T\u00e4m\u00e4 yll\u00e4tysnimi n\u00e4hd\u00e4\u00e4n Robert De Niron tilalla Heat 2 -elokuvassa\" class=\"underline-custom !font-montserrat !font-bold !underline-offset-4 !decoration-4 !decoration-episodi-blue !text-md\" rel=\"nofollow noopener\" target=\"_blank\">Huhu: T\u00e4m\u00e4 yll\u00e4tysnimi n\u00e4hd\u00e4\u00e4n Robert De Niron tilalla Heat 2 -elokuvassa<\/a><\/p>\n<p>Mann on aiemmin varoitellut, ett\u00e4 kuvauksia ei aloiteta ennen kuin kaikki on valmista, eli p\u00e4iv\u00e4m\u00e4\u00e4r\u00e4 voi viel\u00e4 el\u00e4\u00e4. Aikataulu vaikuttaa kuitenkin vakiintuneen nyt, kun elokuvan budjettiongelmatkin ovat ratkenneet.<\/p>\n<p>Alkuper\u00e4inen Heat kuvattiin alle vuodessa (107 p\u00e4iv\u00e4\u00e4), mutta jatko-osa voi vaatia pidemm\u00e4n j\u00e4lkik\u00e4sittelyn CGI- ja de-aging-teknologian vuoksi.<\/p>\n<p>L\u00e4hde: <a href=\"https:\/\/screenrant.com\/heat-2-filming-start-date-confirmed-michael-mann\/\" rel=\"nofollow noopener\" target=\"_blank\">ScreenRant<\/a><\/p>\n","protected":false},"excerpt":{"rendered":"Heat 2 -elokuvan kuvausten aloitusp\u00e4iv\u00e4 on ly\u00f6ty lukkoon. Elokuvan ohjaava Michael Mann kertoi The Guardinille elokuvan kuvausten alkavan&hellip;\n","protected":false},"author":2,"featured_media":128008,"comment_status":"","ping_status":"","sticky":false,"template":"","format":"standard","meta":{"footnotes":""},"categories":[131],"tags":[155,137,33,173,31,30,2003,172,32,109],"class_list":{"0":"post-128007","1":"post","2":"type-post","3":"status-publish","4":"format-standard","5":"has-post-thumbnail","7":"category-elokuvat","8":"tag-elokuvat","9":"tag-entertainment","10":"tag-fi","11":"tag-film","12":"tag-finland","13":"tag-finnish","14":"tag-heat-2","15":"tag-movies","16":"tag-suomi","17":"tag-viihde"},"share_on_mastodon":{"url":"https:\/\/pubeurope.com\/@fi\/115802293083932665","error":""},"_links":{"self":[{"href":"https:\/\/www.europesays.com\/fi\/wp-json\/wp\/v2\/posts\/128007","targetHints":{"allow":["GET"]}}],"collection":[{"href":"https:\/\/www.europesays.com\/fi\/wp-json\/wp\/v2\/posts"}],"about":[{"href":"https:\/\/www.europesays.com\/fi\/wp-json\/wp\/v2\/types\/post"}],"author":[{"embeddable":true,"href":"https:\/\/www.europesays.com\/fi\/wp-json\/wp\/v2\/users\/2"}],"replies":[{"embeddable":true,"href":"https:\/\/www.europesays.com\/fi\/wp-json\/wp\/v2\/comments?post=128007"}],"version-history":[{"count":0,"href":"https:\/\/www.europesays.com\/fi\/wp-json\/wp\/v2\/posts\/128007\/revisions"}],"wp:featuredmedia":[{"embeddable":true,"href":"https:\/\/www.europesays.com\/fi\/wp-json\/wp\/v2\/media\/128008"}],"wp:attachment":[{"href":"https:\/\/www.europesays.com\/fi\/wp-json\/wp\/v2\/media?parent=128007"}],"wp:term":[{"taxonomy":"category","embeddable":true,"href":"https:\/\/www.europesays.com\/fi\/wp-json\/wp\/v2\/categories?post=128007"},{"taxonomy":"post_tag","embeddable":true,"href":"https:\/\/www.europesays.com\/fi\/wp-json\/wp\/v2\/tags?post=128007"}],"curies":[{"name":"wp","href":"https:\/\/api.w.org\/{rel}","templated":true}]}}