{"id":128020,"date":"2025-12-29T10:28:09","date_gmt":"2025-12-29T10:28:09","guid":{"rendered":"https:\/\/www.europesays.com\/fi\/128020\/"},"modified":"2025-12-29T10:28:09","modified_gmt":"2025-12-29T10:28:09","slug":"nayttelija-antti-virmavirta-kertoo-ikavasta-vaivastaan-ja-kylma-kausi-sarjasta","status":"publish","type":"post","link":"https:\/\/www.europesays.com\/fi\/128020\/","title":{"rendered":"N\u00e4yttelij\u00e4 Antti Virmavirta kertoo ik\u00e4v\u00e4st\u00e4 vaivastaan ja Kylm\u00e4 kausi -sarjasta"},"content":{"rendered":"<p>\n            20251118, Helsinki. Kylm\u00e4-kausi pressi. Kuvassa Antti Virmavirta.<br \/>\n            Timo Korhonen\n        <\/p>\n<p class=\"subtitle \">Pulkkinen-sarjastakin tuttu Antti Virmavirta hy\u00f6tyliikkuu maatilansa t\u00f6iss\u00e4.<\/p>\n<p class=\"article-content article-content-width !bg-background\">Uudenvuodenp\u00e4iv\u00e4n\u00e4 alkaa Yle Areenassa  luoma draamasarja Kylm\u00e4 kausi, joka kurkistaa naishiiht\u00e4jien maajoukkueen kulisseihin.<\/p>\n<p class=\"article-content article-content-width !bg-background\"> ja  ohjaama sarja on fiktiivinen, mutta tarina on saanut inspiraation tosiel\u00e4m\u00e4st\u00e4.<\/p>\n<p class=\"article-content article-content-width !bg-background\">Hiiht\u00e4jin\u00e4 n\u00e4hd\u00e4\u00e4n n\u00e4yttelij\u00e4t , , ,  ja .<\/p>\n<p class=\"article-content article-content-width !bg-background\">Keskeisess\u00e4 roolissa on ankara maajoukkuevalmentaja Kim, jota n\u00e4yttelee .<\/p>\n<p>                <img decoding=\"async\" src=\"https:\/\/www.europesays.com\/fi\/wp-content\/uploads\/2025\/12\/2008690.webp.jpeg\" width=\"576\" height=\"322\" title=\"N\u00e4yttelij\u00e4 Antti Virmavirta: Ik\u00e4v\u00e4 vaiva\" alt=\"Antti Virmavirta, Kylm\u00e4 kausi -pressi, 2025.\" loading=\"lazy\" \/>            <\/p>\n<p>            Timo Korhonen\n        <\/p>\n<p class=\"article-content article-content-width !bg-background\">Kim on armoton ja kova valmentaja, ja katsojan silmiss\u00e4 h\u00e4nest\u00e4 piirtyy herk\u00e4sti kohtuuttoman ihmisen kuva.<\/p>\n<p class=\"article-content article-content-width !bg-background\">\u2013\tJokaisen hahmon kohdalla t\u00e4ytyy l\u00f6yt\u00e4\u00e4 se, mill\u00e4 tavalla puolustan omaa roolihenkil\u00f6\u00e4ni. Olkoon se sitten kuinka mulkku tahansa. On pakko l\u00f6yt\u00e4\u00e4 se, mihin t\u00e4m\u00e4 kaveri perustaa oman juttunsa, Antti toteaa.<\/p>\n<p>        <a itemprop=\"url\" href=\"https:\/\/www.seiska.fi\/katso\/aino-kaisa-saarinen-nain-suomi-parjaa-hiihdon-mm-kisoissa\/1608072\" rel=\"nofollow noopener\" target=\"_blank\"><\/p>\n<p>\nAino-Kaisa Saarinen:\n<\/p>\n<p class=\"section-date\">\n        <strong class=\"article-section\" data-section=\"katso\"><br \/>\n            katso<br \/>\n        <\/strong><br \/>\n        26.2. 16:15\n    <\/p>\n<p>Aino-Kaisa Saarinen: N\u00e4in Suomi p\u00e4rj\u00e4\u00e4 hiihdon MM-kisoissa\n    <\/p>\n<p itemprop=\"description\" class=\"subtitle \">\n    Edellisiss\u00e4 MM-kisoissa 2023 Suomeen tuli vain yksi mitali.\n<\/p>\n<p>        <\/a><\/p>\n<p>Ymm\u00e4rryst\u00e4 kovalle roolihahmolle<\/p>\n<p class=\"article-content article-content-width !bg-background\">Antilla on pitk\u00e4n uran aikana kehittynyt oma tapansa l\u00e4hesty\u00e4 roolejaan.<\/p>\n<p class=\"article-content article-content-width !bg-background\">\u2013\tYleens\u00e4 aina l\u00e4hden tekem\u00e4\u00e4n hahmolle taustatarinaa eli mik\u00e4 t\u00e4m\u00e4 tyyppi on. Yleens\u00e4 mietin kaikkea, mit\u00e4 k\u00e4sikirjoitukseen ei ole kirjoitettu, ja sill\u00e4 tavalla rakennan sit\u00e4.<\/p>\n<p>                <img decoding=\"async\" src=\"https:\/\/www.europesays.com\/fi\/wp-content\/uploads\/2025\/12\/2008689.webp.jpeg\" width=\"576\" height=\"322\" title=\"Antti olisi miell\u00e4\u00e4n laittanut Kylm\u00e4 kausi -kuvauksissa sukset jalkaan ja siirtynyt itsekin laduille, mutta hiihtolenkki j\u00e4i haaveeksi.\" alt=\"Kylm\u00e4 kausi, 2025, Sannah Nederg\u00e5rd, Antti Virmavirta.\" loading=\"lazy\" \/>            <\/p>\n<p>\n            Antti olisi miell\u00e4\u00e4n laittanut Kylm\u00e4 kausi -kuvauksissa sukset jalkaan ja siirtynyt itsekin laduille, mutta hiihtolenkki j\u00e4i haaveeksi.<br \/>\n            Mitja Licen\/Sanoma\n        <\/p>\n<p class=\"article-content article-content-width !bg-background\">Kylm\u00e4n kauden kuvauksissa Antti koki, ett\u00e4 Kimin rooli oli h\u00e4nelle helppo. Sarjan seuraaminen onkin sitten toinen asia. Silloin n\u00e4yttelij\u00e4\u00e4n iskee kova itsekritiikki.<\/p>\n<p>        <a itemprop=\"url\" href=\"https:\/\/www.seiska.fi\/katso\/kerttu-niskanen-vieraili-salkkareissa\/1695477\" rel=\"nofollow noopener\" target=\"_blank\"><\/p>\n<p>\nMit\u00e4 ihmett\u00e4?\n<\/p>\n<p class=\"section-date\">\n        <strong class=\"article-section\" data-section=\"katso\"><br \/>\n            katso<br \/>\n        <\/strong><br \/>\n        8.5. 10:04\n    <\/p>\n<p>Kerttu Niskanen vieraili Salkkareissa\n    <\/p>\n<p itemprop=\"description\" class=\"subtitle \">\n    Vierailu sai spekulaation siemenen it\u00e4m\u00e4\u00e4n sosiaalisessa mediassa.\n<\/p>\n<p>        <\/a><\/p>\n<p class=\"article-content article-content-width !bg-background\">\u2013\tItsens\u00e4 katsominen on aina yht\u00e4 kauheata. Aika harvoin n\u00e4en omia juttujani. Se ei ole mieluisaa.<\/p>\n<p class=\"article-content article-content-width !bg-background\">\u2013\tMiksi v\u00e4\u00e4nn\u00e4n naamani tuollain, v\u00e4hempikin olisi riitt\u00e4nyt. Taas omasta mielest\u00e4ni n\u00e4yttelemiseni meni \u00f6veriksi. T\u00e4t\u00e4 yleens\u00e4 ensimm\u00e4isen\u00e4 kysyn ohjaajalta, ett\u00e4 menik\u00f6 sinun mielest\u00e4 \u00f6veriksi, n\u00e4yttelink\u00f6 puhki, Antti tunnustaa.<\/p>\n<p class=\"article-content article-content-width !bg-background\">Antilta l\u00f6ytyy ymm\u00e4rryst\u00e4 Akin armotonta valmennusta kohtaan.\u00a0<\/p>\n<p>                <img decoding=\"async\" src=\"https:\/\/www.europesays.com\/fi\/wp-content\/uploads\/2025\/12\/2008691.webp.jpeg\" width=\"576\" height=\"322\" title=\"\u2013 Joitakin rooleja joutuu lukemaan tosi paljon, mutta Kimin rooli oli minulle helppo, Antti sanoo.\" alt=\"Kylm\u00e4 kausi, 2025, Roosa S\u00f6derholm, Antti Virmavirta.\" loading=\"lazy\" \/>            <\/p>\n<p>\n            \u2013 Joitakin rooleja joutuu lukemaan tosi paljon, mutta Kimin rooli oli minulle helppo, Antti sanoo.<br \/>\n            Numi Nummelin\/Sanoma\n        <\/p>\n<p class=\"article-content article-content-width !bg-background\">Suvusta l\u00f6ytyy kaksi vaikuttavaa urheilumiest\u00e4. -is\u00e4 toimi kansainv\u00e4lisen\u00e4 m\u00e4kihyppytuomarina ja Suomen Hiihtoliiton m\u00e4kituomarikerhon puheenjohtajana. N\u00e4yttelij\u00e4n -veli taas on liikuntatieteen tohtori ja yliopistotutkija.\u00a0<\/p>\n<p class=\"article-content article-content-width !bg-background\">\u2013\tSen tied\u00e4n, ettei t\u00e4m\u00e4 sarjan valmennus ollut outoa. Ihmiset ovat niin kilpailuhenkisi\u00e4 ja kateellisia. Se on raadollista mutta ihan arkip\u00e4iv\u00e4\u00e4.<\/p>\n<p class=\"article-content article-content-width !bg-background\">\u2013 Ja olen itse sen tietyn ajan teatterikoulun k\u00e4ynyt, ett\u00e4 kyll\u00e4 tied\u00e4n t\u00e4st\u00e4,  entinen oppilas toteaa.<\/p>\n<p>&#8221;Polvet paskana&#8221;<\/p>\n<p class=\"article-content article-content-width !bg-background\">Lapsuudessaan Antti oli urheilullinen kaveri.<\/p>\n<p class=\"article-content article-content-width !bg-background\">\u2013\tJuniorina kokeilin paljon eri lajeja, kaikki yleisurheilulajit seiv\u00e4shyppy\u00e4 my\u00f6ten, mutta en l\u00f6yt\u00e4nyt omaa lajiani. Jos olisi ollut valmentajia, minusta olisi voinut tulla hyv\u00e4 uimari, n\u00e4yttelij\u00e4 pohtii.\u00a0<\/p>\n<p>                <img decoding=\"async\" src=\"https:\/\/www.europesays.com\/fi\/wp-content\/uploads\/2025\/12\/2008692.webp.jpeg\" width=\"576\" height=\"322\" title=\"Nuorena Antti harrasti m\u00e4kihyppy\u00e4. \u2013 Olin siin\u00e4 huono. Ei minusta olisi ollut kilpailemaan.\" alt=\"Sannah Nederg\u00e5rd, Antti Virmavita, Kylm\u00e4 kausi, 2025.\" loading=\"lazy\" \/>            <\/p>\n<p>\n            Nuorena Antti harrasti m\u00e4kihyppy\u00e4. \u2013 Olin siin\u00e4 huono. Ei minusta olisi ollut kilpailemaan.<br \/>\n            Mitja Licen\/Sanoma\n        <\/p>\n<p class=\"article-content article-content-width !bg-background\">Nyky\u00e4\u00e4n Antti harrastaa enimm\u00e4kseen hy\u00f6tyliikuntaa, jota h\u00e4n saa riitt\u00e4miin, koska asuu vaimonsa, n\u00e4yttelij\u00e4  kanssa maalaistalossa.<\/p>\n<p class=\"article-content article-content-width !bg-background\">\u2013\tSe on semmoinen pieni tila. Nytkin on sormet likaisena, kun huomasin toisen traktorin j\u00e4\u00e4hdyttimen vuotavan. Viimeksi asensin traktorin vetoakselin.<\/p>\n<p class=\"article-content article-content-width !bg-background\">Hiiht\u00e4minen on n\u00e4yttelij\u00e4n mieleen, mutta harrastuksessa on yksi ik\u00e4v\u00e4 hidaste.<\/p>\n<p class=\"article-content article-content-width !bg-background\">\u2013\tMinulla on toinen polvi paskana. Se leikattiin jo juniorina. Olen hyp\u00e4nnyt m\u00e4ke\u00e4, ja olin nuorena yhdistetyss\u00e4. Molemmat polveni hajosivat silloin, ja nyt on viel\u00e4 kulumaa. Hiihdossa esimerkiksi luistelupotku sattuu, n\u00e4yttelij\u00e4 kertoo.<\/p>\n<p>Vaimo ja lapset samalla alalla<\/p>\n<p class=\"article-content article-content-width !bg-background\">Oli melko selv\u00e4\u00e4, ett\u00e4 Antista tuli n\u00e4yttelij\u00e4 eik\u00e4 esimerkiksi kilpauimari.<\/p>\n<p>        <a itemprop=\"url\" href=\"https:\/\/www.seiska.fi\/katso\/manageri-myontaa-antti-tuiskulla-oli-nousta-kusi-paahan\/1984139\" rel=\"nofollow noopener\" target=\"_blank\"><\/p>\n<p>\nAntti Tuisku\n<\/p>\n<p class=\"section-date\">\n        <strong class=\"article-section\" data-section=\"katso\"><br \/>\n            katso<br \/>\n        <\/strong><br \/>\n        5.11. 14:45\n    <\/p>\n<p>Manageri my\u00f6nt\u00e4\u00e4: &#8221;Antti Tuiskulla oli nousta kusi p\u00e4\u00e4h\u00e4n&#8221;\n    <\/p>\n<p itemprop=\"description\" class=\"subtitle \">\n    Antti Tuisku avaa el\u00e4m\u00e4\u00e4ns\u00e4 ja sen kipukohtia Antti Tuisku &#8211; kuolemattomuusprojekti -uutuusdokumentissa.\n<\/p>\n<p>        <\/a><\/p>\n<p class=\"article-content article-content-width !bg-background\">H\u00e4nen \u00e4idin\u00e4itins\u00e4 oli ammattin\u00e4yttelij\u00e4. Antin mukaan omasta \u00e4idist\u00e4kin olisi sellainen pit\u00e4nyt tulla, mutta h\u00e4n p\u00e4\u00e4tyi opettajaksi. \u00c4iti kuitenkin ohjasi n\u00e4ytelmi\u00e4 paikallisessa nuorisotalossa.<\/p>\n<p class=\"article-content article-content-width !bg-background\">Antille n\u00e4yttelij\u00e4n ty\u00f6 on ollut kutsumusammatti. Jo seitsem\u00e4nvuotiaana h\u00e4n lausui runoja\u00a0ja teini-ik\u00e4isen\u00e4 nousi Harjavallan nuorisoteatterin n\u00e4ytt\u00e4m\u00f6lle.\u00a0<\/p>\n<p class=\"article-content article-content-width !bg-background\">Lapsuudenkodista tie vei Helsinkiin Teatterikorkeakouluun, josta h\u00e4n valmistui vuonna 1985.<\/p>\n<p class=\"article-content article-content-width !bg-background\">Minna-vaimo on kiinnityksell\u00e4 Helsingin Ryhm\u00e4teatterissa, Antti on virallisesti el\u00e4kkeell\u00e4.<\/p>\n<p class=\"article-content article-content-width !bg-background\">\u2013\tKun harjoittelen rooliin, min\u00e4 h\u00f6l\u00f6t\u00e4n kaiken sis\u00e4ll\u00f6n kotona, kun taas Minna ei puhu mit\u00e4\u00e4n. H\u00e4n ei jaa ty\u00f6t\u00e4\u00e4n. Minun on pakko h\u00f6l\u00f6tt\u00e4\u00e4. En tied\u00e4, onko siit\u00e4 hy\u00f6ty\u00e4 vai ei, mutta en saa oltua hiljaa, n\u00e4yttelij\u00e4 sanoo.<\/p>\n<p>                <img decoding=\"async\" src=\"https:\/\/www.europesays.com\/fi\/wp-content\/uploads\/2025\/12\/2008695.webp.jpeg\" width=\"576\" height=\"720\" alt=\"Minna ja Antti tapasivat toisensa vuonna 1996 Tampereella. Pitk\u00e4st\u00e4 liitosta on kolme tyt\u00e4rt\u00e4. Kuva on vuodelta 2008.\" loading=\"lazy\" \/>            <\/p>\n<p>\n            Minna ja Antti tapasivat toisensa vuonna 1996 Tampereella. Pitk\u00e4st\u00e4 liitosta on kolme tyt\u00e4rt\u00e4. Kuva on vuodelta 2008.<br \/>\n            Topi Roos\/Allerin kuva-arkisto\n        <\/p>\n<p class=\"article-content article-content-width !bg-background\">Antilla on poika ensimm\u00e4isest\u00e4 avioliitostaan sek\u00e4 kolme tyt\u00e4rt\u00e4 Minnan kanssa. Aikuiset lapset ovat kukin l\u00f6yt\u00e4neet oman paikkansa maailmassa.<\/p>\n<p class=\"article-content article-content-width !bg-background\">Sujuvasti is\u00e4 kertoo j\u00e4lkikasvunsa urapoluista.<\/p>\n<p class=\"article-content article-content-width !bg-background\"> on kuvaajaopiskelija ja toimi Kylm\u00e4 kausi -sarjassa harjoittelijana.\u00a0Samaa alaa opiskelee  Metropoliassa, jonne h\u00e4n p\u00e4\u00e4tyi lukion, ammattikoulun ja armeijan kautta.\u00a0 on elokuva- ja tv-tuottaja, h\u00e4n tekee parhaillaan Aalto-yliopistossa maisterity\u00f6t\u00e4.<\/p>\n<p class=\"article-content article-content-width !bg-background\">Esikoinen  ty\u00f6skentelee Helsingin Kaupunginteatterissa \u00e4\u00e4nimestarina.\u00a0<\/p>\n<p class=\"article-content article-content-width !bg-background\">\u2013\u00a0Kyll\u00e4 olen ylpe\u00e4 heist\u00e4, Antti toteaa.<\/p>\n<p class=\"article-content article-content-width !bg-background\">Kylm\u00e4 kausi alkaa torstaina 1. tammikuuta Yle Areenassa sek\u00e4 sunnuntaina 4. tammikuuta klo 21.00 TV1:ll\u00e4.<\/p>\n<p>        <a itemprop=\"url\" href=\"https:\/\/www.seiska.fi\/katso\/legendaarinen-sketsisarja-tekee-paluun\/1954433\" rel=\"nofollow noopener\" target=\"_blank\"><\/p>\n<p>\nYll\u00e4tysuutinen\n<\/p>\n<p class=\"section-date\">\n        <strong class=\"article-section\" data-section=\"katso\"><br \/>\n            katso<br \/>\n        <\/strong><br \/>\n        7.10. 15:45\n    <\/p>\n<p>Legendaarinen sketsisarja tekee paluun\n    <\/p>\n<p itemprop=\"description\" class=\"subtitle \">\n    Vuosituhannen vaihteessa katsojia riemastuttanut sarja saa uuden el\u00e4m\u00e4n.\n<\/p>\n<p>        <\/a><\/p>\n","protected":false},"excerpt":{"rendered":"20251118, Helsinki. Kylm\u00e4-kausi pressi. Kuvassa Antti Virmavirta. Timo Korhonen Pulkkinen-sarjastakin tuttu Antti Virmavirta hy\u00f6tyliikkuu maatilansa t\u00f6iss\u00e4. Uudenvuodenp\u00e4iv\u00e4n\u00e4 alkaa&hellip;\n","protected":false},"author":2,"featured_media":128021,"comment_status":"","ping_status":"","sticky":false,"template":"","format":"standard","meta":{"footnotes":""},"categories":[133],"tags":[22523,13235,1192,22522,137,33,31,30,2382,2095,22727,22733,22520,6965,22518,22517,99,1232,10357,4220,22732,22731,1342,22730,22525,22729,22526,22527,22528,32,11307,206,156,22734,4949,22728,109,1149],"class_list":{"0":"post-128020","1":"post","2":"type-post","3":"status-publish","4":"format-standard","5":"has-post-thumbnail","7":"category-televisiot","8":"tag-akseli-tuomivaara","9":"tag-antti-virmavirta","10":"tag-draamasarja","11":"tag-edit-williams","12":"tag-entertainment","13":"tag-fi","14":"tag-finland","15":"tag-finnish","16":"tag-haastattelu","17":"tag-hiihto","18":"tag-iitu-virmavirta","19":"tag-jaakko-virmavirta","20":"tag-jemina-jokisalo","21":"tag-jouko-turkka","22":"tag-kreeta-salminen","23":"tag-kylma-kausi","24":"tag-lapset","25":"tag-lapsuus","26":"tag-maajoukkue","27":"tag-makihyppy","28":"tag-minna-suuronen","29":"tag-myrsky-virmavirta","30":"tag-nayttelija","31":"tag-nuorisoteatteri","32":"tag-petra-lumioksa","33":"tag-polvet","34":"tag-reetta-yla-rautio","35":"tag-roosa-soderholm","36":"tag-sannah-nedergard","37":"tag-suomi","38":"tag-teatterikorkeakoulu","39":"tag-televisiot","40":"tag-tv","41":"tag-urheiluvamma","42":"tag-valmennus","43":"tag-varpu-virmavirta","44":"tag-viihde","45":"tag-yle"},"share_on_mastodon":{"url":"","error":"Validation failed: Text character limit of 500 exceeded"},"_links":{"self":[{"href":"https:\/\/www.europesays.com\/fi\/wp-json\/wp\/v2\/posts\/128020","targetHints":{"allow":["GET"]}}],"collection":[{"href":"https:\/\/www.europesays.com\/fi\/wp-json\/wp\/v2\/posts"}],"about":[{"href":"https:\/\/www.europesays.com\/fi\/wp-json\/wp\/v2\/types\/post"}],"author":[{"embeddable":true,"href":"https:\/\/www.europesays.com\/fi\/wp-json\/wp\/v2\/users\/2"}],"replies":[{"embeddable":true,"href":"https:\/\/www.europesays.com\/fi\/wp-json\/wp\/v2\/comments?post=128020"}],"version-history":[{"count":0,"href":"https:\/\/www.europesays.com\/fi\/wp-json\/wp\/v2\/posts\/128020\/revisions"}],"wp:featuredmedia":[{"embeddable":true,"href":"https:\/\/www.europesays.com\/fi\/wp-json\/wp\/v2\/media\/128021"}],"wp:attachment":[{"href":"https:\/\/www.europesays.com\/fi\/wp-json\/wp\/v2\/media?parent=128020"}],"wp:term":[{"taxonomy":"category","embeddable":true,"href":"https:\/\/www.europesays.com\/fi\/wp-json\/wp\/v2\/categories?post=128020"},{"taxonomy":"post_tag","embeddable":true,"href":"https:\/\/www.europesays.com\/fi\/wp-json\/wp\/v2\/tags?post=128020"}],"curies":[{"name":"wp","href":"https:\/\/api.w.org\/{rel}","templated":true}]}}