{"id":128031,"date":"2025-12-29T10:38:09","date_gmt":"2025-12-29T10:38:09","guid":{"rendered":"https:\/\/www.europesays.com\/fi\/128031\/"},"modified":"2025-12-29T10:38:09","modified_gmt":"2025-12-29T10:38:09","slug":"ihmisten-joulumielta-kaytettiin-harskisti-hyvaksi-sosiaalisessa-mediassa-varsinais-suomi","status":"publish","type":"post","link":"https:\/\/www.europesays.com\/fi\/128031\/","title":{"rendered":"Ihmisten joulumielt\u00e4 k\u00e4ytettiin h\u00e4rskisti hyv\u00e4ksi sosiaalisessa mediassa | Varsinais-Suomi"},"content":{"rendered":"<p class=\"aw-1gybjub aw-5vja16 kEtdKx kmuxyA yle__article__paragraph\">Monilla suomalaisilla oli halu auttaa joulun alla. Avun tarve oli suuri, mutta joukossa oli my\u00f6s onnenonkijoita.<\/p>\n<p><img decoding=\"async\" alt=\"Joulukoristeita kuusen oksilla.\" src=\"https:\/\/www.europesays.com\/fi\/wp-content\/uploads\/2025\/12\/39-15733686949062734771.jpeg\" class=\"aw-1l9m598 hKVVvP\"\/><\/p>\n<p>Avaa kuvien katselu<\/p>\n<p>Joulunaika saa ihmisten auttamishalun her\u00e4\u00e4m\u00e4\u00e4n. Kuva: Mikko Savolainen \/ Yle<\/p>\n<p class=\"aw-1gybjub aw-1p7kakr kEtdKx cEmitX yle__article__paragraph\">Huijarit k\u00e4yttiv\u00e4t ihmisten auttamishalua hyv\u00e4ksi joulun alla.<\/p>\n<p class=\"aw-1gybjub aw-1p7kakr kEtdKx cEmitX yle__article__paragraph\">Sosiaalisen median ryhmiss\u00e4 julkaistiin anonyymeja avunpyynt\u00f6j\u00e4, joissa kerrottiin rahojen olevan loppu, eik\u00e4 lapsille ole jouluksi ruokaa tai lahjoja.<\/p>\n<p class=\"aw-1gybjub aw-1p7kakr kEtdKx cEmitX yle__article__paragraph\">Esimerkiksi Turun Puskaradio sulki kommentoinnin t\u00e4llaisesta avunpyynn\u00f6st\u00e4 maanantaina, kaksi p\u00e4iv\u00e4\u00e4 ennen jouluaattoa.<\/p>\n<p>\u201dJoka vuosi eri tarina\u201d<\/p>\n<p class=\"aw-1gybjub aw-1p7kakr kEtdKx cEmitX yle__article__paragraph\">Turun Seudun Mamit -ryhm\u00e4n perustaja <strong class=\"aw-ak79eh KyCXm yle__article__strong\">Tina Hilck<\/strong> pit\u00e4\u00e4 huijausyrityksi\u00e4 harmillisina, koska niist\u00e4 k\u00e4rsiv\u00e4t eniten oikeasti apua tarvitsevat.<\/p>\n<p class=\"aw-1gybjub aw-1p7kakr kEtdKx cEmitX yle__article__paragraph\">\u2013 Heit\u00e4, jotka kaipaavat aidosti apua, on aivan \u00e4lyt\u00f6n m\u00e4\u00e4r\u00e4. Heist\u00e4 l\u00e4hesk\u00e4\u00e4n jokainen ei kehtaa hakea apua.<\/p>\n<p class=\"aw-1gybjub aw-1p7kakr kEtdKx cEmitX yle__article__paragraph\">Turun Seudun Mameissa on 15 000 j\u00e4sent\u00e4, ja ryhm\u00e4n kautta ker\u00e4t\u00e4\u00e4n ymp\u00e4ri vuoden lahjoituksia apua tarvitseville. N\u00e4ihin henkil\u00f6ihin yll\u00e4pit\u00e4j\u00e4t ovat henkil\u00f6kohtaisesti yhteydess\u00e4.<\/p>\n<p class=\"aw-1gybjub aw-1p7kakr kEtdKx cEmitX yle__article__paragraph\">Sosiaalisessa mediassa voi olla Hilckin mukaan vaikea tunnistaa, kuka on oikeasti avun tarpeessa.<\/p>\n<p class=\"aw-1gybjub aw-1p7kakr kEtdKx cEmitX yle__article__paragraph\">\u2013 Meill\u00e4kin on ryhm\u00e4ss\u00e4 henkil\u00f6it\u00e4, jotka joka vuosi hakevat jouluapuja, vaikka pitkin vuotta tuntuvat p\u00e4rj\u00e4\u00e4v\u00e4n hyvin. On heit\u00e4, jotka joka vuosi kertovat eri tarinan. Sitten on heit\u00e4, joista tulee aidosti olo, ett\u00e4 tarvitsevat apua, Hilck kuvailee.<\/p>\n<p>Tuttu ilmi\u00f6 my\u00f6s joululahjaker\u00e4\u00e4j\u00e4lle<\/p>\n<p class=\"aw-1gybjub aw-1p7kakr kEtdKx cEmitX yle__article__paragraph\">My\u00f6s <strong class=\"aw-ak79eh KyCXm yle__article__strong\">Sari Pesonen<\/strong> tunnistaa ilmi\u00f6n.<\/p>\n<p class=\"aw-1gybjub aw-1p7kakr kEtdKx cEmitX yle__article__paragraph\">H\u00e4n koordinoi Salossa vuosittain j\u00e4rjestett\u00e4v\u00e4\u00e4 Anna tukesi -joululahjaker\u00e4yst\u00e4. Ker\u00e4yksen kautta jaettiin joululahjoja 700 salolaiselle, mutta ker\u00e4ykseen tuli kymmeni\u00e4 pyynt\u00f6j\u00e4 my\u00f6s Salon ulkopuolelta.<\/p>\n<p class=\"aw-1gybjub aw-1p7kakr kEtdKx cEmitX yle__article__paragraph\">\u2013 Vaikea sanoa, kuinka paljon joukossa oli sellaisia, jotka pyyt\u00e4v\u00e4t apua monesta ryhm\u00e4st\u00e4. Olen huomannut, ett\u00e4 heill\u00e4, jotka tarvitsevat apua eniten, on yleens\u00e4 korkein kynnys pyyt\u00e4\u00e4 sit\u00e4.<\/p>\n<p class=\"aw-1gybjub aw-1p7kakr kEtdKx cEmitX yle__article__paragraph\">Ylen n\u00e4kemiss\u00e4, somessa julkaistuissa avunpyynn\u00f6iss\u00e4 on vedottu siihen, ett\u00e4 apua tarvitseva on j\u00e4\u00e4nyt yll\u00e4tt\u00e4en ilman luvattua lahjakorttia tai lahjoja.<\/p>\n<p class=\"aw-1gybjub aw-1p7kakr kEtdKx cEmitX yle__article__paragraph\">Anna tukesi -ker\u00e4yksell\u00e4 on Pesosen mukaan t\u00e4llaisia tilanteita varten h\u00e4t\u00e4vararahasto, josta k\u00e4yd\u00e4\u00e4n ostamassa lahjoja viel\u00e4 jouluaattona.<\/p>\n<p class=\"aw-1gybjub aw-1p7kakr kEtdKx cEmitX yle__article__paragraph\">Pesonen on my\u00f6s itse n\u00e4hnyt avunpyynt\u00f6j\u00e4 sosiaalisessa medissa.<\/p>\n<p class=\"aw-1gybjub aw-1p7kakr kEtdKx cEmitX yle__article__paragraph\">\u2013 Itse lahjoittaisin mieluummin ehk\u00e4 ker\u00e4yksen kautta, koska niiss\u00e4 on jonkinlainen seula, jolla avuntarvetta pyrit\u00e4\u00e4n varmistamaan. Mekin teimme ker\u00e4yksess\u00e4 yhteisty\u00f6t\u00e4 Salon perhety\u00f6n ja sosiaalitoimen kanssa.<\/p>\n","protected":false},"excerpt":{"rendered":"Monilla suomalaisilla oli halu auttaa joulun alla. Avun tarve oli suuri, mutta joukossa oli my\u00f6s onnenonkijoita. Avaa kuvien&hellip;\n","protected":false},"author":2,"featured_media":128032,"comment_status":"","ping_status":"","sticky":false,"template":"","format":"standard","meta":{"footnotes":""},"categories":[12],"tags":[22,23,26,27,33,31,30,17,5630,16698,71,18777,24,25,28,29,15,18,21,1028,32,19,20,16,663],"class_list":{"0":"post-128031","1":"post","2":"type-post","3":"status-publish","4":"format-standard","5":"has-post-thumbnail","7":"category-suomi","8":"tag-breaking-news","9":"tag-breakingnews","10":"tag-featured-news","11":"tag-featurednews","12":"tag-fi","13":"tag-finland","14":"tag-finnish","15":"tag-headlines","16":"tag-hyvantekevaisyys","17":"tag-joululahjat","18":"tag-kotimaa","19":"tag-lahjoitukset","20":"tag-latest-news","21":"tag-latestnews","22":"tag-main-news","23":"tag-mainnews","24":"tag-news","25":"tag-otsikot","26":"tag-paauutiset","27":"tag-sosiaalinen-media","28":"tag-suomi","29":"tag-top-stories","30":"tag-topstories","31":"tag-uutiset","32":"tag-varsinais-suomi"},"share_on_mastodon":{"url":"https:\/\/pubeurope.com\/@fi\/115802426930104157","error":""},"_links":{"self":[{"href":"https:\/\/www.europesays.com\/fi\/wp-json\/wp\/v2\/posts\/128031","targetHints":{"allow":["GET"]}}],"collection":[{"href":"https:\/\/www.europesays.com\/fi\/wp-json\/wp\/v2\/posts"}],"about":[{"href":"https:\/\/www.europesays.com\/fi\/wp-json\/wp\/v2\/types\/post"}],"author":[{"embeddable":true,"href":"https:\/\/www.europesays.com\/fi\/wp-json\/wp\/v2\/users\/2"}],"replies":[{"embeddable":true,"href":"https:\/\/www.europesays.com\/fi\/wp-json\/wp\/v2\/comments?post=128031"}],"version-history":[{"count":0,"href":"https:\/\/www.europesays.com\/fi\/wp-json\/wp\/v2\/posts\/128031\/revisions"}],"wp:featuredmedia":[{"embeddable":true,"href":"https:\/\/www.europesays.com\/fi\/wp-json\/wp\/v2\/media\/128032"}],"wp:attachment":[{"href":"https:\/\/www.europesays.com\/fi\/wp-json\/wp\/v2\/media?parent=128031"}],"wp:term":[{"taxonomy":"category","embeddable":true,"href":"https:\/\/www.europesays.com\/fi\/wp-json\/wp\/v2\/categories?post=128031"},{"taxonomy":"post_tag","embeddable":true,"href":"https:\/\/www.europesays.com\/fi\/wp-json\/wp\/v2\/tags?post=128031"}],"curies":[{"name":"wp","href":"https:\/\/api.w.org\/{rel}","templated":true}]}}