{"id":128037,"date":"2025-12-29T10:52:09","date_gmt":"2025-12-29T10:52:09","guid":{"rendered":"https:\/\/www.europesays.com\/fi\/128037\/"},"modified":"2025-12-29T10:52:09","modified_gmt":"2025-12-29T10:52:09","slug":"oulun-kaupungintalon-kellariin-avautuu-ainutlaatuinen-nayttely-kiasman-kokoelmasta-voi-saada-korvamadon","status":"publish","type":"post","link":"https:\/\/www.europesays.com\/fi\/128037\/","title":{"rendered":"Oulun kaupungintalon kellariin avautuu ainutlaatuinen n\u00e4yttely \u2013 Kiasman kokoelmasta voi saada korvamadon"},"content":{"rendered":"<p>\n      Oulun kaupungintalon alakerrassa vaeltaa robotti-imurin n\u00e4k\u00f6inen laite. Vekottimeen on kiinnitetty vinksalleen keppej\u00e4 ja viittoja, joissa esiintyy n\u00e4k\u00f6testist\u00e4 tuttuja E-kirjaimia osoittamassa eri suuntiin.\n    <\/p>\n<p>\n      T\u00e4st\u00e4 videokuvasta alkaa n\u00e4yttely Korvamato \u2013 Mediataidetta Kiasmasta. Kokonaisuus esittelee kuusi mediataidetta edustavaa teosta Kansallisgallerian mittavasta kokoelmasta.\n    <\/p>\n<p class=\"article__paragraph\">\n      Matalan ala-aulan on valloittanut Jaakko Pietil\u00e4isen videoteos Sentences vuodelta 2023.\n    <\/p>\n<p class=\"article__paragraph\">\n      \u2013\u202fT\u00e4m\u00e4 on kiehtova, tuore teos, kuraattori Saara Karhunen esittelee.\n    <\/p>\n<p class=\"article__paragraph\">\n      H\u00e4n on matkustanut Helsingist\u00e4 ripustamaan Oulu 2026 -ohjelmaan kuuluvaa Kiasman Korvamatoa.\n    <\/p>\n<p class=\"article__paragraph\">\n      20 minuuttia pitk\u00e4 video on projisoitu lattiasta laipioon. Isokokoinen teos sotkee helposti huoneessa olijan paikkaorientaation. N\u00e4ytt\u00e4\u00e4 silt\u00e4 kuin nurkassa olisi ylim\u00e4\u00e4r\u00e4inen tilapullistuma.\n    <\/p>\n<p class=\"article__paragraph\">\n      \u2013 Teoksen tunnelma sopii hyvin n\u00e4ihin mataliin kellaritiloihin. Teoksessa n\u00e4kyv\u00e4 katto ja tilan katto kohtaavat.\n    <\/p>\n<p class=\"article__paragraph\">\n      Karhunen kertoo, ett\u00e4 Pietil\u00e4isen teos oli yleis\u00f6n suosikki, kun se oli esill\u00e4 Kiasman kokoelman\u00e4yttelyss\u00e4 kaksi vuotta sitten.\n    <\/p>\n<p class=\"article__paragraph\">\n      \u2013\u202fIhmiset nauliintuivat teoksen \u00e4\u00e4reen. On kiinnostavaa, k\u00e4yk\u00f6 Oulussa samoin.\n    <\/p>\n<p>&#8221;Kiasmallekin on kiva, ett\u00e4 voimme laajentua maantieteellisesti pohjoisemmas. N\u00e4yttely on pieni Kiasma-satelliitti Pohjois-Suomessa.&#8221;<\/p>\n<p>\n                Saara Karhunen\n              <\/p>\n<p>\n                  kuraattori\n                <\/p>\n<p class=\"article__paragraph\">\n      Tammikuun puoliv\u00e4liss\u00e4 avautuvan Korvamadon ripustus on jo pitk\u00e4ll\u00e4. Ilmainen n\u00e4yttely on esill\u00e4 vuoden loppuun saakka.\n    <\/p>\n<p class=\"article__paragraph\">\n      Kuraattori Saara Karhunen valikoi mukaan kuusi erilaista tekij\u00e4\u00e4.\n    <\/p>\n<p class=\"article__paragraph\">\n      \u2013 Valinta oli t\u00e4ss\u00e4 tapauksessa tosi mukavaa. Ajattelin Oulua paikkana ja paikallisuutta laajemminkin. Teknologiakaupunkiin sopii mediataide, joka on l\u00e4heisess\u00e4 suhteessa aikansa teknologioihin, h\u00e4n kertoo.\n    <\/p>\n<p class=\"article__paragraph\">\n      \u2013 Aika nopeasti alkoi hahmottumaan, ett\u00e4 \u00e4\u00e4ni ja musiikki voisivat toimia hyv\u00e4n\u00e4 kehyksen\u00e4 t\u00e4lle n\u00e4yttelylle.\n    <\/p>\n<p class=\"article__paragraph\">\n      Mediataidetta edustavia teoksia Kansallisgallerian yhteens\u00e4 43 400 teoksen kokoelmassa on noin 900. Suuri m\u00e4\u00e4r\u00e4 ei kuitenkaan aiheuttanut valinnan tuskaa.\n    <\/p>\n<p class=\"article__paragraph\">\n      Ouluun valittujen teosten aikakaari on kolmekymment\u00e4 vuotta. N\u00e4yttelyn vanhimmat teokset ovat 1990-luvulta ja tuorein vuodelta 2023. Otos on kuraattorin omasta mielest\u00e4 monipuolinen.\n    <\/p>\n<p>    <img decoding=\"async\" class=\"responsive-image article__image-image lozad\"   src=\"https:\/\/www.europesays.com\/fi\/wp-content\/uploads\/2025\/12\/KQpldvk2CGQDnv6M83u-kRvE0cBywP35_-cEvktB7eqqYesO9l87rlANGGNo3nAOAqOR5T6sMHANOmitcyvsODwrOsuAr3TFt2w2.jpeg\" alt=\"Jaakko Pietil\u00e4isen videoteoksessa Sentences kamera hypp\u00e4\u00e4 seinien ja kattojen l\u00e4pi, ja tilat n\u00e4hd\u00e4\u00e4n n\u00e4k\u00f6kulmahenkil\u00f6n silmin. T\u00e4llainen ilmaisu on tuttua videopeleist\u00e4. Kuraattori Saara Karhunen kertoo, ett\u00e4 Kiasman kokoelman\u00e4yttelyss\u00e4 ihmiset nauliintuivat t\u00e4m\u00e4n teoksen \u00e4\u00e4reen.\"\/><\/p>\n<p>\n                Jaakko Pietil\u00e4isen videoteoksessa Sentences kamera hypp\u00e4\u00e4 seinien ja kattojen l\u00e4pi, ja tilat n\u00e4hd\u00e4\u00e4n n\u00e4k\u00f6kulmahenkil\u00f6n silmin. T\u00e4llainen ilmaisu on tuttua videopeleist\u00e4. Kuraattori Saara Karhunen kertoo, ett\u00e4 Kiasman kokoelman\u00e4yttelyss\u00e4 ihmiset nauliintuivat t\u00e4m\u00e4n teoksen \u00e4\u00e4reen.\n              <\/p>\n<p>\n                Kuva: Jukka-Pekka Moilanen\n              <\/p>\n<p class=\"article__paragraph\">\n      N\u00e4yttelyn taiteilijoista Otto Bystr\u00f6m on syntyisin Oulusta. H\u00e4nelt\u00e4 valikoitui esille teos nimelt\u00e4\u00e4n 9 miljardia sovellusta, joka on valmistunut 2019.\n    <\/p>\n<p class=\"article__paragraph\">\n      Bystr\u00f6min videoteos on kollaasimaisen ja kantaottava. Videoteoksen piirretty maisema, wc-p\u00f6ntt\u00f6, teksti ja musiikki ovat taiteilijan internetist\u00e4 ostamaa tai l\u00f6yt\u00e4m\u00e4\u00e4 materiaalia.\n    <\/p>\n<p class=\"article__paragraph\">\n      Vessanp\u00f6nt\u00f6n hahmolle suuhun laitettu puhe viittaa Metan omistajan Mark Zuckerbergin ja er\u00e4\u00e4n p\u00e4\u00e4omasijoittajan ajatustenvaihtoon sosiaalisen median yhteiskunnallisista vaikutuksista.\n    <\/p>\n<p class=\"article__paragraph\">\n      Pohjoista n\u00e4yttelyss\u00e4 edustaa my\u00f6s Mika Taanilan \u00a0varhainen teos. Se on Utaj\u00e4rvell\u00e4 perustetulle rock-yhtyeelle 22-Pistepirkolle ohjattu ja yhdess\u00e4 b\u00e4ndin kanssa ideoitu Birdy vuodelta 1993.\n    <\/p>\n<p class=\"article__paragraph\">\n      Musiikkivideon Birdy on lintup\u00e4inen hahmo, joka katsoo televisiosta p\u00e4tki\u00e4 1960- ja 1970-lukujen elokuvista ja lasketteluonnettomuusvideosta.\n    <\/p>\n<p class=\"article__paragraph\">\n      \u2013\u202fJo hyvin nuorena taiteilijana Taanila teki tosi kunnianhimoisia ja aika kokeellisia musiikkivideoita, Karhunen toteaa.\n    <\/p>\n<p class=\"article__paragraph\">\n      \u2013\u202fNe on televisioon tehtyj\u00e4 teoksia ja hankittu Kiasman kokoelmaan 1990-luvulla.\n    <\/p>\n<p class=\"article__paragraph\">\n      Taanilan elokuvia on alusta asti n\u00e4hty my\u00f6s Oulun musiikkivideofestivaalilla, joka perustettiin 1994.\n    <\/p>\n<p>    <img decoding=\"async\" class=\"responsive-image article__image-image lozad\"   src=\"https:\/\/www.europesays.com\/fi\/wp-content\/uploads\/2025\/12\/-k85u-0XPvGq3IbRMjymT40kZDRZMQoNQRPRh0bwt5FB1vogWSLdcPQxJEX_o_qKMO-rG5LQ43G7jd9iDL1cyl7SZh49NlWi2XLy.jpeg\" alt=\"Raakel Kuukan Rumpali vuodelta 2003 on muotokuva h\u00e4nen Regina-sisarestaan, joka soittaa teoksessa tarttuvaa polkkakomppia. Kahdesta eri kestoisesta videosta muodostuva muotokuva on jatkuvassa muutoksen tilassa.\"\/><\/p>\n<p>\n                Raakel Kuukan Rumpali vuodelta 2003 on muotokuva h\u00e4nen Regina-sisarestaan, joka soittaa teoksessa tarttuvaa polkkakomppia. Kahdesta eri kestoisesta videosta muodostuva muotokuva on jatkuvassa muutoksen tilassa.\n              <\/p>\n<p>\n                Kuva: Jukka-Pekka Moilanen\n              <\/p>\n<p class=\"article__paragraph\">\n      Oulun kaupungintalon alakerran huoneet ovat hyvin matalia. Totta kai my\u00f6s tilan ominaisuudet vaikuttivat siihen, mit\u00e4 teoksia Korvamato-n\u00e4yttelyyn kannatti Kansallisgallerian runsaudensarvesta poimia.\n    <\/p>\n<p class=\"article__paragraph\">\n      \u2013\u202fKellarikerros on hyvin erilainen n\u00e4yttelytila kuin Kiasma tai museo, kuraattori vertaa.\n    <\/p>\n<p class=\"article__paragraph\">\n      \u2013\u202fPiti mietti\u00e4, millaiset videoteokset sopivat n\u00e4ihin saleihin ja toimivat t\u00e4\u00e4ll\u00e4 hyvin.\n    <\/p>\n<p class=\"article__paragraph\">\n      Mediataide on suhteellisen uusi taiteen muoto kuvataiteen historiassa, Karhunen huomauttaa.\n    <\/p>\n<p class=\"article__paragraph\">\n      Mediataide tarkoittaa taidetta, joka hy\u00f6dynt\u00e4\u00e4 erilaisia s\u00e4hk\u00f6isi\u00e4 teknologioita ja s\u00e4hk\u00f6isi\u00e4 viestimi\u00e4.\n    <\/p>\n<p class=\"article__paragraph\">\n      \u2013 Se on perusluonteeltaan uuden ilmaisun etsimist\u00e4 ja uuden hakemista. Viel\u00e4 1990-luvulla mediataide oli ehk\u00e4 jopa v\u00e4h\u00e4n v\u00e4liinputoaja, mutta nykyisin se on todella nykytaiteen keski\u00f6ss\u00e4.\n    <\/p>\n<p>    <img decoding=\"async\" class=\"responsive-image article__image-image lozad\"   src=\"https:\/\/www.europesays.com\/fi\/wp-content\/uploads\/2025\/12\/VTryWGO3BmIJNx_ApwUKnDjexbPGVHkeDV3s9YUEqqphlngla_98qN0s94RdPZNjYAoKpzXp4wePVHu0XVva6LxgPox2lPMQth-K.jpeg\" alt=\"Mediataiteen n\u00e4yttelylle keksi nimen kuraattori Saara Karhunen, kun 22-Pistepirkon Birdy j\u00e4i h\u00e4nen korviinsa soimaan. Vaikka korvamato voi olla my\u00f6s harmillinen ilmi\u00f6, Karhunen lohduttaa, ett\u00e4 n\u00e4yttely sis\u00e4lt\u00e4\u00e4 vain hyvi\u00e4 biisej\u00e4.\"\/><\/p>\n<p>\n                Mediataiteen n\u00e4yttelylle keksi nimen kuraattori Saara Karhunen, kun 22-Pistepirkon Birdy j\u00e4i h\u00e4nen korviinsa soimaan. Vaikka korvamato voi olla my\u00f6s harmillinen ilmi\u00f6, Karhunen lohduttaa, ett\u00e4 n\u00e4yttely sis\u00e4lt\u00e4\u00e4 vain hyvi\u00e4 biisej\u00e4.\n              <\/p>\n<p>\n                Kuva: Jukka-Pekka Moilanen\n              <\/p>\n<p class=\"article__paragraph\">\n      Korvamato on kiva nimi mediataiteen n\u00e4yttelylle. Nimen keksi Saara Karhunen itse.\n    <\/p>\n<p class=\"article__paragraph\">\n      \u2013 Nimi tuli ihan siit\u00e4, kun katsoin teoksia ja t\u00f6ist\u00e4 l\u00e4hdetty\u00e4ni huomasin, ett\u00e4 korvissani soi 22-Pistepirkon Birdy, h\u00e4n kertoo.\n    <\/p>\n<p class=\"article__paragraph\">\n      Nimen taustalla on siis kuraattorin oma aito kokemus.\n    <\/p>\n<p class=\"article__paragraph\">\n      \u00c4\u00e4nen erityisest\u00e4 ilmaisuvoimasta kertoo my\u00f6s aivojen kyky saada musiikki toistumaan korvamatona p\u00e4\u00e4ss\u00e4. Osa mielt\u00e4\u00e4 ilmi\u00f6n ik\u00e4v\u00e4ksi tai harmilliseksi.\n    <\/p>\n<p class=\"article__paragraph\">\n      \u2013 Korvamatojen tarttuminen on t\u00e4\u00e4ll\u00e4 mahdollista. Mutta n\u00e4yttely sis\u00e4lt\u00e4\u00e4 vain hyvi\u00e4 biisej\u00e4, Karhunen lohduttaa.\n    <\/p>\n<p class=\"article__paragraph\">\n      Kamera-ajo Jaakko Pietil\u00e4isen Sentences-teoksessa jatkuu ja kulkee l\u00e4pi asuinhuoneistojen, toimistojen ja k\u00e4yt\u00e4vien. Autiot tilat seuraavat toisiaan kuin p\u00e4\u00e4ttym\u00e4t\u00f6n labyrintti.\n    <\/p>\n<p class=\"article__paragraph\">\n      Kamera hypp\u00e4\u00e4 seinien ja kattojen l\u00e4pi, ja tilat n\u00e4hd\u00e4\u00e4n n\u00e4k\u00f6kulmahenkil\u00f6n silmin. T\u00e4llainen ilmaisu on tuttua videopeleist\u00e4.\n    <\/p>\n<p class=\"article__paragraph\">\n      \u2013 Vaikka teoksen paikka on todellisen n\u00e4k\u00f6inen, kaikki on t\u00e4ysin digitaalisesti rakennettua, Karhunen huomauttaa.\n    <\/p>\n<p class=\"article__paragraph\">\n      H\u00e4n kiinnitt\u00e4\u00e4 huomion teoksen hienovaraiseen \u00e4\u00e4nisuunnitteluun.\n    <\/p>\n<p class=\"article__paragraph\">\n      \u2013\u202fSe on hyvin keskeinen osa teoksen voimaa. Kuuluu liikkuvan henkil\u00f6n askelia, pieni\u00e4 t\u00f6m\u00e4hdyksi\u00e4 ja tilasta tulevia mikron ja paloh\u00e4lytyksen \u00e4\u00e4ni\u00e4. Teoksen lopussa on kohtaus, jossa kuoro laulaa osan Claudio Monteverdin barokkioopperasta Lamento d\u2019Ariana.\n    <\/p>\n<p class=\"article__paragraph\">\n      Kannattaa siis katsoa ja kuunnella loppuun.\n    <\/p>\n<p class=\"article__paragraph\">\n      Karhusen mielest\u00e4 Korvamato-n\u00e4yttely sopii laajalle yleis\u00f6lle.\n    <\/p>\n<p class=\"article__paragraph\">\n      \u2013\u202fT\u00e4m\u00e4 on aika ainutlaatuinen kokonaisuus t\u00e4\u00e4ll\u00e4 Oulussa. Kiasmallekin on kiva, ett\u00e4 voimme laajentua maantieteellisesti pohjoisemmas. N\u00e4yttely on pieni Kiasma-satelliitti Pohjois-Suomessa.\n    <\/p>\n<p>\n      Korvamato \u2013 Mediataidetta Kiasmasta, Oulun kaupungintalo 15.1.\u201331.12.2026. N\u00e4yttely on ilmainen. K\u00e4ynti Hallituskadun puolelta. Vierailuaika pit\u00e4\u00e4 varata etuk\u00e4teen.\n    <\/p>\n","protected":false},"excerpt":{"rendered":"Oulun kaupungintalon alakerrassa vaeltaa robotti-imurin n\u00e4k\u00f6inen laite. Vekottimeen on kiinnitetty vinksalleen keppej\u00e4 ja viittoja, joissa esiintyy n\u00e4k\u00f6testist\u00e4 tuttuja&hellip;\n","protected":false},"author":2,"featured_media":128038,"comment_status":"","ping_status":"","sticky":false,"template":"","format":"standard","meta":{"footnotes":""},"categories":[135],"tags":[389,387,388,390,137,33,31,30,32,394,393,391,392,109],"class_list":{"0":"post-128037","1":"post","2":"type-post","3":"status-publish","4":"format-standard","5":"has-post-thumbnail","7":"category-taiteet-ja-suunnittelu","8":"tag-arts","9":"tag-arts-and-design","10":"tag-artsanddesign","11":"tag-design","12":"tag-entertainment","13":"tag-fi","14":"tag-finland","15":"tag-finnish","16":"tag-suomi","17":"tag-suunnittelu","18":"tag-taiteet","19":"tag-taiteet-ja-suunnittelu","20":"tag-taiteetsuunnittelu","21":"tag-viihde"},"share_on_mastodon":{"url":"https:\/\/pubeurope.com\/@fi\/115802481859627934","error":""},"_links":{"self":[{"href":"https:\/\/www.europesays.com\/fi\/wp-json\/wp\/v2\/posts\/128037","targetHints":{"allow":["GET"]}}],"collection":[{"href":"https:\/\/www.europesays.com\/fi\/wp-json\/wp\/v2\/posts"}],"about":[{"href":"https:\/\/www.europesays.com\/fi\/wp-json\/wp\/v2\/types\/post"}],"author":[{"embeddable":true,"href":"https:\/\/www.europesays.com\/fi\/wp-json\/wp\/v2\/users\/2"}],"replies":[{"embeddable":true,"href":"https:\/\/www.europesays.com\/fi\/wp-json\/wp\/v2\/comments?post=128037"}],"version-history":[{"count":0,"href":"https:\/\/www.europesays.com\/fi\/wp-json\/wp\/v2\/posts\/128037\/revisions"}],"wp:featuredmedia":[{"embeddable":true,"href":"https:\/\/www.europesays.com\/fi\/wp-json\/wp\/v2\/media\/128038"}],"wp:attachment":[{"href":"https:\/\/www.europesays.com\/fi\/wp-json\/wp\/v2\/media?parent=128037"}],"wp:term":[{"taxonomy":"category","embeddable":true,"href":"https:\/\/www.europesays.com\/fi\/wp-json\/wp\/v2\/categories?post=128037"},{"taxonomy":"post_tag","embeddable":true,"href":"https:\/\/www.europesays.com\/fi\/wp-json\/wp\/v2\/tags?post=128037"}],"curies":[{"name":"wp","href":"https:\/\/api.w.org\/{rel}","templated":true}]}}