{"id":128042,"date":"2025-12-29T10:56:09","date_gmt":"2025-12-29T10:56:09","guid":{"rendered":"https:\/\/www.europesays.com\/fi\/128042\/"},"modified":"2025-12-29T10:56:09","modified_gmt":"2025-12-29T10:56:09","slug":"joulun-taikaa-lapsen-mielikuvituksessa-katso-matthew-bournen-ohjaama-pahkinansarkija-baletti","status":"publish","type":"post","link":"https:\/\/www.europesays.com\/fi\/128042\/","title":{"rendered":"Joulun taikaa lapsen mielikuvituksessa \u2013 Katso Matthew Bournen ohjaama P\u00e4hkin\u00e4ns\u00e4rkij\u00e4-baletti"},"content":{"rendered":"<p>HS:n tilaajille|Helsingin Sanomat tarjoaa tilaajilleen katsottavaksi joulun pyhin\u00e4 P\u00e4hkin\u00e4ns\u00e4rkij\u00e4-baletin. Se l\u00f6ytyy t\u00e4m\u00e4n jutun lopusta.<\/p>\n<p>27.12. 14:36<\/p>\n<p class=\"article-body mb-nof-24 px-nof-16\">Joulubalettien ikiklassikko, <a class=\"article-personlink\" href=\"https:\/\/www.hs.fi\/haku\/?query=Pjotr%20T%C5%A1aikovskin\" rel=\"nofollow noopener\" target=\"_blank\">Pjotr T\u0161aikovskin <\/a>P\u00e4hkin\u00e4ns\u00e4rkij\u00e4 n\u00e4hd\u00e4\u00e4n <a class=\"article-personlink\" href=\"https:\/\/www.hs.fi\/haku\/?query=Matthew%20Bournen\" rel=\"nofollow noopener\" target=\"_blank\">Matthew Bournen<\/a> vuonna 2021 laatimana koreografiana Lontoon Sadler\u2019s Wells -teatterista.<\/p>\n<p class=\"article-body mb-nof-24 px-nof-16\">T\u0161aikovskin vuonna 1892 kantaesitetty baletti kuvaa jouluaaton tapahtumia pienen Clara-lapsen mielikuvituksessa \u2013 keskeisen\u00e4 hahmona kummised\u00e4lt\u00e4 saatu p\u00e4hkin\u00e4ns\u00e4rkij\u00e4, joka her\u00e4\u00e4 henkiin. Matthew Bournen koreografiassa ja <a class=\"article-personlink\" href=\"https:\/\/www.hs.fi\/haku\/?query=Anthony%20Wardin\" rel=\"nofollow noopener\" target=\"_blank\">Anthony Wardin <\/a>lavastuksessa viitataan 1930-luvun Hollywood-musikaalien kuvastoon.<\/p>\n","protected":false},"excerpt":{"rendered":"HS:n tilaajille|Helsingin Sanomat tarjoaa tilaajilleen katsottavaksi joulun pyhin\u00e4 P\u00e4hkin\u00e4ns\u00e4rkij\u00e4-baletin. Se l\u00f6ytyy t\u00e4m\u00e4n jutun lopusta. 27.12. 14:36 Joulubalettien ikiklassikko,&hellip;\n","protected":false},"author":2,"featured_media":128043,"comment_status":"","ping_status":"","sticky":false,"template":"","format":"standard","meta":{"footnotes":""},"categories":[131],"tags":[155,137,33,173,31,30,46,172,32,109],"class_list":{"0":"post-128042","1":"post","2":"type-post","3":"status-publish","4":"format-standard","5":"has-post-thumbnail","7":"category-elokuvat","8":"tag-elokuvat","9":"tag-entertainment","10":"tag-fi","11":"tag-film","12":"tag-finland","13":"tag-finnish","14":"tag-helsingin-sanomat","15":"tag-movies","16":"tag-suomi","17":"tag-viihde"},"share_on_mastodon":{"url":"https:\/\/pubeurope.com\/@fi\/115802497507821072","error":""},"_links":{"self":[{"href":"https:\/\/www.europesays.com\/fi\/wp-json\/wp\/v2\/posts\/128042","targetHints":{"allow":["GET"]}}],"collection":[{"href":"https:\/\/www.europesays.com\/fi\/wp-json\/wp\/v2\/posts"}],"about":[{"href":"https:\/\/www.europesays.com\/fi\/wp-json\/wp\/v2\/types\/post"}],"author":[{"embeddable":true,"href":"https:\/\/www.europesays.com\/fi\/wp-json\/wp\/v2\/users\/2"}],"replies":[{"embeddable":true,"href":"https:\/\/www.europesays.com\/fi\/wp-json\/wp\/v2\/comments?post=128042"}],"version-history":[{"count":0,"href":"https:\/\/www.europesays.com\/fi\/wp-json\/wp\/v2\/posts\/128042\/revisions"}],"wp:featuredmedia":[{"embeddable":true,"href":"https:\/\/www.europesays.com\/fi\/wp-json\/wp\/v2\/media\/128043"}],"wp:attachment":[{"href":"https:\/\/www.europesays.com\/fi\/wp-json\/wp\/v2\/media?parent=128042"}],"wp:term":[{"taxonomy":"category","embeddable":true,"href":"https:\/\/www.europesays.com\/fi\/wp-json\/wp\/v2\/categories?post=128042"},{"taxonomy":"post_tag","embeddable":true,"href":"https:\/\/www.europesays.com\/fi\/wp-json\/wp\/v2\/tags?post=128042"}],"curies":[{"name":"wp","href":"https:\/\/api.w.org\/{rel}","templated":true}]}}