{"id":128052,"date":"2025-12-29T11:04:06","date_gmt":"2025-12-29T11:04:06","guid":{"rendered":"https:\/\/www.europesays.com\/fi\/128052\/"},"modified":"2025-12-29T11:04:06","modified_gmt":"2025-12-29T11:04:06","slug":"paijat-hameen-hyvinvointialue-pian-paijathamalaiset-saavat-yhteyden-sote-keskukseensa-yhteisesta-palvelunumerosta","status":"publish","type":"post","link":"https:\/\/www.europesays.com\/fi\/128052\/","title":{"rendered":"P\u00e4ij\u00e4t-H\u00e4meen hyvinvointialue: Pian\u202fp\u00e4ij\u00e4th\u00e4m\u00e4l\u00e4iset saavat yhteyden sote-keskukseensa\u202fyhteisest\u00e4 palvelunumerosta"},"content":{"rendered":"<p><strong><\/p>\n<p>P\u00e4ij\u00e4th\u00e4m\u00e4l\u00e4iset saavat yhteyden alueen sote-keskusten hoitajiin ja l\u00e4\u00e4k\u00e4reihin yhdest\u00e4 yhteisest\u00e4 palvelunumerosta 7. tammikuuta alkaen Sysm\u00e4\u00e4 lukuun ottamatta.\u202f Yhteinen palvelunumero\u202fon\u202f(03) 410 89\u202f420\u202f. Sysm\u00e4n sote-keskuksen puhelinnumeron lis\u00e4ksi suunterveyden ja hoitotarvikejakelun\u202fpuhelinnumerot\u202fs\u00e4ilyv\u00e4t ennallaan.<\/p>\n<p><\/strong><\/p>\n<p>Yhteinen palvelunumero (03) 410 89\u202f420 on\u202fsuurelle osalle\u202fp\u00e4ij\u00e4th\u00e4m\u00e4l\u00e4isist\u00e4 entuudestaan tuttu. Numero on\u202follut\u202fk\u00e4yt\u00f6ss\u00e4\u202fLahden, Hartolan, Iitin ja K\u00e4rk\u00f6l\u00e4n sote-keskusten palveluissa.\u00a0\u00a0<br \/>\u00a0<br \/>Yhteinen palvelunumero\u202fon asukkaiden k\u00e4ytett\u00e4viss\u00e4 sote-keskusten aukioloaikoina.\u202fPuheluihin vastaavat\u202fp\u00e4\u00e4s\u00e4\u00e4nt\u00f6isesti\u202fasiakkaille tutut oman sote-keskuksen ammattilaiset.\u202f \u202f\u00a0<\/p>\n<p><strong>Puhelinpalveluajat\u202fpitenev\u00e4t osassa sote-keskuksia\u00a0<\/strong><br \/>\u00a0<br \/>Asikkalassa, Heinolassa, Hollolassa,\u202fOrimattilassa\u202fja Padasjoella\u202fsote-keskuksen\u202fpuhelinpalveluaika pitenee tunnilla arkisin, sill\u00e4\u202fpalvelunumero on avoinna maanantaista torstaihin kello\u202f8-16\u202fja perjantaisin kello\u202f8-15. Lahdessa, Hartolassa, Iitiss\u00e4 ja K\u00e4rk\u00f6l\u00e4ss\u00e4 palveluajat s\u00e4ilyv\u00e4t ennallaan.\u00a0<br \/>\u00a0<br \/>Yhteisen palvelunumeron rinnalla asukkailla on k\u00e4yt\u00f6ss\u00e4\u00e4n\u202fP\u00e4ij\u00e4t-Soten digiklinikan\u202fs\u00e4hk\u00f6inen palvelukanava. Asikkalassa, Heinolassa, Hollolassa, Orimattilassa\u202fja Padasjoella digiklinikka palvelee maanantaista perjantaihin kello\u202f7-18. Lahdessa, Hartolassa, Iitiss\u00e4 ja K\u00e4rk\u00f6l\u00e4ss\u00e4 digiklinikan palveluajat s\u00e4ilyv\u00e4t ennallaan.\u00a0<br \/>\u202f\u00a0<br \/>&#8211; Puhelimessa tai digiklinikalla potilas saa usein avun huoleensa heti ensimm\u00e4isen yhteydenoton aikana. \u202fTarvittaessa hoitaja voi konsultoida l\u00e4\u00e4k\u00e4ri\u00e4\u202fyhteydenoton kuluessa, jolloin\u202fpotilaalle voidaan kirjoittaa esimerkiksi tarvittavat reseptit tai\u202fhoidon kannalta\u202foleelliset\u202fl\u00e4hetteet laboratoriokokeisiin. Kiireellist\u00e4 hoitoa tarvitessaan potilaan tulee ottaa\u202fyhteytt\u00e4 p\u00e4ivystysapuun\u202f116117, aivan kuten t\u00e4h\u00e4nkin asti. H\u00e4t\u00e4tilanteessa oikea yhteydenottonumero on 112, selvent\u00e4\u00e4 tulosaluejohtaja\u202f<strong>Pertti Sopanen.\u202f\u202f\u202f\u00a0<\/strong><br \/>\u202f\u00a0<br \/>Yhteisell\u00e4 palvelunumerolla ja kanavilla\u202ftarjotaan\u202fnopeat ja oikea-aikaiset, helposti eri kanavissa saavutettavat, mahdollisimman samankaltaiset palvelut asuinpaikasta riippumatta.\u202f\u00a0<br \/>\u202f\u00a0<br \/>Ajantasaiset sote-keskusten aukioloajat ja muut perustiedot l\u00f6ytyv\u00e4t hyvinvointialueen verkkosivuilta\u00a0<a href=\"http:\/\/paijatha.fi\" rel=\"nofollow noopener\" target=\"_blank\">paijatha.fi<\/a>.\u202f \u00a0<\/p>\n","protected":false},"excerpt":{"rendered":"P\u00e4ij\u00e4th\u00e4m\u00e4l\u00e4iset saavat yhteyden alueen sote-keskusten hoitajiin ja l\u00e4\u00e4k\u00e4reihin yhdest\u00e4 yhteisest\u00e4 palvelunumerosta 7. tammikuuta alkaen Sysm\u00e4\u00e4 lukuun ottamatta.\u202f Yhteinen&hellip;\n","protected":false},"author":2,"featured_media":128053,"comment_status":"","ping_status":"","sticky":false,"template":"","format":"standard","meta":{"footnotes":""},"categories":[12],"tags":[22,23,26,27,33,31,30,17,24,25,28,29,15,18,21,32,19,20,16],"class_list":{"0":"post-128052","1":"post","2":"type-post","3":"status-publish","4":"format-standard","5":"has-post-thumbnail","7":"category-suomi","8":"tag-breaking-news","9":"tag-breakingnews","10":"tag-featured-news","11":"tag-featurednews","12":"tag-fi","13":"tag-finland","14":"tag-finnish","15":"tag-headlines","16":"tag-latest-news","17":"tag-latestnews","18":"tag-main-news","19":"tag-mainnews","20":"tag-news","21":"tag-otsikot","22":"tag-paauutiset","23":"tag-suomi","24":"tag-top-stories","25":"tag-topstories","26":"tag-uutiset"},"share_on_mastodon":{"url":"https:\/\/pubeurope.com\/@fi\/115802529157251131","error":""},"_links":{"self":[{"href":"https:\/\/www.europesays.com\/fi\/wp-json\/wp\/v2\/posts\/128052","targetHints":{"allow":["GET"]}}],"collection":[{"href":"https:\/\/www.europesays.com\/fi\/wp-json\/wp\/v2\/posts"}],"about":[{"href":"https:\/\/www.europesays.com\/fi\/wp-json\/wp\/v2\/types\/post"}],"author":[{"embeddable":true,"href":"https:\/\/www.europesays.com\/fi\/wp-json\/wp\/v2\/users\/2"}],"replies":[{"embeddable":true,"href":"https:\/\/www.europesays.com\/fi\/wp-json\/wp\/v2\/comments?post=128052"}],"version-history":[{"count":0,"href":"https:\/\/www.europesays.com\/fi\/wp-json\/wp\/v2\/posts\/128052\/revisions"}],"wp:featuredmedia":[{"embeddable":true,"href":"https:\/\/www.europesays.com\/fi\/wp-json\/wp\/v2\/media\/128053"}],"wp:attachment":[{"href":"https:\/\/www.europesays.com\/fi\/wp-json\/wp\/v2\/media?parent=128052"}],"wp:term":[{"taxonomy":"category","embeddable":true,"href":"https:\/\/www.europesays.com\/fi\/wp-json\/wp\/v2\/categories?post=128052"},{"taxonomy":"post_tag","embeddable":true,"href":"https:\/\/www.europesays.com\/fi\/wp-json\/wp\/v2\/tags?post=128052"}],"curies":[{"name":"wp","href":"https:\/\/api.w.org\/{rel}","templated":true}]}}