{"id":128054,"date":"2025-12-29T11:05:07","date_gmt":"2025-12-29T11:05:07","guid":{"rendered":"https:\/\/www.europesays.com\/fi\/128054\/"},"modified":"2025-12-29T11:05:07","modified_gmt":"2025-12-29T11:05:07","slug":"hs-seuranta-tour-de-ski-maanantai","status":"publish","type":"post","link":"https:\/\/www.europesays.com\/fi\/128054\/","title":{"rendered":"HS seuranta: Tour de Ski, maanantai"},"content":{"rendered":"<p>Hiihto|Tour de Ski -kiertueella koetaan \u00e4\u00e4rimm\u00e4isen kutkuttavia hetki\u00e4 t\u00e4n\u00e4\u00e4n. Moni odottaa Iivo Niskaselta ylv\u00e4st\u00e4 menoa perinteisen hiihtotavan latutaistossa.<\/p>\n<p class=\"article-body mb-nof-24 px-nof-16\">Maastohiihdon Tour de Ski -kiertue jatkuu maanantaina Italian Toblachissa.<\/p>\n<p class=\"article-body mb-nof-24 px-nof-16\">T\u00e4n\u00e4\u00e4n sek\u00e4 naiset ett\u00e4 miehet suksivat perinteisen hiihtotavan kymmenen kilometrin kilpailut v\u00e4liaikal\u00e4ht\u00f6in\u00e4. Suomalaiset hiihdon yst\u00e4v\u00e4t odottavat innolla etenkin latusankari <a class=\"article-personlink\" href=\"https:\/\/www.hs.fi\/haku\/?query=Iivo%20Niskasen\" rel=\"nofollow noopener\" target=\"_blank\">Iivo Niskasen<\/a>, 33, suoritusta.<\/p>\n<p>Tour de Ski, maanantai<\/p>\n<ul class=\"mb-nof-16 px-nof-16 article-unordered-list unordered-list\">\n<li class=\"unordered-list-item\">\n<p class=\"article-body\">12.45 M 10 km (p) v\u00e4liaikal\u00e4ht\u00f6<\/p>\n<\/li>\n<li class=\"unordered-list-item\">\n<p class=\"article-body\">15.45 N 10 km (p) v\u00e4liaikal\u00e4ht\u00f6<\/p>\n<\/li>\n<\/ul>\n","protected":false},"excerpt":{"rendered":"Hiihto|Tour de Ski -kiertueella koetaan \u00e4\u00e4rimm\u00e4isen kutkuttavia hetki\u00e4 t\u00e4n\u00e4\u00e4n. Moni odottaa Iivo Niskaselta ylv\u00e4st\u00e4 menoa perinteisen hiihtotavan latutaistossa.&hellip;\n","protected":false},"author":2,"featured_media":128055,"comment_status":"","ping_status":"","sticky":false,"template":"","format":"standard","meta":{"footnotes":""},"categories":[5],"tags":[22,23,26,27,33,31,30,17,46,24,25,28,29,15,18,21,32,19,20,16],"class_list":{"0":"post-128054","1":"post","2":"type-post","3":"status-publish","4":"format-standard","5":"has-post-thumbnail","7":"category-otsikot","8":"tag-breaking-news","9":"tag-breakingnews","10":"tag-featured-news","11":"tag-featurednews","12":"tag-fi","13":"tag-finland","14":"tag-finnish","15":"tag-headlines","16":"tag-helsingin-sanomat","17":"tag-latest-news","18":"tag-latestnews","19":"tag-main-news","20":"tag-mainnews","21":"tag-news","22":"tag-otsikot","23":"tag-paauutiset","24":"tag-suomi","25":"tag-top-stories","26":"tag-topstories","27":"tag-uutiset"},"share_on_mastodon":{"url":"https:\/\/pubeurope.com\/@fi\/115802532930834954","error":""},"_links":{"self":[{"href":"https:\/\/www.europesays.com\/fi\/wp-json\/wp\/v2\/posts\/128054","targetHints":{"allow":["GET"]}}],"collection":[{"href":"https:\/\/www.europesays.com\/fi\/wp-json\/wp\/v2\/posts"}],"about":[{"href":"https:\/\/www.europesays.com\/fi\/wp-json\/wp\/v2\/types\/post"}],"author":[{"embeddable":true,"href":"https:\/\/www.europesays.com\/fi\/wp-json\/wp\/v2\/users\/2"}],"replies":[{"embeddable":true,"href":"https:\/\/www.europesays.com\/fi\/wp-json\/wp\/v2\/comments?post=128054"}],"version-history":[{"count":0,"href":"https:\/\/www.europesays.com\/fi\/wp-json\/wp\/v2\/posts\/128054\/revisions"}],"wp:featuredmedia":[{"embeddable":true,"href":"https:\/\/www.europesays.com\/fi\/wp-json\/wp\/v2\/media\/128055"}],"wp:attachment":[{"href":"https:\/\/www.europesays.com\/fi\/wp-json\/wp\/v2\/media?parent=128054"}],"wp:term":[{"taxonomy":"category","embeddable":true,"href":"https:\/\/www.europesays.com\/fi\/wp-json\/wp\/v2\/categories?post=128054"},{"taxonomy":"post_tag","embeddable":true,"href":"https:\/\/www.europesays.com\/fi\/wp-json\/wp\/v2\/tags?post=128054"}],"curies":[{"name":"wp","href":"https:\/\/api.w.org\/{rel}","templated":true}]}}