{"id":128056,"date":"2025-12-29T11:09:09","date_gmt":"2025-12-29T11:09:09","guid":{"rendered":"https:\/\/www.europesays.com\/fi\/128056\/"},"modified":"2025-12-29T11:09:09","modified_gmt":"2025-12-29T11:09:09","slug":"viikonloppuna-taivaalta-voi-bongailla-tahdenlentoja-uutisia-lyhyesti","status":"publish","type":"post","link":"https:\/\/www.europesays.com\/fi\/128056\/","title":{"rendered":"Viikonloppuna taivaalta voi bongailla t\u00e4hdenlentoja | Uutisia lyhyesti"},"content":{"rendered":"<p class=\"aw-1gybjub aw-5vja16 kEtdKx kmuxyA yle__article__paragraph\">Paras aika t\u00e4hdenlentojen n\u00e4kemiseen on lauantai-iltana noin yhdentoista aikaan<\/p>\n<p><img decoding=\"async\" alt=\"T\u00e4hdenlennot muodostavat valojuovia majakan takana tummalla y\u00f6taivaalla.\" src=\"https:\/\/www.europesays.com\/fi\/wp-content\/uploads\/2025\/12\/39-15751266952570f8fc7a.jpeg\" class=\"aw-1l9m598 hKVVvP\"\/><\/p>\n<p>Avaa kuvien katselu<\/p>\n<p>Kvadrantidien t\u00e4hdenlentoparvi kuvattuna Pigeon Pointin majakalla Kaliforniassa 4. tammikuuta 2024. Kuva: Tayfun Coskun \/ AOP<\/p>\n<p class=\"aw-1gybjub aw-1p7kakr kEtdKx cEmitX yle__article__paragraph\">Lauantai-iltana kannattaa t\u00e4hyill\u00e4 taivaalle t\u00e4hdenlentojen n\u00e4kemisen toivossa. Hyv\u00e4ll\u00e4 onnella voi n\u00e4hd\u00e4 meteoreja Kvadrantidien t\u00e4hdenlentoparvesta.<\/p>\n<p class=\"aw-1gybjub aw-1p7kakr kEtdKx cEmitX yle__article__paragraph\">Paras aika t\u00e4hdenlentojen bongaukseen on lauantai-iltana noin yhdentoista aikaan, kertoo T\u00e4htitieteellinen yhdistys Ursa. My\u00f6s perjantain ja lauantain v\u00e4lisen\u00e4 ja lauantain ja sunnuntain v\u00e4lisin\u00e4 \u00f6in\u00e4 on mahdollisuus n\u00e4hd\u00e4 harvakseltaan parveen kuuluvia meteoreja.<\/p>\n<p class=\"aw-1gybjub aw-1p7kakr kEtdKx cEmitX yle__article__paragraph\">Ursan mukaan kaukana kaupunkien valoista, pime\u00e4ll\u00e4 taivaallet\u00e4hyilypaikalla voi parhaimmillaan Suomessa n\u00e4hd\u00e4 noin 20 t\u00e4hdenlentoa tunnissa.<\/p>\n<p class=\"aw-1gybjub aw-1p7kakr kEtdKx cEmitX yle__article__paragraph\">\u2013 T\u00e4n\u00e4 vuonna t\u00e4ysikuu kuitenkin osuu juuri samalle illalle. T\u00e4ysikuun suuri kirkkaus peitt\u00e4\u00e4 taakseen kaikki v\u00e4h\u00e4\u00e4k\u00e4\u00e4n himme\u00e4mm\u00e4t t\u00e4hdenlennot, kerrotaan Ursan tiedotteessa.<\/p>\n<p class=\"aw-1gybjub aw-1p7kakr kEtdKx cEmitX yle__article__paragraph\">T\u00e4hdenlentoja kannattaa Ursan mukaan t\u00e4hyill\u00e4 taivaanlaen tai luoteen suunnasta. Katse kannattaa suunnata niin, ett\u00e4 Kuu ei ole n\u00e4k\u00f6kent\u00e4ss\u00e4.<\/p>\n<p>Yksi vuoden n\u00e4ytt\u00e4vimmist\u00e4 meteoriparvista<\/p>\n<p class=\"aw-1gybjub aw-1p7kakr kEtdKx cEmitX yle__article__paragraph\">Tammikuussa n\u00e4kyv\u00e4 kvadrantidien t\u00e4hdenlentoparvi on Ursan mukaan parhaimmillaan elokuun perseidien ja joulukuun geminidien ohella yksi vuoden n\u00e4ytt\u00e4vimmist\u00e4 meteoriparvista.<\/p>\n<p class=\"aw-1gybjub aw-1p7kakr kEtdKx cEmitX yle__article__paragraph\">Kvadrantidit syntyv\u00e4t muiden toistuvien t\u00e4hdenlentoparvien tapaan tomuvanasta, jonka aurinkokunnassa kiert\u00e4v\u00e4 komeetta on kylv\u00e4nyt radalleen. Kvadrantidit aiheuttava tomuvana osuu Maapallon kohdalle aina tammikuun alussa.<\/p>\n<p class=\"aw-1gybjub aw-1p7kakr kEtdKx cEmitX yle__article__paragraph\">T\u00e4hdenlennoiksi tai meteoreiksi kutsutaan taivaalla n\u00e4kyvi\u00e4 valoviiruja, jotka syntyv\u00e4t ilmakeh\u00e4\u00e4n putoavasta hehkuvan kuumaksi l\u00e4mpi\u00e4v\u00e4st\u00e4 komeettap\u00f6lyst\u00e4. Ursan mukaan valoilmi\u00f6 sammuu tyypillisesti yli 80 kilometrin korkeudessa<\/p>\n","protected":false},"excerpt":{"rendered":"Paras aika t\u00e4hdenlentojen n\u00e4kemiseen on lauantai-iltana noin yhdentoista aikaan Avaa kuvien katselu Kvadrantidien t\u00e4hdenlentoparvi kuvattuna Pigeon Pointin majakalla&hellip;\n","protected":false},"author":2,"featured_media":128057,"comment_status":"","ping_status":"","sticky":false,"template":"","format":"standard","meta":{"footnotes":""},"categories":[114],"tags":[453,33,31,30,14951,1869,118,452,32,119],"class_list":{"0":"post-128056","1":"post","2":"type-post","3":"status-publish","4":"format-standard","5":"has-post-thumbnail","7":"category-avaruus","8":"tag-avaruus","9":"tag-fi","10":"tag-finland","11":"tag-finnish","12":"tag-ilmakeha","13":"tag-meteorit","14":"tag-science","15":"tag-space","16":"tag-suomi","17":"tag-tiede"},"share_on_mastodon":{"url":"https:\/\/pubeurope.com\/@fi\/115802548703240243","error":""},"_links":{"self":[{"href":"https:\/\/www.europesays.com\/fi\/wp-json\/wp\/v2\/posts\/128056","targetHints":{"allow":["GET"]}}],"collection":[{"href":"https:\/\/www.europesays.com\/fi\/wp-json\/wp\/v2\/posts"}],"about":[{"href":"https:\/\/www.europesays.com\/fi\/wp-json\/wp\/v2\/types\/post"}],"author":[{"embeddable":true,"href":"https:\/\/www.europesays.com\/fi\/wp-json\/wp\/v2\/users\/2"}],"replies":[{"embeddable":true,"href":"https:\/\/www.europesays.com\/fi\/wp-json\/wp\/v2\/comments?post=128056"}],"version-history":[{"count":0,"href":"https:\/\/www.europesays.com\/fi\/wp-json\/wp\/v2\/posts\/128056\/revisions"}],"wp:featuredmedia":[{"embeddable":true,"href":"https:\/\/www.europesays.com\/fi\/wp-json\/wp\/v2\/media\/128057"}],"wp:attachment":[{"href":"https:\/\/www.europesays.com\/fi\/wp-json\/wp\/v2\/media?parent=128056"}],"wp:term":[{"taxonomy":"category","embeddable":true,"href":"https:\/\/www.europesays.com\/fi\/wp-json\/wp\/v2\/categories?post=128056"},{"taxonomy":"post_tag","embeddable":true,"href":"https:\/\/www.europesays.com\/fi\/wp-json\/wp\/v2\/tags?post=128056"}],"curies":[{"name":"wp","href":"https:\/\/api.w.org\/{rel}","templated":true}]}}