{"id":128060,"date":"2025-12-29T11:20:08","date_gmt":"2025-12-29T11:20:08","guid":{"rendered":"https:\/\/www.europesays.com\/fi\/128060\/"},"modified":"2025-12-29T11:20:08","modified_gmt":"2025-12-29T11:20:08","slug":"tanaan-tvssa-vuoden-2001-komedia-tarjoaa-hauskaa-homppaa-reese-witherspoon-on-muutakin-kuin-pelkka-blondi","status":"publish","type":"post","link":"https:\/\/www.europesays.com\/fi\/128060\/","title":{"rendered":"T\u00e4n\u00e4\u00e4n tv:ss\u00e4: Vuoden 2001 komedia tarjoaa hauskaa h\u00f6mpp\u00e4\u00e4 \u2013 Reese Witherspoon on muutakin kuin pelkk\u00e4 blondi"},"content":{"rendered":"<p>Vuoden 2001 elokuva Blondin kosto n\u00e4hd\u00e4\u00e4n t\u00e4n\u00e4\u00e4n televisiossa.<\/p>\n<p><strong>Reese Witherspoonin<\/strong> esitt\u00e4m\u00e4 Elle Woods kirjoittautuu arvostettuun Harvard Law Schooliin.<\/p>\n<p>Elle haluaa olla uskottavampi tytt\u00f6yst\u00e4v\u00e4 yl\u00e4luokkaiselle poikakaverilleen, joka tarinan aluksi hylk\u00e4\u00e4 h\u00e4net pelkk\u00e4n\u00e4 blondina periaatteella \u201dminua ei koskaan tulla ottamaan vakavasti, jos seurustelen pelk\u00e4n tyhm\u00e4n blondin kanssa.\u201d<\/p>\n<p>Kun rahaa kuitenkin riitt\u00e4\u00e4, ei Ellelle ole suurikaan ongelma seurata ihastustaan samaan opinahjoon: itse <strong>Coppola<\/strong> hankitaan ohjaamaan h\u00e4nen esittelyvideonsa, ja koulun ovet aukeavat pikavauhtia.<\/p>\n<p>Blondin kosto on muutamissa kohdissa riemastuttavan hauskoja vitsej\u00e4 ja hykerrytt\u00e4v\u00e4\u00e4 tilannekomiikkaakin \u2013 etenkin lopun oikeudenk\u00e4yntijaksoissa \u2013 sis\u00e4lt\u00e4v\u00e4 h\u00f6mpp\u00e4filmi, joka kuitenkin silti suurimman osan aikaa ampuu maalitaulun ohitse.<\/p>\n<p>Voi pit\u00e4\u00e4 aikamoisena suorituksenakin sit\u00e4, ett\u00e4 n\u00e4in hyvist\u00e4 l\u00e4ht\u00f6kohdista huolimatta yhteiskunnallisen satiirin k\u00e4rki ei onnistu olemaan t\u00e4m\u00e4n ter\u00e4v\u00e4mp\u00e4\u00e4.<\/p>\n<p>N\u00e4yttelij\u00f6ist\u00e4 elokuvalle tuo uskottavuutta Harvardin professorin roolissa <strong>Victor Garber<\/strong> (Titanic) sek\u00e4 hieman yll\u00e4tt\u00e4en Witherspooniakin riehakkaammin t\u00e4m\u00e4n blondikaverina revittelev\u00e4 <strong>Jessica Cauffiel.<\/strong><\/p>\n<p>Blondin kosto esitet\u00e4\u00e4n nyt televisiossa kolme kertaa:<\/p>\n<ul class=\"wp-block-list\">\n<li>Ma 29.12.2025 klo 20.05 \u00b7 Liv<\/li>\n<li>La 3.1.2026 klo 14.45 \u00b7 Nelonen<\/li>\n<li>La 3.1.2026 klo 21.15 \u00b7 Liv<\/li>\n<\/ul>\n<p>Elokuva kuuluu my\u00f6s Prime Videon (poistumassa) ja HBO Maxin valikoimaan. Katso traileri alta.<\/p>\n<p><img loading=\"lazy\" decoding=\"async\" alt=\"YouTube video\" width=\"480\" height=\"360\" data-pin-nopin=\"true\" nopin=\"nopin\" class=\"perfmatters-lazy\" src=\"https:\/\/www.europesays.com\/fi\/wp-content\/uploads\/2025\/12\/1767007208_877_hqdefault.jpg\"\/><\/p>\n<p>Lue my\u00f6s: <a href=\"https:\/\/www.episodi.fi\/uutiskirje\/?uutiskirjemainos=tekstilinkkimainos\" title=\"Tilaa Episodin uutiskirje ja voit voittaa leffalippuja! Nappaa tv-vinkit suoraan s\u00e4hk\u00f6postiin t\u00e4st\u00e4.\" class=\"underline-custom !font-montserrat !font-bold !underline-offset-4 !decoration-4 !decoration-episodi-blue !text-md\" rel=\"nofollow noopener\" target=\"_blank\">Tilaa Episodin uutiskirje ja voit voittaa leffalippuja! Nappaa katseluvinkit suoraan s\u00e4hk\u00f6postiin t\u00e4st\u00e4.<\/a><\/p>\n","protected":false},"excerpt":{"rendered":"Vuoden 2001 elokuva Blondin kosto n\u00e4hd\u00e4\u00e4n t\u00e4n\u00e4\u00e4n televisiossa. Reese Witherspoonin esitt\u00e4m\u00e4 Elle Woods kirjoittautuu arvostettuun Harvard Law Schooliin.&hellip;\n","protected":false},"author":2,"featured_media":128061,"comment_status":"","ping_status":"","sticky":false,"template":"","format":"standard","meta":{"footnotes":""},"categories":[133],"tags":[137,33,31,30,32,206,139,156,109],"class_list":{"0":"post-128060","1":"post","2":"type-post","3":"status-publish","4":"format-standard","5":"has-post-thumbnail","7":"category-televisiot","8":"tag-entertainment","9":"tag-fi","10":"tag-finland","11":"tag-finnish","12":"tag-suomi","13":"tag-televisiot","14":"tag-tv-ohjelmat","15":"tag-tv","16":"tag-viihde"},"share_on_mastodon":{"url":"https:\/\/pubeurope.com\/@fi\/115802591929873712","error":""},"_links":{"self":[{"href":"https:\/\/www.europesays.com\/fi\/wp-json\/wp\/v2\/posts\/128060","targetHints":{"allow":["GET"]}}],"collection":[{"href":"https:\/\/www.europesays.com\/fi\/wp-json\/wp\/v2\/posts"}],"about":[{"href":"https:\/\/www.europesays.com\/fi\/wp-json\/wp\/v2\/types\/post"}],"author":[{"embeddable":true,"href":"https:\/\/www.europesays.com\/fi\/wp-json\/wp\/v2\/users\/2"}],"replies":[{"embeddable":true,"href":"https:\/\/www.europesays.com\/fi\/wp-json\/wp\/v2\/comments?post=128060"}],"version-history":[{"count":0,"href":"https:\/\/www.europesays.com\/fi\/wp-json\/wp\/v2\/posts\/128060\/revisions"}],"wp:featuredmedia":[{"embeddable":true,"href":"https:\/\/www.europesays.com\/fi\/wp-json\/wp\/v2\/media\/128061"}],"wp:attachment":[{"href":"https:\/\/www.europesays.com\/fi\/wp-json\/wp\/v2\/media?parent=128060"}],"wp:term":[{"taxonomy":"category","embeddable":true,"href":"https:\/\/www.europesays.com\/fi\/wp-json\/wp\/v2\/categories?post=128060"},{"taxonomy":"post_tag","embeddable":true,"href":"https:\/\/www.europesays.com\/fi\/wp-json\/wp\/v2\/tags?post=128060"}],"curies":[{"name":"wp","href":"https:\/\/api.w.org\/{rel}","templated":true}]}}