{"id":128066,"date":"2025-12-29T11:25:06","date_gmt":"2025-12-29T11:25:06","guid":{"rendered":"https:\/\/www.europesays.com\/fi\/128066\/"},"modified":"2025-12-29T11:25:06","modified_gmt":"2025-12-29T11:25:06","slug":"kaunis-kuolematon-lahtee-heti-vuoden-vaihduttua-uransa-mittavimmalle-kiertueelle","status":"publish","type":"post","link":"https:\/\/www.europesays.com\/fi\/128066\/","title":{"rendered":"Kaunis Kuolematon l\u00e4htee heti vuoden vaihduttua uransa mittavimmalle kiertueelle"},"content":{"rendered":"<p><strong>Kaunis Kuolematon<\/strong> julkaisi marraskuun lopussa uuden Kun valo minussa kuoli -pitk\u00e4soiton. Suomen albumilistan fyysisten levyjen jaetulle ykk\u00f6ssijalle <strong>Hurriganesin <\/strong>kanssa noussutta ja Infernon vuosi\u00e4\u00e4nestyksess\u00e4 <a href=\"https:\/\/www.inferno.fi\/uutiset\/inferno-valitsi-vuoden-2025-kovimmat-levyt-tassa-kotimaan-karkikymmenikko\/\" target=\"_blank\" rel=\"noreferrer noopener nofollow\">kotimaisten levyjen k\u00e4rkikymmenikk\u00f6\u00f6n<\/a> nostettua levy\u00e4 juhlistetaan b\u00e4ndin uran mittavimmalla kiertueella, joka alkaa lauantaina 3.1. Helsingin Tavastialta ja p\u00e4\u00e4ttyy 21.2. Jyv\u00e4skyl\u00e4n Lutakkoon.<\/p>\n<p>\u201dPalaute uudesta levyst\u00e4 on ollut eritt\u00e4in positiivista. Jotenkin my\u00f6s yll\u00e4tt\u00e4\u00e4, kuinka hyvin se onkin otettu vastaan. T\u00e4m\u00e4n johdosta voimme hyp\u00e4t\u00e4 matkaan innokkain ja luottavin mielin jakamaan suomalaisen melankolian ilosanomaa ymp\u00e4ri Suomen maata\u201d, yhtye toteaa.<\/p>\n<p>Kun valo minussa kuoli -julkaisukeikalla Tavastialla kuullaan kaksi erillist\u00e4 setti\u00e4: uusi levy kokonaisuudessaan ja illan p\u00e4\u00e4tteeksi tuttuja biisej\u00e4 b\u00e4ndin uran varrelta.<\/p>\n<p>Kun valo minussa kuoli -kiertue n\u00e4ytt\u00e4\u00e4 kokonaisuudessaan seuraavalta:<\/p>\n<p>La 3.1. Helsinki, Tavastia (levyjulkkarit, erikoistuplasettikeikka)<br \/>Pe 9.1. Tampere, Tavara-asema, TalviHelvetti<br \/>La 10.1. Sein\u00e4joki, Sein\u00e4joki Metal Festival<br \/>Pe 23.1. Kouvola, House Of Rock<br \/>La 24.1. Turku, Apollo<br \/>Pe 30.1. Kuopio, Sawohouse<br \/>La 31.1. Oulu, Winter Massacre Festival<br \/>La 7.2. Mikkeli, Tempo<br \/>Pe 13.2. Espoo, 6 Feet Underground Festival<br \/>La 14.2. H\u00e4meenlinna, Suisto<br \/>La 21.2. Jyv\u00e4skyl\u00e4, Lutakko<\/p>\n<p>Lue my\u00f6s: <a href=\"https:\/\/www.inferno.fi\/uutiskirje\/\" title=\"Tilaa Infernon uutiskirje\" class=\"underline-custom !font-montserrat !font-bold !underline-offset-4 !decoration-4 !decoration-red-600 !text-md\" rel=\"nofollow noopener\" target=\"_blank\">Tilaa Infernon uutiskirje ja tied\u00e4t mist\u00e4 kahvitauolla puhutaan! Nappaa raskaan musiikin uutiset ja puheenaiheet suoraan s\u00e4hk\u00f6postiin t\u00e4st\u00e4.<\/a><\/p>\n","protected":false},"excerpt":{"rendered":"Kaunis Kuolematon julkaisi marraskuun lopussa uuden Kun valo minussa kuoli -pitk\u00e4soiton. Suomen albumilistan fyysisten levyjen jaetulle ykk\u00f6ssijalle Hurriganesin&hellip;\n","protected":false},"author":2,"featured_media":128067,"comment_status":"","ping_status":"","sticky":false,"template":"","format":"standard","meta":{"footnotes":""},"categories":[130],"tags":[137,33,31,30,1039,5207,32,109],"class_list":{"0":"post-128066","1":"post","2":"type-post","3":"status-publish","4":"format-standard","5":"has-post-thumbnail","7":"category-viihde","8":"tag-entertainment","9":"tag-fi","10":"tag-finland","11":"tag-finnish","12":"tag-keikkauutiset","13":"tag-kiertue","14":"tag-suomi","15":"tag-viihde"},"share_on_mastodon":{"url":"https:\/\/pubeurope.com\/@fi\/115802611595404891","error":""},"_links":{"self":[{"href":"https:\/\/www.europesays.com\/fi\/wp-json\/wp\/v2\/posts\/128066","targetHints":{"allow":["GET"]}}],"collection":[{"href":"https:\/\/www.europesays.com\/fi\/wp-json\/wp\/v2\/posts"}],"about":[{"href":"https:\/\/www.europesays.com\/fi\/wp-json\/wp\/v2\/types\/post"}],"author":[{"embeddable":true,"href":"https:\/\/www.europesays.com\/fi\/wp-json\/wp\/v2\/users\/2"}],"replies":[{"embeddable":true,"href":"https:\/\/www.europesays.com\/fi\/wp-json\/wp\/v2\/comments?post=128066"}],"version-history":[{"count":0,"href":"https:\/\/www.europesays.com\/fi\/wp-json\/wp\/v2\/posts\/128066\/revisions"}],"wp:featuredmedia":[{"embeddable":true,"href":"https:\/\/www.europesays.com\/fi\/wp-json\/wp\/v2\/media\/128067"}],"wp:attachment":[{"href":"https:\/\/www.europesays.com\/fi\/wp-json\/wp\/v2\/media?parent=128066"}],"wp:term":[{"taxonomy":"category","embeddable":true,"href":"https:\/\/www.europesays.com\/fi\/wp-json\/wp\/v2\/categories?post=128066"},{"taxonomy":"post_tag","embeddable":true,"href":"https:\/\/www.europesays.com\/fi\/wp-json\/wp\/v2\/tags?post=128066"}],"curies":[{"name":"wp","href":"https:\/\/api.w.org\/{rel}","templated":true}]}}