{"id":128072,"date":"2025-12-29T11:30:08","date_gmt":"2025-12-29T11:30:08","guid":{"rendered":"https:\/\/www.europesays.com\/fi\/128072\/"},"modified":"2025-12-29T11:30:08","modified_gmt":"2025-12-29T11:30:08","slug":"ammattiosaston-puheenjohtaja-siirsi-yli-42-000-euroa-omalle-tililleen-kouvolassa-oikeus-tuomitsi-vankeuteen-kymenlaakso","status":"publish","type":"post","link":"https:\/\/www.europesays.com\/fi\/128072\/","title":{"rendered":"Ammattiosaston puheenjohtaja siirsi yli 42\u00a0000 euroa omalle tililleen Kouvolassa \u2013 oikeus tuomitsi vankeuteen | Kymenlaakso"},"content":{"rendered":"<p class=\"aw-1gybjub aw-5vja16 kEtdKx kmuxyA yle__article__paragraph\">Kymenlaakson k\u00e4r\u00e4j\u00e4oikeus tuomitsi vuonna 1979 syntyneen miehen t\u00f6rke\u00e4st\u00e4 kavalluksesta ehdolliseen vankeus\u00adtuomioon.<\/p>\n<p><img decoding=\"async\" alt=\"Kouvolan oikeus- ja poliisitalo.\" src=\"https:\/\/www.europesays.com\/fi\/wp-content\/uploads\/2025\/10\/39-151585668b6940e64a65.jpeg\" class=\"aw-1l9m598 hKVVvP\"\/><\/p>\n<p>Avaa kuvien katselu<\/p>\n<p>K\u00e4r\u00e4j\u00e4oikeuden tuomiosta voi valittaa hovioikeuteen, joten se ei ole lainvoimainen. Arkistokuva. Kuva: Antro Valo \/ Yle<\/p>\n<p class=\"aw-1gybjub aw-1p7kakr kEtdKx cEmitX yle__article__paragraph\">Kymenlaakson k\u00e4r\u00e4j\u00e4oikeus on tuominnut kouvolalaisen ammattiosaston entisen puheenjohtajan t\u00f6rke\u00e4st\u00e4 kavalluksesta vankeuteen. Yhdeks\u00e4n kuukauden vankeusrangaistus on ehdollinen.<\/p>\n<p class=\"aw-1gybjub aw-1p7kakr kEtdKx cEmitX yle__article__paragraph\">Vuonna 1979 syntynyt mies kavalsi vuosina 2019\u20132024 yhteens\u00e4 reilut 42\u00a0000 euroa ammattiyhdistykselt\u00e4, jonka puheenjohtaja h\u00e4n oli. Mies siirsi rahat omalle tililleen. Siirrot tehtiin tekaistuin perustein.<\/p>\n<p class=\"aw-1gybjub aw-1p7kakr kEtdKx cEmitX yle__article__paragraph\">Yhdistyksen tili oli tyhj\u00e4 siirtojen j\u00e4ljilt\u00e4, mink\u00e4 takia vahinko oli oikeuden mukaan tuntuva. My\u00f6s itse summa oli suuri.<\/p>\n<p class=\"aw-1gybjub aw-1p7kakr kEtdKx cEmitX yle__article__paragraph\">T\u00f6rke\u00e4ksi teon tekiv\u00e4t my\u00f6s pitk\u00e4 ajanjakso ja miehen vastuullinen asema yhdistyksess\u00e4.<\/p>\n<p>Korvauksia yhteens\u00e4 noin 47\u00a0000 euroa<\/p>\n<p class=\"aw-1gybjub aw-1p7kakr kEtdKx cEmitX yle__article__paragraph\">Mies my\u00f6nsi jo esitutkinnassa kavaltaneensa rahat. H\u00e4n ei ollut paikalla oikeudenk\u00e4ynniss\u00e4.<\/p>\n<p class=\"aw-1gybjub aw-1p7kakr kEtdKx cEmitX yle__article__paragraph\">Miehen pit\u00e4\u00e4 oikeuden p\u00e4\u00e4t\u00f6ksen perusteella korvata ammattiosastolle noin 42\u00a0600 euroa viiv\u00e4styskorkoineen sek\u00e4 oikeudenk\u00e4yntikulut, jotka olivat noin 4\u00a0300 euroa.<\/p>\n<p class=\"aw-1gybjub aw-1p7kakr kEtdKx cEmitX yle__article__paragraph\">K\u00e4r\u00e4j\u00e4oikeuden tuomiosta voi valittaa hovioikeuteen, joten se ei ole lainvoimainen.<\/p>\n","protected":false},"excerpt":{"rendered":"Kymenlaakson k\u00e4r\u00e4j\u00e4oikeus tuomitsi vuonna 1979 syntyneen miehen t\u00f6rke\u00e4st\u00e4 kavalluksesta ehdolliseen vankeus\u00adtuomioon. Avaa kuvien katselu K\u00e4r\u00e4j\u00e4oikeuden tuomiosta voi valittaa&hellip;\n","protected":false},"author":2,"featured_media":67185,"comment_status":"","ping_status":"","sticky":false,"template":"","format":"standard","meta":{"footnotes":""},"categories":[12],"tags":[22,23,14741,26,27,33,31,30,17,4738,4737,71,737,464,24,25,28,29,15,18,21,581,32,19,20,16],"class_list":{"0":"post-128072","1":"post","2":"type-post","3":"status-publish","4":"format-standard","5":"has-post-thumbnail","7":"category-suomi","8":"tag-breaking-news","9":"tag-breakingnews","10":"tag-ehdollinen-vankeus","11":"tag-featured-news","12":"tag-featurednews","13":"tag-fi","14":"tag-finland","15":"tag-finnish","16":"tag-headlines","17":"tag-jarjestotoiminta","18":"tag-kavallus","19":"tag-kotimaa","20":"tag-kouvola","21":"tag-kymenlaakso","22":"tag-latest-news","23":"tag-latestnews","24":"tag-main-news","25":"tag-mainnews","26":"tag-news","27":"tag-otsikot","28":"tag-paauutiset","29":"tag-rikokset","30":"tag-suomi","31":"tag-top-stories","32":"tag-topstories","33":"tag-uutiset"},"share_on_mastodon":{"url":"https:\/\/pubeurope.com\/@fi\/115802631385604384","error":""},"_links":{"self":[{"href":"https:\/\/www.europesays.com\/fi\/wp-json\/wp\/v2\/posts\/128072","targetHints":{"allow":["GET"]}}],"collection":[{"href":"https:\/\/www.europesays.com\/fi\/wp-json\/wp\/v2\/posts"}],"about":[{"href":"https:\/\/www.europesays.com\/fi\/wp-json\/wp\/v2\/types\/post"}],"author":[{"embeddable":true,"href":"https:\/\/www.europesays.com\/fi\/wp-json\/wp\/v2\/users\/2"}],"replies":[{"embeddable":true,"href":"https:\/\/www.europesays.com\/fi\/wp-json\/wp\/v2\/comments?post=128072"}],"version-history":[{"count":0,"href":"https:\/\/www.europesays.com\/fi\/wp-json\/wp\/v2\/posts\/128072\/revisions"}],"wp:featuredmedia":[{"embeddable":true,"href":"https:\/\/www.europesays.com\/fi\/wp-json\/wp\/v2\/media\/67185"}],"wp:attachment":[{"href":"https:\/\/www.europesays.com\/fi\/wp-json\/wp\/v2\/media?parent=128072"}],"wp:term":[{"taxonomy":"category","embeddable":true,"href":"https:\/\/www.europesays.com\/fi\/wp-json\/wp\/v2\/categories?post=128072"},{"taxonomy":"post_tag","embeddable":true,"href":"https:\/\/www.europesays.com\/fi\/wp-json\/wp\/v2\/tags?post=128072"}],"curies":[{"name":"wp","href":"https:\/\/api.w.org\/{rel}","templated":true}]}}