{"id":128079,"date":"2025-12-29T11:49:07","date_gmt":"2025-12-29T11:49:07","guid":{"rendered":"https:\/\/www.europesays.com\/fi\/128079\/"},"modified":"2025-12-29T11:49:07","modified_gmt":"2025-12-29T11:49:07","slug":"influenssa-jyllaa-jo-neljatta-viikkoa","status":"publish","type":"post","link":"https:\/\/www.europesays.com\/fi\/128079\/","title":{"rendered":"Influenssa jyll\u00e4\u00e4 jo nelj\u00e4tt\u00e4 viikkoa"},"content":{"rendered":"<p>Terveyden ja hyvinvoinnin laitoksen (THL) viikottaisen seurannan mukaan influenssan aktiivisuus on ollut Varsinais-Suomen hyvinvointialueella korkea jo useamman viikon ajan. Tieto perustuu perusterveydenhuollon influenssak\u00e4ynteihin.<\/p>\n<p>Influenssakausi alkoi t\u00e4n\u00e4 vuonna tavallista aikaisemmin, mutta THL suosittelee yh\u00e4 rokotuksen ottamista, erityisesti riskiryhmiin kuuluville. Rokotussuojan syntymiseen menee noin kaksi viikkoa. Riskiryhmiin luetaan kaikki alle 7-vuotiaiaat ja yli 65-vuotiaat, raskaana olevat, sairautensa tai hoitonsa vuoksi riskiryhm\u00e4\u00e4n kuuluvat, asepalveluksensa aloittavat, sosiaali- ja terveydenhuollon sek\u00e4 l\u00e4\u00e4kehuollon henkil\u00f6st\u00f6, pitk\u00e4aikaisesti laitosmaisissa olosuhteissa asuvat tai oleskelevat sek\u00e4 vakavalle influenssalle erityisen alttiiden henkil\u00f6iden l\u00e4hipiiri.<\/p>\n<p>Influenssaviruksille on ominaista nopea muuntuminen ja influenssakauden aikana kiert\u00e4\u00e4 useita viruksen alatyyppej\u00e4.<\/p>\n<p>Kes\u00e4n aikana influenssa A-virukset ovat muuntuneet ja muuntunut H3N2-alatyypin virus on levinnyt laajasti eri puolille maailmaa. Suomessa syksyn aikana tarkemmin tutkitut influenssavirukset ovat p\u00e4\u00e4osin olleet t\u00e4t\u00e4 muuntunutta tyyppi\u00e4.<\/p>\n<p>Muuntuneen viruksen alatyypin rakenne poikkeaa Suomessakin k\u00e4ytetyn rokotteen virusrakenteesta.<\/p>\n<p>\u2013 Jos tautia aiheuttava viruskanta eroaa rokotteen valmistuksessa k\u00e4ytetyst\u00e4 kannasta, rokotteen suojateho voi olla odotettua heikompi. Rokotus on kuitenkin edelleen paras suoja influenssaa vastaan, sanoo THL:n ylil\u00e4\u00e4k\u00e4ri <b>Hanna Nohynek.<\/b> <\/p>\n<p>Rokotteen suojatehoon vaikuttavat my\u00f6s ik\u00e4, perustaudit, vastustuskyky\u00e4 alentavat hoidot sek\u00e4 kuinka kauan aikaa rokottamisesta on kulunut ennen influenssatartuntaan.<\/p>\n<p>Influenssan lis\u00e4ksi t\u00e4ll\u00e4 hetkell\u00e4 on liikkeell\u00e4 useita muitakin hengitystieinfektioita aiheuttavia viruksia.<\/p>\n<p>Hengitystieinfektioita voidaan est\u00e4\u00e4 asiantuntijoiden mukaan seuraavin keinoin: Ota suositellut rokotukset, pese k\u00e4det, k\u00e4yt\u00e4 k\u00e4sidesi\u00e4, yski ja aivasta hihaan, arvioi oma riskisi ja k\u00e4yt\u00e4 tarvittaessa maskia ja pid\u00e4 et\u00e4isyytt\u00e4. Kotona pid\u00e4 lis\u00e4ksi huolehdi ilmanvaihdosta.<\/p>\n<p>Jos kuitenkin sairastut niin sairasta kotona, jotta et tartuta muita. Useimmissa tapauksissa hoidoksi riitt\u00e4\u00e4 oireenmukainen hoito ja lepo. Jos yleisvointi heikkenee, oireet ovat vakavia tai pahenevat, on syyt\u00e4 hakeutua terveydenhuoltoon.<\/p>\n<p>Pelkkien oireiden perusteella ei voi p\u00e4\u00e4tell\u00e4 taudin aiheuttajaa. Influenssan hoidossa voidaan k\u00e4ytt\u00e4\u00e4 virusl\u00e4\u00e4kkeit\u00e4 l\u00e4\u00e4k\u00e4rin arvion mukaan, mutta hoito on aloitettava riitt\u00e4v\u00e4n varhain.<\/p>\n","protected":false},"excerpt":{"rendered":"Terveyden ja hyvinvoinnin laitoksen (THL) viikottaisen seurannan mukaan influenssan aktiivisuus on ollut Varsinais-Suomen hyvinvointialueella korkea jo useamman viikon&hellip;\n","protected":false},"author":2,"featured_media":128080,"comment_status":"","ping_status":"","sticky":false,"template":"","format":"standard","meta":{"footnotes":""},"categories":[165],"tags":[33,31,30,166,32,167],"class_list":{"0":"post-128079","1":"post","2":"type-post","3":"status-publish","4":"format-standard","5":"has-post-thumbnail","7":"category-terveys","8":"tag-fi","9":"tag-finland","10":"tag-finnish","11":"tag-health","12":"tag-suomi","13":"tag-terveys"},"share_on_mastodon":{"url":"https:\/\/pubeurope.com\/@fi\/115802706013603615","error":""},"_links":{"self":[{"href":"https:\/\/www.europesays.com\/fi\/wp-json\/wp\/v2\/posts\/128079","targetHints":{"allow":["GET"]}}],"collection":[{"href":"https:\/\/www.europesays.com\/fi\/wp-json\/wp\/v2\/posts"}],"about":[{"href":"https:\/\/www.europesays.com\/fi\/wp-json\/wp\/v2\/types\/post"}],"author":[{"embeddable":true,"href":"https:\/\/www.europesays.com\/fi\/wp-json\/wp\/v2\/users\/2"}],"replies":[{"embeddable":true,"href":"https:\/\/www.europesays.com\/fi\/wp-json\/wp\/v2\/comments?post=128079"}],"version-history":[{"count":0,"href":"https:\/\/www.europesays.com\/fi\/wp-json\/wp\/v2\/posts\/128079\/revisions"}],"wp:featuredmedia":[{"embeddable":true,"href":"https:\/\/www.europesays.com\/fi\/wp-json\/wp\/v2\/media\/128080"}],"wp:attachment":[{"href":"https:\/\/www.europesays.com\/fi\/wp-json\/wp\/v2\/media?parent=128079"}],"wp:term":[{"taxonomy":"category","embeddable":true,"href":"https:\/\/www.europesays.com\/fi\/wp-json\/wp\/v2\/categories?post=128079"},{"taxonomy":"post_tag","embeddable":true,"href":"https:\/\/www.europesays.com\/fi\/wp-json\/wp\/v2\/tags?post=128079"}],"curies":[{"name":"wp","href":"https:\/\/api.w.org\/{rel}","templated":true}]}}