{"id":128081,"date":"2025-12-29T11:50:09","date_gmt":"2025-12-29T11:50:09","guid":{"rendered":"https:\/\/www.europesays.com\/fi\/128081\/"},"modified":"2025-12-29T11:50:09","modified_gmt":"2025-12-29T11:50:09","slug":"leevi-selanne-sai-sopimuksen","status":"publish","type":"post","link":"https:\/\/www.europesays.com\/fi\/128081\/","title":{"rendered":"Leevi Sel\u00e4nne sai sopimuksen"},"content":{"rendered":"<p>Sel\u00e4nne jatkaa Suomi-sarjassa.<\/p>\n<p><img decoding=\"async\" class=\"image image-show image-preview\" src=\"https:\/\/www.europesays.com\/fi\/wp-content\/uploads\/2025\/08\/80ee2ff00e5d9e1be540faa0c59a3d1470fd77cc129ebc33eb10aeed3f3efde0.jpg\" alt=\"\"\/><img decoding=\"async\" class=\"image image-show\" src=\"https:\/\/www.europesays.com\/fi\/wp-content\/uploads\/2025\/08\/1756121768_954_80ee2ff00e5d9e1be540faa0c59a3d1470fd77cc129ebc33eb10aeed3f3efde0.jpg\" alt=\"\"\/><\/p>\n<p>Leevi Sel\u00e4nne jatkaa uraansa Suomen kolmanneksi korkeimmalla sarjatasolla. Tomi Natri \/ AOP<\/p>\n<p class=\"paragraph\">Leevi Sel\u00e4nne jatkaa loppukauden ajan j\u00e4\u00e4kiekon kolmanneksi korkeimmalla sarjatasolla, Suomi-sarjassa.<\/p>\n<p class=\"paragraph\">J\u00e4rvenp\u00e4\u00e4n Haukat kertoi maanantaina tehneens\u00e4 sopimuksen Sel\u00e4nteen kanssa. Sel\u00e4nne siirtyi Haukkoihin koeajalle marraskuussa.<\/p>\n<p class=\"paragraph\">Tulosta tuli. Kuudessa ottelussa Sel\u00e4nne on tehnyt pisteet 4+3=7.<\/p>\n<p class=\"paragraph\">Viime kaudella Sel\u00e4nne pelasi Ruotsin nelj\u00e4nneksi korkeimmalla sarjatasolla. T\u00e4ll\u00e4 kaudella h\u00e4n yritti murtautua Mestiksen Joensuun Kiekko-Poikien kokoonpanoon, mutta sopimus purettiin marraskuussa.<\/p>\n<p><a href=\"https:\/\/www.iltalehti.fi\/telkku\/?utm_source=iltalehti.fi&amp;utm_medium=almainternal&amp;utm_campaign=urheilu_artikkelibanneri&amp;utm_content=banner_612_a\" rel=\"nofollow noopener\" target=\"_blank\"><img decoding=\"async\" src=\"https:\/\/www.europesays.com\/fi\/wp-content\/uploads\/2025\/08\/7ef604e47d46ca174b7df4149bd3557dbde56a86d520f8e1b2125548b0a2e03a.png\" alt=\"TV-ohjelmat t\u00e4n\u00e4\u00e4n, TV-opas\"\/><\/a><\/p>\n","protected":false},"excerpt":{"rendered":"Sel\u00e4nne jatkaa Suomi-sarjassa. Leevi Sel\u00e4nne jatkaa uraansa Suomen kolmanneksi korkeimmalla sarjatasolla. Tomi Natri \/ AOP Leevi Sel\u00e4nne jatkaa&hellip;\n","protected":false},"author":2,"featured_media":91413,"comment_status":"","ping_status":"","sticky":false,"template":"","format":"standard","meta":{"footnotes":""},"categories":[158],"tags":[35,1274,33,31,30,1143,41,1146,159,32,1145,160],"class_list":{"0":"post-128081","1":"post","2":"type-post","3":"status-publish","4":"format-standard","5":"has-post-thumbnail","7":"category-urheilu","8":"tag-24h","9":"tag-ammattiurheilu","10":"tag-fi","11":"tag-finland","12":"tag-finnish","13":"tag-jaakiekko","14":"tag-liikunta-ja-urheilu","15":"tag-miesten-jaakiekko","16":"tag-sports","17":"tag-suomi","18":"tag-talviurheilu","19":"tag-urheilu"},"share_on_mastodon":{"url":"https:\/\/pubeurope.com\/@fi\/115802709972144435","error":""},"_links":{"self":[{"href":"https:\/\/www.europesays.com\/fi\/wp-json\/wp\/v2\/posts\/128081","targetHints":{"allow":["GET"]}}],"collection":[{"href":"https:\/\/www.europesays.com\/fi\/wp-json\/wp\/v2\/posts"}],"about":[{"href":"https:\/\/www.europesays.com\/fi\/wp-json\/wp\/v2\/types\/post"}],"author":[{"embeddable":true,"href":"https:\/\/www.europesays.com\/fi\/wp-json\/wp\/v2\/users\/2"}],"replies":[{"embeddable":true,"href":"https:\/\/www.europesays.com\/fi\/wp-json\/wp\/v2\/comments?post=128081"}],"version-history":[{"count":0,"href":"https:\/\/www.europesays.com\/fi\/wp-json\/wp\/v2\/posts\/128081\/revisions"}],"wp:featuredmedia":[{"embeddable":true,"href":"https:\/\/www.europesays.com\/fi\/wp-json\/wp\/v2\/media\/91413"}],"wp:attachment":[{"href":"https:\/\/www.europesays.com\/fi\/wp-json\/wp\/v2\/media?parent=128081"}],"wp:term":[{"taxonomy":"category","embeddable":true,"href":"https:\/\/www.europesays.com\/fi\/wp-json\/wp\/v2\/categories?post=128081"},{"taxonomy":"post_tag","embeddable":true,"href":"https:\/\/www.europesays.com\/fi\/wp-json\/wp\/v2\/tags?post=128081"}],"curies":[{"name":"wp","href":"https:\/\/api.w.org\/{rel}","templated":true}]}}