{"id":128082,"date":"2025-12-29T11:51:08","date_gmt":"2025-12-29T11:51:08","guid":{"rendered":"https:\/\/www.europesays.com\/fi\/128082\/"},"modified":"2025-12-29T11:51:08","modified_gmt":"2025-12-29T11:51:08","slug":"kuningas-kaarle-xvi-kustaan-yllattavat-muistot-sisaoppilaitoksesta-harvinainen-kurkistus-lapsuuteen","status":"publish","type":"post","link":"https:\/\/www.europesays.com\/fi\/128082\/","title":{"rendered":"Kuningas Kaarle XVI Kustaan yll\u00e4tt\u00e4v\u00e4t muistot sis\u00e4oppilaitoksesta &#8211; harvinainen kurkistus lapsuuteen"},"content":{"rendered":"<p>\n            Ruotsin kuningas Kaarle XVI Kustaa piti 25.12.2025 perinteisen joulupuheen.<br \/>\n            Sara Friberg\/Ruotsin hovi\n        <\/p>\n<p class=\"subtitle \">Ruotsin kuningas l\u00e4hetettiin lapsena sis\u00e4oppilaitokseen.<\/p>\n<p class=\"article-content article-content-width !bg-background\">Ruotsin kuningas  on avautunut kouluvuosistaan sis\u00e4oppilaitoksessa. Harvinainen kurkistus kuninkaan lapsuuteen saadaan <a href=\"https:\/\/areena.yle.fi\/1-76514267\" target=\"_blank\" rel=\"nofollow noopener\">Ruotsin kuningasperheen vuosi 2025 -ohjelmassa.<\/a><\/p>\n<p class=\"font-weight-bold m-font-weight-bold article-content article-content-width !bg-background\">Video: Kaarle Kustaa mokasi lapsenlapsesta kertoessaan.<\/p>\n<p class=\"article-content article-content-width !bg-background\">Ohjelmassa kuningas matkustaa yhdess\u00e4 kuningatar  kanssa juhlistamaan hallitsijan vanhan koulun Sigtunaskolanin satavuotisjuhlaa. Kaarle Kustaa opiskeli sis\u00e4oppilaitoksessa 13-vuotiaasta aina ylioppilaaksi p\u00e4\u00e4syyns\u00e4 asti.<\/p>\n<p class=\"article-content article-content-width !bg-background\">\u2013\u00a0Se oli tietysti erikoinen kokemus. Meit\u00e4 poikia oli 20\u201325 kappaletta t\u00e4\u00e4ll\u00e4 touhuamassa. Ensin asuttiin kahden hengen huoneissa, kuningas muistelee k\u00e4ydess\u00e4\u00e4n vanhassa asuntolassaan.<\/p>\n<p class=\"article-content article-content-width !bg-background\">\u2013\u00a0Olimme p\u00e4\u00e4asiassa koulussa, ja se oli monille vaikeaa. Muutto pois kotoa oli uskoakseni suuri muutos meille kaikille. Sis\u00e4oppilaitos on hiukan j\u00e4nnitt\u00e4v\u00e4 paikka.<\/p>\n<p>                <img loading=\"lazy\" decoding=\"async\" src=\"https:\/\/www.europesays.com\/fi\/wp-content\/uploads\/2025\/12\/2032718.webp.jpeg\" width=\"576\" height=\"720\" title=\"Ruotsin hovi julkaisi jouluna Drottningholmin linnassa otetun kuvan Kaarle Kustaasta perheen uuden koiran Bonnien kanssa.\" alt=\"Kuningas Kaarle XVI Kustaa antaa koiralle herkun.\" \/>            <\/p>\n<p>\n            Ruotsin hovi julkaisi jouluna Drottningholmin linnassa otetun kuvan Kaarle Kustaasta perheen uuden koiran Bonnien kanssa.<br \/>\n            Sara Friberg\/Ruotsin hovi\n        <\/p>\n<p>        <a itemprop=\"url\" href=\"https:\/\/www.seiska.fi\/kuninkaalliset\/ruotsin-hovi-uusi-perheenjasen\/2030981\" rel=\"nofollow noopener\" target=\"_blank\"><\/p>\n<p>\nRuotsin hovin yll\u00e4tysuutinen:\n<\/p>\n<p class=\"section-date\">\n        <strong class=\"article-section\" data-section=\"kuninkaalliset\"><br \/>\n            kuninkaalliset<br \/>\n        <\/strong><br \/>\n        25.12. 09:30\n    <\/p>\n<p>Ruotsin hovi: Uusi perheenj\u00e4sen!\n    <\/p>\n<p itemprop=\"description\" class=\"subtitle \">\n    Kuningasparin el\u00e4m\u00e4\u00e4n on saapunut vauhdikas lis\u00e4ys.\n<\/p>\n<p>        <\/a><\/p>\n<p>Kotona p\u00e4\u00e4si k\u00e4ym\u00e4\u00e4n harvoin<\/p>\n<p class=\"article-content article-content-width !bg-background\">\u2013\u00a0Osa viihtyy hyvin ja sopeutuu nopeasti. Toisilla se vie pitemp\u00e4\u00e4n, kun vanhemmat ovat kaukana. Lomalle p\u00e4\u00e4si vain 1\u20132 kertaa lukukaudessa. Siin\u00e4 mieless\u00e4 se oli rankkaa. Ei ollut helppoa olla pois kotoa, mutta siihen tottui.<\/p>\n<p class=\"article-content article-content-width !bg-background\">Ohjelmassa n\u00e4ytet\u00e4\u00e4n katkelmia vanhoista filmeist\u00e4, joissa Kaarle Kustaa on lapsena sis\u00e4oppilaitoksen oppitunneilla kravatti kaulassaan ja puku p\u00e4\u00e4ll\u00e4\u00e4n.<\/p>\n<p class=\"article-content article-content-width !bg-background\">\u2013\u00a0El\u00e4m\u00e4 t\u00e4\u00e4ll\u00e4 oli toisaalta vapaampaa kuin Kuninkaanlinnassa. Tukholmassa en voinut liikkua vapaasti kaupungilla. T\u00e4\u00e4ll\u00e4 se onnistui, ja minulle se oli sen vuoksi helpompaa, Kaarle Kustaa paljastaa sis\u00e4oppilaitoksen tuoman yll\u00e4tt\u00e4v\u00e4n edun.<\/p>\n<p class=\"article-content article-content-width !bg-background\">Kuningas sanoo olevansa edelleen yst\u00e4v\u00e4 monen vanhan koulukaverinsa kanssa.<\/p>\n<p class=\"italic m-italic article-content article-content-width !bg-background\">Ruotsin kuningasperheen vuosi 2025 -ohjelma on jo katsottavissa Yle Areenassa. Ohjelma esitet\u00e4\u00e4n 29.12. kello 20.00 Yle Teema &amp; Femill\u00e4.<\/p>\n<p>        <a itemprop=\"url\" href=\"https:\/\/www.seiska.fi\/kuninkaalliset\/kuninkaallisilla-on-karmeita-kutsumanimia-tiesitko-naita\/1554172\" rel=\"nofollow noopener\" target=\"_blank\"><\/p>\n<p class=\"section-date\">\n        <strong class=\"article-section\" data-section=\"kuninkaalliset\"><br \/>\n            kuninkaalliset<br \/>\n        <\/strong><br \/>\n        29.12.2024 18:00\n    <\/p>\n<p>Kuninkaallisilla on karmeita kutsumanimi\u00e4 \u2013 tiesitk\u00f6 n\u00e4it\u00e4?\n    <\/p>\n<p itemprop=\"description\" class=\"subtitle \">\n    Niin perheill\u00e4 kuin kansalaisillakin on kuninkaallisille omia lempi- ja kutsumanimi\u00e4.\n<\/p>\n<p>        <\/a><\/p>\n","protected":false},"excerpt":{"rendered":"Ruotsin kuningas Kaarle XVI Kustaa piti 25.12.2025 perinteisen joulupuheen. Sara Friberg\/Ruotsin hovi Ruotsin kuningas l\u00e4hetettiin lapsena sis\u00e4oppilaitokseen. Ruotsin&hellip;\n","protected":false},"author":2,"featured_media":128083,"comment_status":"","ping_status":"","sticky":false,"template":"","format":"standard","meta":{"footnotes":""},"categories":[130],"tags":[137,33,31,30,21266,16731,22739,19907,22738,32,109,913,6906],"class_list":{"0":"post-128082","1":"post","2":"type-post","3":"status-publish","4":"format-standard","5":"has-post-thumbnail","7":"category-viihde","8":"tag-entertainment","9":"tag-fi","10":"tag-finland","11":"tag-finnish","12":"tag-kaarle-xvi-kustaa","13":"tag-ruotsin-kuningasperhe","14":"tag-sigtunaskolan","15":"tag-silvia","16":"tag-sisaoppilaitos","17":"tag-suomi","18":"tag-viihde","19":"tag-yle-areena","20":"tag-yle-teema-fem"},"share_on_mastodon":{"url":"https:\/\/pubeurope.com\/@fi\/115802713821419100","error":""},"_links":{"self":[{"href":"https:\/\/www.europesays.com\/fi\/wp-json\/wp\/v2\/posts\/128082","targetHints":{"allow":["GET"]}}],"collection":[{"href":"https:\/\/www.europesays.com\/fi\/wp-json\/wp\/v2\/posts"}],"about":[{"href":"https:\/\/www.europesays.com\/fi\/wp-json\/wp\/v2\/types\/post"}],"author":[{"embeddable":true,"href":"https:\/\/www.europesays.com\/fi\/wp-json\/wp\/v2\/users\/2"}],"replies":[{"embeddable":true,"href":"https:\/\/www.europesays.com\/fi\/wp-json\/wp\/v2\/comments?post=128082"}],"version-history":[{"count":0,"href":"https:\/\/www.europesays.com\/fi\/wp-json\/wp\/v2\/posts\/128082\/revisions"}],"wp:featuredmedia":[{"embeddable":true,"href":"https:\/\/www.europesays.com\/fi\/wp-json\/wp\/v2\/media\/128083"}],"wp:attachment":[{"href":"https:\/\/www.europesays.com\/fi\/wp-json\/wp\/v2\/media?parent=128082"}],"wp:term":[{"taxonomy":"category","embeddable":true,"href":"https:\/\/www.europesays.com\/fi\/wp-json\/wp\/v2\/categories?post=128082"},{"taxonomy":"post_tag","embeddable":true,"href":"https:\/\/www.europesays.com\/fi\/wp-json\/wp\/v2\/tags?post=128082"}],"curies":[{"name":"wp","href":"https:\/\/api.w.org\/{rel}","templated":true}]}}