{"id":128088,"date":"2025-12-29T11:56:09","date_gmt":"2025-12-29T11:56:09","guid":{"rendered":"https:\/\/www.europesays.com\/fi\/128088\/"},"modified":"2025-12-29T11:56:09","modified_gmt":"2025-12-29T11:56:09","slug":"muutoksia-kaupunginelainlaakareiden-palveluihin-lohjan-kaupunki","status":"publish","type":"post","link":"https:\/\/www.europesays.com\/fi\/128088\/","title":{"rendered":"Muutoksia kaupunginel\u00e4inl\u00e4\u00e4k\u00e4reiden palveluihin | Lohjan kaupunki"},"content":{"rendered":"<p><strong><\/p>\n<p>Vuoden 2026 alussa tulee voimaan uusi el\u00e4inl\u00e4\u00e4kint\u00e4huoltolaki. Laki tuo muutoksia kaupunginel\u00e4inl\u00e4\u00e4k\u00e4reiden vastaanottojen asiakkaille.<\/p>\n<p><\/strong><\/p>\n<p>Lohjan ymp\u00e4rist\u00f6terveyspalvelut tuottaa julkiset el\u00e4inl\u00e4\u00e4k\u00e4ripalvelut Karkkilassa, Lohjalla, Siuntiossa ja Vihdiss\u00e4. Alueella on nelj\u00e4 kunnallista el\u00e4inl\u00e4\u00e4k\u00e4rivastaanottoa: Lohjalla Pusulassa, M\u00e4ntynummella, Karkkilassa ja Vihdin kirkonkyl\u00e4ll\u00e4.<\/p>\n<p>Vastaanottok\u00e4ynneist\u00e4 on nykyisinkin veloitettu klinikkamaksua kunnalle, mutta el\u00e4inl\u00e4\u00e4k\u00e4ri on ker\u00e4nnyt maksut itselleen oman toimenpide-, l\u00e4\u00e4ke- ja tarvikelaskunsa yhteydess\u00e4 ja tilitt\u00e4nyt kunnan osuuden j\u00e4lkik\u00e4teen ty\u00f6nantajalle.<\/p>\n<p>Tammikuusta l\u00e4htien asiakas tekee vastaanotolla kaksi erillist\u00e4 maksusuoritusta<\/p>\n<p>El\u00e4inl\u00e4\u00e4k\u00e4rille maksetaan entiseen tapaan, mutta klinikkamaksu maksetaan suoraa Lohjan kaupungille. Maksutapoina ovat maksukortti tai j\u00e4lkik\u00e4teen kotiin l\u00e4hetett\u00e4v\u00e4 lasku. Kaupungin osuutta ei voi maksaa k\u00e4teisell\u00e4. Laskulla maksavan on varauduttava todistamaan henkil\u00f6llisyytens\u00e4.<\/p>\n<p>Klinikkamaksun suuruus arkisin p\u00e4iv\u00e4saikaan pysyy ennallaan (16 \u20ac). P\u00e4ivystyspotilailta klinikkamaksu on 24 \u20ac. Klinikkamaksu veloitetaan vastaanottok\u00e4ynneist\u00e4, ei el\u00e4inl\u00e4\u00e4k\u00e4rin k\u00e4ynneist\u00e4 el\u00e4inten pitopaikkoihin.<\/p>\n<p>T\u00e4ydent\u00e4v\u00e4n palvelun maksu<\/p>\n<p>Klinikkamaksun lis\u00e4ksi k\u00e4ytt\u00f6\u00f6n tulee joissakin toimenpiteiss\u00e4 uusi t\u00e4ydent\u00e4v\u00e4n palvelun maksu. T\u00e4m\u00e4n maksun tulee kattaa todelliset, kunnalle palvelun tuottamisesta aiheutuneet kulut. Sek\u00e4 kansallinen- ett\u00e4 EU:n-kilpailulains\u00e4\u00e4d\u00e4nt\u00f6 edellytt\u00e4v\u00e4t lis\u00e4maksua, jotta kunta ei v\u00e4\u00e4rist\u00e4 kilpailua ja hankaloita yksityisten el\u00e4inl\u00e4\u00e4k\u00e4riasemien toimintaedellytyksi\u00e4.<\/p>\n<p>T\u00e4ydent\u00e4v\u00e4n palvelun maksua perit\u00e4\u00e4n mm. vastaanotolla teht\u00e4vist\u00e4 ultra\u00e4\u00e4nitutkimuksista ja monista leikkaustoimenpiteist\u00e4. Maksu perit\u00e4\u00e4n my\u00f6s, jos kiireet\u00f6nt\u00e4 palvelua annetaan oman alueen ulkopuolelta tuleville asiakkaille. T\u00e4ydent\u00e4v\u00e4n palvelun maksun suuruus on 56 \u20ac tunnilta, ja se veloitetaan aikaperusteisesti 15 minuutin tarkkuudella.<\/p>\n<p>Pienel\u00e4inten peruspalveluista, tuotantoel\u00e4inten palveluista tai kiireellisen el\u00e4inl\u00e4\u00e4k\u00e4riavun antamisesta ei perit\u00e4 t\u00e4ydent\u00e4v\u00e4n palvelun maksua. N\u00e4iden palvelujen kohtuuhintainen saatavuus on haluttu turvata el\u00e4insuojelullisista syist\u00e4 ja hyv\u00e4n kansallisen el\u00e4interveystilanteen turvaamiseksi.<\/p>\n","protected":false},"excerpt":{"rendered":"Vuoden 2026 alussa tulee voimaan uusi el\u00e4inl\u00e4\u00e4kint\u00e4huoltolaki. Laki tuo muutoksia kaupunginel\u00e4inl\u00e4\u00e4k\u00e4reiden vastaanottojen asiakkaille. Lohjan ymp\u00e4rist\u00f6terveyspalvelut tuottaa julkiset el\u00e4inl\u00e4\u00e4k\u00e4ripalvelut&hellip;\n","protected":false},"author":2,"featured_media":128089,"comment_status":"","ping_status":"","sticky":false,"template":"","format":"standard","meta":{"footnotes":""},"categories":[12],"tags":[22,23,26,27,33,31,30,17,24,25,28,29,15,18,21,32,19,20,16],"class_list":{"0":"post-128088","1":"post","2":"type-post","3":"status-publish","4":"format-standard","5":"has-post-thumbnail","7":"category-suomi","8":"tag-breaking-news","9":"tag-breakingnews","10":"tag-featured-news","11":"tag-featurednews","12":"tag-fi","13":"tag-finland","14":"tag-finnish","15":"tag-headlines","16":"tag-latest-news","17":"tag-latestnews","18":"tag-main-news","19":"tag-mainnews","20":"tag-news","21":"tag-otsikot","22":"tag-paauutiset","23":"tag-suomi","24":"tag-top-stories","25":"tag-topstories","26":"tag-uutiset"},"share_on_mastodon":{"url":"https:\/\/pubeurope.com\/@fi\/115802733527828005","error":""},"_links":{"self":[{"href":"https:\/\/www.europesays.com\/fi\/wp-json\/wp\/v2\/posts\/128088","targetHints":{"allow":["GET"]}}],"collection":[{"href":"https:\/\/www.europesays.com\/fi\/wp-json\/wp\/v2\/posts"}],"about":[{"href":"https:\/\/www.europesays.com\/fi\/wp-json\/wp\/v2\/types\/post"}],"author":[{"embeddable":true,"href":"https:\/\/www.europesays.com\/fi\/wp-json\/wp\/v2\/users\/2"}],"replies":[{"embeddable":true,"href":"https:\/\/www.europesays.com\/fi\/wp-json\/wp\/v2\/comments?post=128088"}],"version-history":[{"count":0,"href":"https:\/\/www.europesays.com\/fi\/wp-json\/wp\/v2\/posts\/128088\/revisions"}],"wp:featuredmedia":[{"embeddable":true,"href":"https:\/\/www.europesays.com\/fi\/wp-json\/wp\/v2\/media\/128089"}],"wp:attachment":[{"href":"https:\/\/www.europesays.com\/fi\/wp-json\/wp\/v2\/media?parent=128088"}],"wp:term":[{"taxonomy":"category","embeddable":true,"href":"https:\/\/www.europesays.com\/fi\/wp-json\/wp\/v2\/categories?post=128088"},{"taxonomy":"post_tag","embeddable":true,"href":"https:\/\/www.europesays.com\/fi\/wp-json\/wp\/v2\/tags?post=128088"}],"curies":[{"name":"wp","href":"https:\/\/api.w.org\/{rel}","templated":true}]}}