{"id":128094,"date":"2025-12-29T12:14:06","date_gmt":"2025-12-29T12:14:06","guid":{"rendered":"https:\/\/www.europesays.com\/fi\/128094\/"},"modified":"2025-12-29T12:14:06","modified_gmt":"2025-12-29T12:14:06","slug":"james-cameron-vihaa-alien-3n-alkua-edelleen-tyhmin-paatos-ikina","status":"publish","type":"post","link":"https:\/\/www.europesays.com\/fi\/128094\/","title":{"rendered":"James Cameron vihaa Alien 3:n alkua edelleen: \u201cTyhmin p\u00e4\u00e4t\u00f6s ikin\u00e4\u201d"},"content":{"rendered":"<p>Aliens-elokuvan ohjannut James Cameron ei ole David Fincherin Alien 3:n fani.<\/p>\n<p>Ridley Scott saneli alkuper\u00e4iset nuotit ohjatessaan ensimm\u00e4isen Alien-elokuvan, mutta tarinaa jatkoi Aliensissa <a href=\"https:\/\/muropaketti.com\/avainsana\/james-cameron\/\" rel=\"nofollow noopener\" target=\"_blank\">James Cameron<\/a>. Kolmannen Alienin ohjasi puolestaan urallaan vasta alussa oleva David Fincher.<\/p>\n<p>Cameron kertoo pit\u00e4v\u00e4ns\u00e4 Fincherin ty\u00f6st\u00e4, mutta Alien 3:ssa oli juonenk\u00e4\u00e4nne, jota h\u00e4n ei ymm\u00e4rr\u00e4 lainkaan. Kyseess\u00e4 on elokuvan alussa n\u00e4ht\u00e4v\u00e4 kohtaus, miss\u00e4 Michael Biehnin, Lance Henriksenin ja Carrie Hennin hahmot tapetaan ja Sigourney Weaverin esitt\u00e4m\u00e4 Ripley j\u00e4\u00e4 seikkailuun ainoana selviytyj\u00e4n\u00e4.<\/p>\n<p><a href=\"https:\/\/youtu.be\/8vEYRARBXxk?si=Dav5l-w0Yxg0v5Ef\" target=\"_blank\" rel=\"noreferrer noopener nofollow\">Biehnin kanssa k\u00e4ym\u00e4ss\u00e4\u00e4n keskustelussa<\/a> Cameron kertoo h\u00e4mm\u00e4stelev\u00e4ns\u00e4 tuota p\u00e4\u00e4t\u00f6st\u00e4 edelleen.<\/p>\n<p>\u201dMielest\u00e4ni se oli aivan vitun typer\u00e4 juttu. Ett\u00e4 ensin rakennetaan paljon hyv\u00e4\u00e4 tahtoa kaikkien tuntemien hahmojen, kuten Hicksin, Newtin ja Bishopin, ymp\u00e4rille, ja sitten seuraavassa elokuvassa heid\u00e4t tapetaan kaikki. He ovat todella fiksuja tyyppej\u00e4, ja sitten heid\u00e4t korvataan joukolla [hiton] vankeja, joita kaikki vihaavat. Ja joiden halutaan vain kuolevan. Todella fiksua. Olen Fincherin ja h\u00e4nen t\u00f6idens\u00e4 suuri fani. Se oli h\u00e4nen ensimm\u00e4inen pitk\u00e4 elokuvansa, ja monet muut \u00e4\u00e4net ja kaikki muu h\u00e4mmensiv\u00e4t h\u00e4nt\u00e4. Joten annan armoa sen suhteen\u201d, Cameron kertoo.<\/p>\n<p>Katso koko haastattelu t\u00e4st\u00e4 videosta:<\/p>\n<p>Cameron on itse viime vuosina keskittynyt Avatar-elokuviinsa, joista kolmas, Avatar: Fire and Ash julkaistiin elokuvateattereissa ennen joulua.<\/p>\n","protected":false},"excerpt":{"rendered":"Aliens-elokuvan ohjannut James Cameron ei ole David Fincherin Alien 3:n fani. Ridley Scott saneli alkuper\u00e4iset nuotit ohjatessaan ensimm\u00e4isen&hellip;\n","protected":false},"author":2,"featured_media":60645,"comment_status":"","ping_status":"","sticky":false,"template":"","format":"standard","meta":{"footnotes":""},"categories":[131],"tags":[2241,22740,3993,155,137,33,173,31,30,434,172,32,109],"class_list":{"0":"post-128094","1":"post","2":"type-post","3":"status-publish","4":"format-standard","5":"has-post-thumbnail","7":"category-elokuvat","8":"tag-alien","9":"tag-alien-3","10":"tag-david-fincher","11":"tag-elokuvat","12":"tag-entertainment","13":"tag-fi","14":"tag-film","15":"tag-finland","16":"tag-finnish","17":"tag-james-cameron","18":"tag-movies","19":"tag-suomi","20":"tag-viihde"},"share_on_mastodon":{"url":"https:\/\/pubeurope.com\/@fi\/115802804256549859","error":""},"_links":{"self":[{"href":"https:\/\/www.europesays.com\/fi\/wp-json\/wp\/v2\/posts\/128094","targetHints":{"allow":["GET"]}}],"collection":[{"href":"https:\/\/www.europesays.com\/fi\/wp-json\/wp\/v2\/posts"}],"about":[{"href":"https:\/\/www.europesays.com\/fi\/wp-json\/wp\/v2\/types\/post"}],"author":[{"embeddable":true,"href":"https:\/\/www.europesays.com\/fi\/wp-json\/wp\/v2\/users\/2"}],"replies":[{"embeddable":true,"href":"https:\/\/www.europesays.com\/fi\/wp-json\/wp\/v2\/comments?post=128094"}],"version-history":[{"count":0,"href":"https:\/\/www.europesays.com\/fi\/wp-json\/wp\/v2\/posts\/128094\/revisions"}],"wp:featuredmedia":[{"embeddable":true,"href":"https:\/\/www.europesays.com\/fi\/wp-json\/wp\/v2\/media\/60645"}],"wp:attachment":[{"href":"https:\/\/www.europesays.com\/fi\/wp-json\/wp\/v2\/media?parent=128094"}],"wp:term":[{"taxonomy":"category","embeddable":true,"href":"https:\/\/www.europesays.com\/fi\/wp-json\/wp\/v2\/categories?post=128094"},{"taxonomy":"post_tag","embeddable":true,"href":"https:\/\/www.europesays.com\/fi\/wp-json\/wp\/v2\/tags?post=128094"}],"curies":[{"name":"wp","href":"https:\/\/api.w.org\/{rel}","templated":true}]}}