{"id":128095,"date":"2025-12-29T12:16:11","date_gmt":"2025-12-29T12:16:11","guid":{"rendered":"https:\/\/www.europesays.com\/fi\/128095\/"},"modified":"2025-12-29T12:16:11","modified_gmt":"2025-12-29T12:16:11","slug":"ristomatti-hakola-keskeyttaa-tour-de-skin","status":"publish","type":"post","link":"https:\/\/www.europesays.com\/fi\/128095\/","title":{"rendered":"Ristomatti Hakola keskeytt\u00e4\u00e4 Tour de Skin"},"content":{"rendered":"<p>Hiihto|Suomalaishiiht\u00e4j\u00e4 k\u00e4rsii sairastelusta.<\/p>\n<p class=\"article-body mb-nof-24 px-nof-16\">Toblach<\/p>\n<p class=\"article-body mb-nof-24 px-nof-16\">Hiiht\u00e4j\u00e4 <a class=\"article-personlink\" href=\"https:\/\/www.hs.fi\/haku\/?query=Ristomatti%20Hakola\" rel=\"nofollow noopener\" target=\"_blank\">Ristomatti Hakola<\/a> keskeytt\u00e4\u00e4 Tour de Skin heti ensimm\u00e4isen etapin j\u00e4lkeen.<\/p>\n<p class=\"article-body mb-nof-24 px-nof-16\">Hakola, 34, tiedotti ratkaisustaan maanantaiaamuna sosiaalisessa mediassa. H\u00e4n kertoo k\u00e4rsiv\u00e4ns\u00e4 sairasteluista.<\/p>\n<p class=\"article-body mb-nof-24 px-nof-16\">\u201dDavosin maailmancupin j\u00e4lkeen oli pient\u00e4 sairastelua, ja Davosin leiri meni enemm\u00e4n ja v\u00e4hemm\u00e4n pl\u00f6rin\u00e4ksi. Nyt taas lenssu p\u00e4\u00e4ll\u00e4, joten ei auta kuin puhaltaa peli poikki\u201d, Hakola kirjoittaa.<\/p>\n<p class=\"article-body mb-nof-24 px-nof-16\">\u201dJouluaatto k\u00f6k\u00f6tettiin yksin hotellihuoneessa, ja t\u00e4ss\u00e4 on lopputulos. Urheilu on parhaimmillaan todella mukavaa ja paskimmillaan todella persiist\u00e4\u201d, Hakola jatkaa.<\/p>\n<p class=\"article-body mb-nof-24 px-nof-16\">Hakola j\u00e4i karsintaan sunnuntaina Tourin avanneessa vapaan sprintiss\u00e4. H\u00e4nen sijoituksensa oli 85:s.<\/p>\n<p class=\"article-body mb-nof-24 px-nof-16\">Tour de Ski jatkuu maanantaina perinteisen kymmenen kilometrin v\u00e4liaikal\u00e4hd\u00f6ill\u00e4. Miesten kisa alkaa kello 12.45, naisten 15.45.<\/p>\n","protected":false},"excerpt":{"rendered":"Hiihto|Suomalaishiiht\u00e4j\u00e4 k\u00e4rsii sairastelusta. Toblach Hiiht\u00e4j\u00e4 Ristomatti Hakola keskeytt\u00e4\u00e4 Tour de Skin heti ensimm\u00e4isen etapin j\u00e4lkeen. Hakola, 34, tiedotti&hellip;\n","protected":false},"author":2,"featured_media":128096,"comment_status":"","ping_status":"","sticky":false,"template":"","format":"standard","meta":{"footnotes":""},"categories":[158],"tags":[33,31,30,46,159,32,160],"class_list":{"0":"post-128095","1":"post","2":"type-post","3":"status-publish","4":"format-standard","5":"has-post-thumbnail","7":"category-urheilu","8":"tag-fi","9":"tag-finland","10":"tag-finnish","11":"tag-helsingin-sanomat","12":"tag-sports","13":"tag-suomi","14":"tag-urheilu"},"share_on_mastodon":{"url":"https:\/\/pubeurope.com\/@fi\/115802812236352063","error":""},"_links":{"self":[{"href":"https:\/\/www.europesays.com\/fi\/wp-json\/wp\/v2\/posts\/128095","targetHints":{"allow":["GET"]}}],"collection":[{"href":"https:\/\/www.europesays.com\/fi\/wp-json\/wp\/v2\/posts"}],"about":[{"href":"https:\/\/www.europesays.com\/fi\/wp-json\/wp\/v2\/types\/post"}],"author":[{"embeddable":true,"href":"https:\/\/www.europesays.com\/fi\/wp-json\/wp\/v2\/users\/2"}],"replies":[{"embeddable":true,"href":"https:\/\/www.europesays.com\/fi\/wp-json\/wp\/v2\/comments?post=128095"}],"version-history":[{"count":0,"href":"https:\/\/www.europesays.com\/fi\/wp-json\/wp\/v2\/posts\/128095\/revisions"}],"wp:featuredmedia":[{"embeddable":true,"href":"https:\/\/www.europesays.com\/fi\/wp-json\/wp\/v2\/media\/128096"}],"wp:attachment":[{"href":"https:\/\/www.europesays.com\/fi\/wp-json\/wp\/v2\/media?parent=128095"}],"wp:term":[{"taxonomy":"category","embeddable":true,"href":"https:\/\/www.europesays.com\/fi\/wp-json\/wp\/v2\/categories?post=128095"},{"taxonomy":"post_tag","embeddable":true,"href":"https:\/\/www.europesays.com\/fi\/wp-json\/wp\/v2\/tags?post=128095"}],"curies":[{"name":"wp","href":"https:\/\/api.w.org\/{rel}","templated":true}]}}