{"id":128104,"date":"2025-12-29T12:22:10","date_gmt":"2025-12-29T12:22:10","guid":{"rendered":"https:\/\/www.europesays.com\/fi\/128104\/"},"modified":"2025-12-29T12:22:10","modified_gmt":"2025-12-29T12:22:10","slug":"yhteisollisen-asumisen-palvelun-paattymista-valmistellaan-petajaveden-pihlajarinteella-jokaisen-asukkaan-palvelutarve-arvioidaan-yksilollisesti","status":"publish","type":"post","link":"https:\/\/www.europesays.com\/fi\/128104\/","title":{"rendered":"Yhteis\u00f6llisen asumisen palvelun p\u00e4\u00e4ttymist\u00e4 valmistellaan Pet\u00e4j\u00e4veden Pihlajarinteell\u00e4 \u2013 jokaisen asukkaan palvelutarve arvioidaan yksil\u00f6llisesti"},"content":{"rendered":"<p>\n      Yhteis\u00f6llisen asumisen palvelun p\u00e4\u00e4ttymist\u00e4 Pet\u00e4j\u00e4veden Pihlajarinteell\u00e4 valmistellaan. Toiminnan on suunniteltu p\u00e4\u00e4ttyv\u00e4n helmikuun loppuun 2026. Asukkaiden asuminen ja palvelut jatkuvat Pihlajarinteell\u00e4 toistaiseksi kuten t\u00e4h\u00e4nkin saakka.\u00a0\n  <\/p>\n<p>Yhteis\u00f6llisen asumisen p\u00e4\u00e4ttymisen j\u00e4lkeen Pihlajarinne jatkaa normaalina vuokratalokohteena, eik\u00e4 talossa ole en\u00e4\u00e4 Keski-Suomen hyvinvointialueen toimipistett\u00e4.\u00a0\u00a0<\/p>\n<p>Pihlajarinteen kaikkien nykyisten yhteis\u00f6llisen asumisen asukkaiden palvelutarve arvioidaan yksil\u00f6llisesti. Ik\u00e4\u00e4ntyneiden asiakasohjaus ottaa yhteytt\u00e4 jokaiseen asiakkaaseen ja sopii h\u00e4nen kanssaan tapaamisen. Tapaamisessa selvitet\u00e4\u00e4n asiakkaan yksil\u00f6llinen palvelutarve ja tarpeeseen vastaavat palvelut sek\u00e4 niihin liittyv\u00e4t maksut.\u00a0\u00a0<\/p>\n<p>Jatkossa Pihlajarinteell\u00e4 asuville asiakkaille my\u00f6nnetty s\u00e4\u00e4nn\u00f6llisen kotihoidon palvelu j\u00e4rjestet\u00e4\u00e4n alueen kotihoidosta. Jos asukas tarvitsee esimerkiksi ymp\u00e4rivuorokautista asumispalvelua, ik\u00e4\u00e4ntyneiden asiakasohjaus selvitt\u00e4\u00e4 yhdess\u00e4 asiakkaan ja h\u00e4nen l\u00e4heisens\u00e4 kanssa, mik\u00e4 on asiakkaan palvelutarvetta vastaava muu asumisyksikk\u00f6, johon h\u00e4n voisi siirty\u00e4.\u00a0<\/p>\n<p>Muutos koskee Pihlajarinteell\u00e4 seitsem\u00e4\u00e4 yhteis\u00f6llisen asumisen asiakasta. Asiakkaita ja henkil\u00f6kuntaa on tiedotettu muutoksesta.\u00a0<\/p>\n<p>Lis\u00e4tietoja:\u00a0<\/p>\n<ul>\n<li>palvelujohtaja Maarit Raappana, p. 050\u202f311 9005, maarit.raappana(at)hyvaks.fi, ik\u00e4\u00e4ntyneiden koti- ja asumispalvelut\u00a0 <\/li>\n<li>palvelup\u00e4\u00e4llikk\u00f6 Saila Rossi-Varsell, p. 040\u202f614 9803, saila.rossi-varsell(at)hyvaks.fi, ik\u00e4\u00e4ntyneiden koti- ja asumispalvelut, paikalla 5.1.2026<\/li>\n<\/ul>\n","protected":false},"excerpt":{"rendered":"Yhteis\u00f6llisen asumisen palvelun p\u00e4\u00e4ttymist\u00e4 Pet\u00e4j\u00e4veden Pihlajarinteell\u00e4 valmistellaan. Toiminnan on suunniteltu p\u00e4\u00e4ttyv\u00e4n helmikuun loppuun 2026. Asukkaiden asuminen ja palvelut&hellip;\n","protected":false},"author":2,"featured_media":128105,"comment_status":"","ping_status":"","sticky":false,"template":"","format":"standard","meta":{"footnotes":""},"categories":[12],"tags":[22,23,26,27,33,31,30,17,24,25,28,29,15,18,21,32,19,20,16],"class_list":{"0":"post-128104","1":"post","2":"type-post","3":"status-publish","4":"format-standard","5":"has-post-thumbnail","7":"category-suomi","8":"tag-breaking-news","9":"tag-breakingnews","10":"tag-featured-news","11":"tag-featurednews","12":"tag-fi","13":"tag-finland","14":"tag-finnish","15":"tag-headlines","16":"tag-latest-news","17":"tag-latestnews","18":"tag-main-news","19":"tag-mainnews","20":"tag-news","21":"tag-otsikot","22":"tag-paauutiset","23":"tag-suomi","24":"tag-top-stories","25":"tag-topstories","26":"tag-uutiset"},"share_on_mastodon":{"url":"https:\/\/pubeurope.com\/@fi\/115802835865535172","error":""},"_links":{"self":[{"href":"https:\/\/www.europesays.com\/fi\/wp-json\/wp\/v2\/posts\/128104","targetHints":{"allow":["GET"]}}],"collection":[{"href":"https:\/\/www.europesays.com\/fi\/wp-json\/wp\/v2\/posts"}],"about":[{"href":"https:\/\/www.europesays.com\/fi\/wp-json\/wp\/v2\/types\/post"}],"author":[{"embeddable":true,"href":"https:\/\/www.europesays.com\/fi\/wp-json\/wp\/v2\/users\/2"}],"replies":[{"embeddable":true,"href":"https:\/\/www.europesays.com\/fi\/wp-json\/wp\/v2\/comments?post=128104"}],"version-history":[{"count":0,"href":"https:\/\/www.europesays.com\/fi\/wp-json\/wp\/v2\/posts\/128104\/revisions"}],"wp:featuredmedia":[{"embeddable":true,"href":"https:\/\/www.europesays.com\/fi\/wp-json\/wp\/v2\/media\/128105"}],"wp:attachment":[{"href":"https:\/\/www.europesays.com\/fi\/wp-json\/wp\/v2\/media?parent=128104"}],"wp:term":[{"taxonomy":"category","embeddable":true,"href":"https:\/\/www.europesays.com\/fi\/wp-json\/wp\/v2\/categories?post=128104"},{"taxonomy":"post_tag","embeddable":true,"href":"https:\/\/www.europesays.com\/fi\/wp-json\/wp\/v2\/tags?post=128104"}],"curies":[{"name":"wp","href":"https:\/\/api.w.org\/{rel}","templated":true}]}}