{"id":128106,"date":"2025-12-29T12:23:08","date_gmt":"2025-12-29T12:23:08","guid":{"rendered":"https:\/\/www.europesays.com\/fi\/128106\/"},"modified":"2025-12-29T12:23:08","modified_gmt":"2025-12-29T12:23:08","slug":"pepe-willbergin-pauliina-puoliso-kommentoi-pyoraturman-toista-rikosnimiketta","status":"publish","type":"post","link":"https:\/\/www.europesays.com\/fi\/128106\/","title":{"rendered":"Pepe Willbergin Pauliina-puoliso kommentoi py\u00f6r\u00e4turman toista rikosnimikett\u00e4"},"content":{"rendered":"<p>Pepe Willbergi\u00e4 ep\u00e4ill\u00e4\u00e4n vammantuottamuksesta ja t\u00f6rke\u00e4st\u00e4 liikenneturvallisuuden vaarantamisesta.<\/p>\n<p class=\"article-body mb-nof-24 px-nof-16\">Laulaja <a class=\"article-personlink\" href=\"https:\/\/www.is.fi\/haku\/?query=Pertti%20%E2%80%9DPepe%E2%80%9D%20Willbergin\" rel=\"nofollow noopener\" target=\"_blank\">Pertti \u201dPepe\u201d Willbergin<\/a> puoliso <a class=\"article-personlink\" href=\"https:\/\/www.is.fi\/haku\/?query=Pauliina%20Visuri-Willberg\" rel=\"nofollow noopener\" target=\"_blank\">Pauliina Visuri-Willberg<\/a> kommentoi miehens\u00e4 uutta rikosnimikett\u00e4.<\/p>\n<p class=\"article-body mb-nof-24 px-nof-16\">Willbergin ep\u00e4ill\u00e4\u00e4n t\u00f6rm\u00e4nneen py\u00f6r\u00e4ilij\u00e4\u00e4n Helsingiss\u00e4 12. joulukuuta. Poliisi tutki tapausta aluksi t\u00f6rke\u00e4n\u00e4 liikenneturvallisuuden vaarantamisena. My\u00f6hemmin tutkintanimikkeisiin lis\u00e4ttiin vammantuottamus, sill\u00e4 poliisi katsoi, ett\u00e4 py\u00f6r\u00e4ilij\u00e4lle aiheutui \u201dv\u00e4h\u00e4ist\u00e4 suuremmat vammat\u201d.<\/p>\n<p class=\"article-body mb-nof-24 px-nof-16\">Visuri-Willberg kertoo, ettei poliisi ole viel\u00e4 kuullut h\u00e4nen puolisoaan. Aviopari ei Visuri-Willbergin mukaan tied\u00e4, mit\u00e4 on tapahtunut, mink\u00e4 takia he eiv\u00e4t voi ottaa kantaa asiaan.<\/p>\n<p class=\"article-body mb-nof-24 px-nof-16\">\u2013 Emme tied\u00e4 asiasta sen enemp\u00e4\u00e4 kuin aikanaankaan, h\u00e4n sanoo.<\/p>\n<p class=\"article-body mb-nof-24 px-nof-16\">\u2013 Kukaan ei ole kertonut yht\u00e4\u00e4n mit\u00e4\u00e4n mist\u00e4\u00e4n.<\/p>\n<p class=\"article-body mb-nof-24 px-nof-16\">Willberg on aiemmin kertonut, ettei h\u00e4n n\u00e4hnyt py\u00f6r\u00e4ilij\u00e4\u00e4. H\u00e4n poistui onnettomuuden j\u00e4lkeen, koska ei omien sanojensa mukaan huomannut, ett\u00e4 olisi t\u00f6rm\u00e4nnyt ihmiseen.<\/p>\n<p class=\"article-body mb-nof-24 px-nof-16\">Py\u00f6r\u00e4ilij\u00e4 kuljetettiin sairaalaan hoidettavaksi. H\u00e4n oli sairaalassa usean p\u00e4iv\u00e4n ajan.<\/p>\n<p class=\"article-body mb-nof-24 px-nof-16\">\u2013 Pepe toivoisi, ett\u00e4 py\u00f6r\u00e4ilij\u00e4 toipuisi nopeasti ja on tietenkin pahoillaan, ett\u00e4 on ollut t\u00e4llaisessa osallisena, vaikkei ole ollut mit\u00e4\u00e4n tarkoituksellista, Visuri-Willberg sanoo nyt.<\/p>\n<p class=\"article-body mb-nof-24 px-nof-16\">Aviopari odottaa, ett\u00e4 tutkinta etenee. He haluavat itsekin saada selville, mit\u00e4 onnettomuudessa tapahtui, kun Willberg \u201dei omasta mielest\u00e4\u00e4n tied\u00e4\u201d. Visuri-Willberg on edelleen h\u00e4mmentynyt tapauksesta.<\/p>\n<p class=\"article-body mb-nof-24 px-nof-16\">\u2013 Haluamme oikeasti tiet\u00e4\u00e4, mit\u00e4 siin\u00e4 on tapahtunut, ettei tuollaisella ajokokemuksella ole huomannut sit\u00e4 tilannetta, ett\u00e4 mist\u00e4 py\u00f6r\u00e4ilij\u00e4 on ilmestynyt. T\u00e4ll\u00e4 hetkell\u00e4 emme tied\u00e4 mit\u00e4\u00e4n. Kai se selvi\u00e4\u00e4 t\u00e4ss\u00e4 tammikuun aikana, niin uskoisin, Visuri-Willberg sanoo.<\/p>\n<p class=\"article-body mb-nof-24 px-nof-16\">\u2013 Tietysti ihan hyv\u00e4 tiet\u00e4\u00e4 t\u00e4m\u00e4 py\u00f6r\u00e4ilij\u00e4n n\u00e4k\u00f6kulma, ett\u00e4 mit\u00e4 on tapahtunut.<\/p>\n","protected":false},"excerpt":{"rendered":"Pepe Willbergi\u00e4 ep\u00e4ill\u00e4\u00e4n vammantuottamuksesta ja t\u00f6rke\u00e4st\u00e4 liikenneturvallisuuden vaarantamisesta. Laulaja Pertti \u201dPepe\u201d Willbergin puoliso Pauliina Visuri-Willberg kommentoi miehens\u00e4 uutta&hellip;\n","protected":false},"author":2,"featured_media":128107,"comment_status":"","ping_status":"","sticky":false,"template":"","format":"standard","meta":{"footnotes":""},"categories":[5],"tags":[22,23,26,27,33,31,30,17,34,24,25,28,29,15,18,21,32,19,20,16],"class_list":{"0":"post-128106","1":"post","2":"type-post","3":"status-publish","4":"format-standard","5":"has-post-thumbnail","7":"category-otsikot","8":"tag-breaking-news","9":"tag-breakingnews","10":"tag-featured-news","11":"tag-featurednews","12":"tag-fi","13":"tag-finland","14":"tag-finnish","15":"tag-headlines","16":"tag-ilta-sanomat","17":"tag-latest-news","18":"tag-latestnews","19":"tag-main-news","20":"tag-mainnews","21":"tag-news","22":"tag-otsikot","23":"tag-paauutiset","24":"tag-suomi","25":"tag-top-stories","26":"tag-topstories","27":"tag-uutiset"},"share_on_mastodon":{"url":"https:\/\/pubeurope.com\/@fi\/115802839629479420","error":""},"_links":{"self":[{"href":"https:\/\/www.europesays.com\/fi\/wp-json\/wp\/v2\/posts\/128106","targetHints":{"allow":["GET"]}}],"collection":[{"href":"https:\/\/www.europesays.com\/fi\/wp-json\/wp\/v2\/posts"}],"about":[{"href":"https:\/\/www.europesays.com\/fi\/wp-json\/wp\/v2\/types\/post"}],"author":[{"embeddable":true,"href":"https:\/\/www.europesays.com\/fi\/wp-json\/wp\/v2\/users\/2"}],"replies":[{"embeddable":true,"href":"https:\/\/www.europesays.com\/fi\/wp-json\/wp\/v2\/comments?post=128106"}],"version-history":[{"count":0,"href":"https:\/\/www.europesays.com\/fi\/wp-json\/wp\/v2\/posts\/128106\/revisions"}],"wp:featuredmedia":[{"embeddable":true,"href":"https:\/\/www.europesays.com\/fi\/wp-json\/wp\/v2\/media\/128107"}],"wp:attachment":[{"href":"https:\/\/www.europesays.com\/fi\/wp-json\/wp\/v2\/media?parent=128106"}],"wp:term":[{"taxonomy":"category","embeddable":true,"href":"https:\/\/www.europesays.com\/fi\/wp-json\/wp\/v2\/categories?post=128106"},{"taxonomy":"post_tag","embeddable":true,"href":"https:\/\/www.europesays.com\/fi\/wp-json\/wp\/v2\/tags?post=128106"}],"curies":[{"name":"wp","href":"https:\/\/api.w.org\/{rel}","templated":true}]}}