{"id":128110,"date":"2025-12-29T12:35:08","date_gmt":"2025-12-29T12:35:08","guid":{"rendered":"https:\/\/www.europesays.com\/fi\/128110\/"},"modified":"2025-12-29T12:35:08","modified_gmt":"2025-12-29T12:35:08","slug":"auri-kananen-lopettaa-siivoukset-nain-han-kommentoi","status":"publish","type":"post","link":"https:\/\/www.europesays.com\/fi\/128110\/","title":{"rendered":"Auri Kananen lopettaa siivoukset: N\u00e4in h\u00e4n kommentoi"},"content":{"rendered":"<p>Auri Kananen julkaisi eilen viimeisen siivousvideonsa.<\/p>\n<p><img decoding=\"async\" class=\"image image-show image-preview\" src=\"https:\/\/www.europesays.com\/fi\/wp-content\/uploads\/2025\/12\/1b1f56cf1ebbe476f4f782f2aebc197a6ffd686ba5d45e095f0f301ff4666919.jpg\" alt=\"\"\/><img decoding=\"async\" class=\"image image-show\" src=\"https:\/\/www.europesays.com\/fi\/wp-content\/uploads\/2025\/12\/1767011708_307_1b1f56cf1ebbe476f4f782f2aebc197a6ffd686ba5d45e095f0f301ff4666919.jpg\" alt=\"\"\/><\/p>\n<p>Auri Kananen julkaisi viimeisen siivousvideonsa. Miia Sir\u00e9n<\/p>\n<p class=\"paragraph\">Siivousvideoistaan tunnettu <a href=\"https:\/\/www.iltalehti.fi\/henkilot\/Auri Kananen\" class=\"article-link-person-page\" rel=\"nofollow noopener\" target=\"_blank\">Auri Kananen<\/a> jakoi maanantaina vuorokauden esill\u00e4 oleviin Instagram-tarinoihinsa itkuisen videon. Kananen jakoi videon englanninkieliselle tililleen.<\/p>\n<p class=\"paragraph\">\u2013 Se on todella ohi, Kananen kirjoittaa ulkona kuvatulla videolla.<\/p>\n<p class=\"paragraph\">Kananen viittaa videollaan todenn\u00e4k\u00f6isesti viimeiseen <a href=\"https:\/\/www.youtube.com\/watch?v=zHwiQ2sEK_w\" rel=\"noopener nofollow\" target=\"_blank\">siivousvideoonsa<\/a>, jonka h\u00e4n julkaisi Youtube-kanavalleen sunnuntaina. Ennen itkuista Instagram-tarinaansa Kananen oli jakanut tarinoihinsa linkin viimeiseen siivousvideoon.<\/p>\n<p class=\"paragraph\">Youtube-videon otsikossa Kananen kuvailee siivousta \u201dviimeiseksi ja parhaaksi\u201d.<\/p>\n<p class=\"paragraph\">Suomenkielisell\u00e4 Instagram-tilill\u00e4\u00e4n Kananen on vastannut seuraajansa kysymykseen siit\u00e4, miksi h\u00e4n lopetti siivousten tekemisen. Kananen perustelee asiaa esimerkiksi sill\u00e4, ett\u00e4 ty\u00f6 vaatii jatkuvaa matkustamista.<\/p>\n<p class=\"paragraph\">\u2013 Nyt kun meill\u00e4 on pieni lapsi niin en halua olla jatkuvasti tien p\u00e4\u00e4ll\u00e4, Kananen avaa Instagram-tarinassaan.<\/p>\n<p class=\"paragraph\">Kananen my\u00f6s toteaa, ettei ole voinut tehd\u00e4 rakasta harrastustaan t\u00e4ysin \u201daivot narikkaan\u201d -meiningill\u00e4. Siivousten lis\u00e4ksi ty\u00f6 on vaatinut esimerkiksi kuvaamista ja videoiden editoimista.<\/p>\n<p class=\"paragraph\">Kananen my\u00f6s toteaa muun muassa haluavansa tehd\u00e4 siivousalalla muutakin.<\/p>\n<p class=\"paragraph\">\u2013 Tarviin vaihtelua ja uusia haasteita! Kananen kirjoittaa.<\/p>\n<p class=\"paragraph\">Iltalehti tavoitti Kanasen, joka ei halunnut kommentoida viimeisen siivousvideon j\u00e4lkeisi\u00e4 tunnelmia.<\/p>\n<p>Uusi julkaisu<\/p>\n<p class=\"paragraph\">Kananen julkaisi my\u00f6hemmin englanninkieliselle tililleen p\u00e4ivityksen, jossa kiitt\u00e4\u00e4 seuraajiaan siivousurastaan. Kanasen sosiaalisen median kanavissa on noin 30 miljoonaa seuraajaa.<\/p>\n<p class=\"paragraph\">\u2013 Niin moni teist\u00e4 p\u00e4\u00e4si minut koteihinsa vaikeiden aikojenne keskell\u00e4 ja olen ikuisesti kiitollinen t\u00e4st\u00e4 luottamuksesta, Kananen kirjoittaa.<\/p>\n<p class=\"paragraph\">Kananen puhuu julkaisussaan my\u00f6s p\u00e4\u00e4t\u00f6ksest\u00e4\u00e4n lopettaa.<\/p>\n<p class=\"paragraph\">\u2013 Jotkut ihmiset ajattelevat, ett\u00e4 olen tyhm\u00e4, kun en jatka sit\u00e4, mit\u00e4 olisin voinut. Mutta totuus on, ett\u00e4 raha tai n\u00e4kyvyys ei koskaan motivoinut minua. En koskaan halunnut ker\u00e4t\u00e4 niin paljon varallisuutta kuin mahdollista tai pysytell\u00e4 parrasvaloissa. Minulle merkitt\u00e4v\u00e4\u00e4 on tehd\u00e4 jotain hyv\u00e4\u00e4 el\u00e4m\u00e4ss\u00e4 ja el\u00e4\u00e4 siivousintohimon kautta.<\/p>\n<p class=\"paragraph\">Kananen sanoo jatkavansa ty\u00f6skentely\u00e4 siivouksen parissa, muttei viel\u00e4 tied\u00e4, miten ja milloin.<\/p>\n<p class=\"paragraph\">Julkaisun lopussa Kananen viittaa syksyll\u00e4 syntyneeseen lapseensa.<\/p>\n<p class=\"paragraph\">\u2013 Uusi pieni siivooja on tullut el\u00e4m\u00e4\u00e4ni. Tai kuka tiet\u00e4\u00e4, mit\u00e4 h\u00e4nest\u00e4 tulee.<\/p>\n<p class=\"paragraph\">Jos julkaisu ei n\u00e4y, voit katsoa sen <a href=\"https:\/\/www.instagram.com\/p\/DS2L0fJjLji\/?img_index=1\" rel=\"noopener nofollow\" target=\"_blank\">t\u00e4st\u00e4 linkist\u00e4<\/a>.<\/p>\n<p class=\"paragraph\">Juttua p\u00e4ivitetty 29.12.2025 kello 14.29: Lis\u00e4tty tieto Kanasen uudesta Instagram-julkaisusta.<\/p>\n<p><script async src=\"\/\/www.instagram.com\/embed.js\"><\/script><\/p>\n","protected":false},"excerpt":{"rendered":"Auri Kananen julkaisi eilen viimeisen siivousvideonsa. Auri Kananen julkaisi viimeisen siivousvideonsa. Miia Sir\u00e9n Siivousvideoistaan tunnettu Auri Kananen jakoi&hellip;\n","protected":false},"author":2,"featured_media":128111,"comment_status":"","ping_status":"","sticky":false,"template":"","format":"standard","meta":{"footnotes":""},"categories":[136],"tags":[35,407,4492,2110,137,33,31,30,148,147,408,32,149,109],"class_list":{"0":"post-128110","1":"post","2":"type-post","3":"status-publish","4":"format-standard","5":"has-post-thumbnail","7":"category-julkkikset","8":"tag-24h","9":"tag-celebrities","10":"tag-digimedia","11":"tag-elamantapa-ja-vapaa-aika","12":"tag-entertainment","13":"tag-fi","14":"tag-finland","15":"tag-finnish","16":"tag-internet","17":"tag-internet-palvelut","18":"tag-julkkikset","19":"tag-suomi","20":"tag-tietojenkasittely-ja-informaatioteknologia","21":"tag-viihde"},"share_on_mastodon":{"url":"https:\/\/pubeurope.com\/@fi\/115802886842669574","error":""},"_links":{"self":[{"href":"https:\/\/www.europesays.com\/fi\/wp-json\/wp\/v2\/posts\/128110","targetHints":{"allow":["GET"]}}],"collection":[{"href":"https:\/\/www.europesays.com\/fi\/wp-json\/wp\/v2\/posts"}],"about":[{"href":"https:\/\/www.europesays.com\/fi\/wp-json\/wp\/v2\/types\/post"}],"author":[{"embeddable":true,"href":"https:\/\/www.europesays.com\/fi\/wp-json\/wp\/v2\/users\/2"}],"replies":[{"embeddable":true,"href":"https:\/\/www.europesays.com\/fi\/wp-json\/wp\/v2\/comments?post=128110"}],"version-history":[{"count":0,"href":"https:\/\/www.europesays.com\/fi\/wp-json\/wp\/v2\/posts\/128110\/revisions"}],"wp:featuredmedia":[{"embeddable":true,"href":"https:\/\/www.europesays.com\/fi\/wp-json\/wp\/v2\/media\/128111"}],"wp:attachment":[{"href":"https:\/\/www.europesays.com\/fi\/wp-json\/wp\/v2\/media?parent=128110"}],"wp:term":[{"taxonomy":"category","embeddable":true,"href":"https:\/\/www.europesays.com\/fi\/wp-json\/wp\/v2\/categories?post=128110"},{"taxonomy":"post_tag","embeddable":true,"href":"https:\/\/www.europesays.com\/fi\/wp-json\/wp\/v2\/tags?post=128110"}],"curies":[{"name":"wp","href":"https:\/\/api.w.org\/{rel}","templated":true}]}}