{"id":128112,"date":"2025-12-29T12:42:08","date_gmt":"2025-12-29T12:42:08","guid":{"rendered":"https:\/\/www.europesays.com\/fi\/128112\/"},"modified":"2025-12-29T12:42:08","modified_gmt":"2025-12-29T12:42:08","slug":"perttu-hyvarinen-ja-niko-anttola-olympiasoppa-kiehuu","status":"publish","type":"post","link":"https:\/\/www.europesays.com\/fi\/128112\/","title":{"rendered":"Perttu Hyv\u00e4rinen ja Niko Anttola: Olympiasoppa kiehuu"},"content":{"rendered":"<p>Perttu Hyv\u00e4rinen ja Niko Anttola eiv\u00e4t hymyilleet kilpaa auringon kanssa.<\/p>\n<p class=\"article-body mb-nof-24 px-nof-16\">Toblach<\/p>\n<p class=\"article-body mb-nof-24 px-nof-16\">Kamppailu viimeisist\u00e4 olympiapaikoista kiristyi entisest\u00e4\u00e4n maanantaina, kun <a class=\"article-personlink\" href=\"https:\/\/www.is.fi\/haku\/?query=Perttu%20Hyv%C3%A4rinen\" rel=\"nofollow noopener\" target=\"_blank\">Perttu Hyv\u00e4rinen<\/a> kellisti <a class=\"article-personlink\" href=\"https:\/\/www.is.fi\/haku\/?query=Niko%20Anttolan\" rel=\"nofollow noopener\" target=\"_blank\">Niko Anttolan<\/a> Tour de Skin 10 kilometrin perinteisen kilpailussa.<\/p>\n<p class=\"article-body mb-nof-24 px-nof-16\">Hyv\u00e4rinen, jonka alkukausi on ollut karsea, hiihti komeasti sijalle 12. Se on h\u00e4nen paras sijoituksensa maailmancupissa liki kahteen vuoteen.<\/p>\n<p class=\"article-body mb-nof-24 px-nof-16\">Tyytyv\u00e4inen Hyv\u00e4rinen ei silti ollut \u2013 kaikkea muuta.<\/p>\n<p class=\"article-body mb-nof-24 px-nof-16\">Hiihtosi oli erin\u00e4k\u00f6ist\u00e4 kuin pitk\u00e4\u00e4n aikaan Kerro kisasta.<\/p>\n<p class=\"article-body mb-nof-24 px-nof-16\">\u2013 Oliko?<\/p>\n<p class=\"article-body mb-nof-24 px-nof-16\">Riistaveden mies l\u00e4hti matkaan numerolla kuusi, eik\u00e4 h\u00e4n saanut kovin k\u00e4ytt\u00f6kelpoisia v\u00e4liaikoja.<\/p>\n<p class=\"article-body mb-nof-24 px-nof-16\">\u2013 En tied\u00e4, oliko se hyv\u00e4, huono vai tosi huono. Olen pettynyt. Se oli jo v\u00e4h\u00e4n sinne p\u00e4in.<\/p>\n<p class=\"article-body mb-nof-24 px-nof-16\">Hyv\u00e4risen koko viime kausi meni aivan vihkoon nilkkavamman ja sairastelun takia. H\u00e4n kertoi, ett\u00e4 pitk\u00e4 kilpailemattomuus painaa yh\u00e4 niin fyysisell\u00e4 puolella kuin p\u00e4\u00e4kopassa.<\/p>\n<p class=\"article-body mb-nof-24 px-nof-16\">H\u00e4nelt\u00e4 ei ole alkukaudelta yht\u00e4k\u00e4\u00e4n riitt\u00e4v\u00e4\u00e4 olympian\u00e4ytt\u00f6\u00e4. Maanantain hiihto oli ensimm\u00e4inen valo tunnelin p\u00e4\u00e4ss\u00e4.<\/p>\n<p class=\"article-body mb-nof-24 px-nof-16\">Tilanne on silti karu. H\u00e4nen pit\u00e4isi antaa kivikova n\u00e4ytt\u00f6 viel\u00e4 Tourin aikana.<\/p>\n<p class=\"article-body mb-nof-24 px-nof-16\">\u2013 Alkaa olla painettakin aika paljon, h\u00e4n tunnusti viitaten olympiapaikkaan.<\/p>\n<p class=\"article-body mb-nof-24 px-nof-16\">\u2013 Kaikkein eniten mulla on ik\u00e4v\u00e4 sit\u00e4 tunnetta, kun hiiht\u00e4\u00e4 hyvin.<\/p>\n<p class=\"article-body mb-nof-24 px-nof-16\">Hyv\u00e4risen mukaan merkkej\u00e4 paremmasta kuitenkin on. Yl\u00e4m\u00e4kiosuudet tuntuivat maanantaina jo varsin hyvilt\u00e4.<\/p>\n<p class=\"article-body mb-nof-24 px-nof-16\">\u2013 Kyll\u00e4 sielt\u00e4 viel\u00e4 pamahtaa, kunhan vain osuisi lankulle. Perhana on puolitoista vuotta siit\u00e4, kun on hiiht\u00e4nyt hyvin \u2013 se sokaisee tilannetta.<\/p>\n<p class=\"article-body mb-nof-24 px-nof-16\">Anttola sijoittui kisassa 14:nneksi. H\u00e4n h\u00e4visi Hyv\u00e4riselle 3,1 sekuntia ja voittaja <a class=\"article-personlink\" href=\"https:\/\/www.is.fi\/haku\/?query=Mattis%20Stenshagenille\" rel=\"nofollow noopener\" target=\"_blank\">Mattis Stenshagenille<\/a> 47,2 sekuntia.<\/p>\n<p class=\"article-body mb-nof-24 px-nof-16\">\u2013 Oli aika raskas kisa t\u00e4n\u00e4\u00e4n. Oli ty\u00f6st\u00f6\u00e4 koko matka.<\/p>\n<p class=\"article-body mb-nof-24 px-nof-16\">Tulos oli linjassa Anttolan alkukauden kanssa. Joulukuun muista maailmancupien v\u00e4liaikal\u00e4ht\u00f6kisoista takataskussa on 13. ja 15. sija. Ne ovat h\u00e4nen uransa parhaita vetojaan.<\/p>\n<p class=\"article-body mb-nof-24 px-nof-16\">Anttola kiist\u00e4\u00e4 miettiv\u00e4ns\u00e4 olympiavalintoja.<\/p>\n<p class=\"article-body mb-nof-24 px-nof-16\">\u2013 Haluan hiiht\u00e4\u00e4 joka p\u00e4iv\u00e4 hyv\u00e4n hiihtokilpailun. Se on enemm\u00e4n kisap\u00e4iv\u00e4n\u00e4 mieless\u00e4.<\/p>\n<p><img decoding=\"async\" src=\"https:\/\/www.europesays.com\/fi\/wp-content\/uploads\/2025\/12\/1767012128_406_468.jpg\" alt=\"Niko Anttola on vahvasti tyrkyll\u00e4 olympiakoneeseen.\" class=\"_Img_1rerz_1\" style=\"aspect-ratio:1.5011727912431587\" loading=\"eager\"\/><\/p>\n<p class=\"article-picture-caption\">Niko Anttola on vahvasti tyrkyll\u00e4 olympiakoneeseen. Kuva:\u00a0MAXIM THORE \/ Bildbyr\u00e5n \/ MVPhotos<\/p>\n<p class=\"article-body mb-nof-24 px-nof-16\">Koetko, ett\u00e4 n\u00e4ytt\u00f6si riitt\u00e4v\u00e4t olympialaisiin?<\/p>\n<p class=\"article-body mb-nof-24 px-nof-16\">\u2013 Nyt kysyt v\u00e4\u00e4r\u00e4lt\u00e4 henkil\u00f6lt\u00e4, superlupaus Anttola vastasi j\u00e4\u00e4t\u00e4v\u00e4sti.<\/p>\n<p class=\"article-body mb-nof-24 px-nof-16\">Nelj\u00e4nneksi hiiht\u00e4nyt<a class=\"article-personlink\" href=\"https:\/\/www.is.fi\/haku\/?query=%20Iivo%20Niskanen\" rel=\"nofollow noopener\" target=\"_blank\"> Iivo Niskanen<\/a> oli kisan paras suomalainen. <a class=\"article-personlink\" href=\"https:\/\/www.is.fi\/haku\/?query=Joni%20M%C3%A4ki\" rel=\"nofollow noopener\" target=\"_blank\">Joni M\u00e4ki<\/a> lykki sijalle 22 ja<a class=\"article-personlink\" href=\"https:\/\/www.is.fi\/haku\/?query=%20Lauri%20Vuorinen\" rel=\"nofollow noopener\" target=\"_blank\"> Lauri Vuorinen<\/a> 23:nneksi.<\/p>\n<p>M 10 km (p)<\/p>\n<ol class=\"mb-nof-16 px-nof-16 article-ordered-list ordered-list\">\n<li class=\"ordered-list-item\">\n<p class=\"article-body\">Mattis Stenshagen, Norja 22.11,0<\/p>\n<\/li>\n<li class=\"ordered-list-item\">\n<p class=\"article-body\">Johannes Kl\u00e4bo, Norja +8,9<\/p>\n<\/li>\n<li class=\"ordered-list-item\">\n<p class=\"article-body\">Emil Iversen, Norja +10,1<\/p>\n<\/li>\n<li class=\"ordered-list-item\">\n<p class=\"article-body\">Iivo Niskanen, Suomi +24,3<\/p>\n<\/li>\n<li class=\"ordered-list-item\">\n<p class=\"article-body\">Edvin Anger, Ruotsi +29,3<\/p>\n<\/li>\n<li class=\"ordered-list-item\">\n<p class=\"article-body\">Erik Valnes, Norja +30,7<\/p>\n<\/li>\n<\/ol>\n<p class=\"article-body mb-nof-24 px-nof-16\">(12. Perttu Hyv\u00e4rinen +44,1, 14. Niko Anttola +47,2, 22. Joni M\u00e4ki +59,6, 23. Lauri Vuorinen +1.00,3, 30. Petteri Koivisto +1.15,8, 37. Niilo Moilanen +1.26,1)<\/p>\n","protected":false},"excerpt":{"rendered":"Perttu Hyv\u00e4rinen ja Niko Anttola eiv\u00e4t hymyilleet kilpaa auringon kanssa. Toblach Kamppailu viimeisist\u00e4 olympiapaikoista kiristyi entisest\u00e4\u00e4n maanantaina, kun&hellip;\n","protected":false},"author":2,"featured_media":128113,"comment_status":"","ping_status":"","sticky":false,"template":"","format":"standard","meta":{"footnotes":""},"categories":[158],"tags":[33,31,30,34,159,32,160],"class_list":{"0":"post-128112","1":"post","2":"type-post","3":"status-publish","4":"format-standard","5":"has-post-thumbnail","7":"category-urheilu","8":"tag-fi","9":"tag-finland","10":"tag-finnish","11":"tag-ilta-sanomat","12":"tag-sports","13":"tag-suomi","14":"tag-urheilu"},"share_on_mastodon":{"url":"https:\/\/pubeurope.com\/@fi\/115802914378307250","error":""},"_links":{"self":[{"href":"https:\/\/www.europesays.com\/fi\/wp-json\/wp\/v2\/posts\/128112","targetHints":{"allow":["GET"]}}],"collection":[{"href":"https:\/\/www.europesays.com\/fi\/wp-json\/wp\/v2\/posts"}],"about":[{"href":"https:\/\/www.europesays.com\/fi\/wp-json\/wp\/v2\/types\/post"}],"author":[{"embeddable":true,"href":"https:\/\/www.europesays.com\/fi\/wp-json\/wp\/v2\/users\/2"}],"replies":[{"embeddable":true,"href":"https:\/\/www.europesays.com\/fi\/wp-json\/wp\/v2\/comments?post=128112"}],"version-history":[{"count":0,"href":"https:\/\/www.europesays.com\/fi\/wp-json\/wp\/v2\/posts\/128112\/revisions"}],"wp:featuredmedia":[{"embeddable":true,"href":"https:\/\/www.europesays.com\/fi\/wp-json\/wp\/v2\/media\/128113"}],"wp:attachment":[{"href":"https:\/\/www.europesays.com\/fi\/wp-json\/wp\/v2\/media?parent=128112"}],"wp:term":[{"taxonomy":"category","embeddable":true,"href":"https:\/\/www.europesays.com\/fi\/wp-json\/wp\/v2\/categories?post=128112"},{"taxonomy":"post_tag","embeddable":true,"href":"https:\/\/www.europesays.com\/fi\/wp-json\/wp\/v2\/tags?post=128112"}],"curies":[{"name":"wp","href":"https:\/\/api.w.org\/{rel}","templated":true}]}}