{"id":128119,"date":"2025-12-29T12:47:06","date_gmt":"2025-12-29T12:47:06","guid":{"rendered":"https:\/\/www.europesays.com\/fi\/128119\/"},"modified":"2025-12-29T12:47:06","modified_gmt":"2025-12-29T12:47:06","slug":"meri-tyhjeni-venajan-sota-aluksista-ukraina-paljastaa-syyn","status":"publish","type":"post","link":"https:\/\/www.europesays.com\/fi\/128119\/","title":{"rendered":"Meri tyhjeni Ven\u00e4j\u00e4n sota-aluksista \u2013 Ukraina paljastaa syyn"},"content":{"rendered":"<p class=\"ai-optimize-6 ai-optimize-introduction\">Mustallamerell\u00e4 ja Asovanmerell\u00e4 ei t\u00e4ll\u00e4 hetkell\u00e4 kulje ven\u00e4l\u00e4isi\u00e4 sota-aluksia tai sukellusveneit\u00e4, kertoo Ukrainan laivaston tiedottaja <strong>Dmytro Pletentshuk.<\/strong><\/p>\n<p class=\"ai-optimize-6 ai-optimize-introduction\">Asiasta <a href=\"https:\/\/armyinform.com.ua\/2025\/12\/29\/ne-vrazyty-bude-dyvno-u-vms-rozpovily-pro-sytuacziyu-v-akvatoriyi-chornogo-ta-azovskogo-moriv\/\" target=\"_blank\" rel=\"noopener nofollow\">uutisoi<\/a> Ukrainan puolustusministeri\u00f6n alainen ArmyInform-media viitaten\u00a0United News -mediaan.<\/p>\n<p class=\"ai-optimize-6 ai-optimize-introduction\">\u2013 T\u00e4ll\u00e4 hetkell\u00e4 se (Mustameri ja Asovanmeri) on tyhjill\u00e4\u00e4n ven\u00e4l\u00e4isist\u00e4 aluksista ja sukellusveneist\u00e4. Heid\u00e4n taktiikkansa pysyv\u00e4t muuttumattomina. Vaikka heill\u00e4 on nyt vain kaksi sukellusvenett\u00e4 (kyseisell\u00e4 alueella) \u2013 risteilyohjusten kantajia \u2013 he yritt\u00e4v\u00e4t silti k\u00e4ytt\u00e4\u00e4 niit\u00e4, vaikkakaan ei niin usein. Mutta periaatteessa syy t\u00e4h\u00e4n on melko banaali \u2013 se on tietenkin kaluston kuluminen. Kalustoa on my\u00f6s mahdotonta k\u00e4ytt\u00e4\u00e4 loputtomiin, ja he pelk\u00e4\u00e4v\u00e4t sen vaurioituvan.<\/p>\n<p class=\"ai-optimize-6 ai-optimize-introduction\">Ukrainan meridrooni- ja ohjusiskut pakottivat Ven\u00e4j\u00e4n laivaston lopettamaan operaationsa Mustanmeren l\u00e4nsiosissa ja siirt\u00e4m\u00e4\u00e4n suurimman osan kalustostaan Sevastopolista Novorossijskin satamaan.<\/p>\n<p class=\"ai-optimize-6 ai-optimize-introduction\">Krasnodarin alueella sijaitsevaa rannikkokaupunkia moukaroitiin syksyll\u00e4 toistuvasti pitk\u00e4n kantaman drooni-iskuilla. Ukrainan turvallisuuspalvelu julkaisi joulukuun puoliv\u00e4liss\u00e4 videon vedenalaisen meridroonin iskusta Kilo-luokan sukellusvenett\u00e4 vastaan.<\/p>\n<p class=\"ai-optimize-6 ai-optimize-introduction\">Dmytro Pletentshukin mukaan Ven\u00e4j\u00e4n Mustanmeren laivaston n\u00e4kym\u00e4t eiv\u00e4t ole paranemassa. Novorossijskissa tehd\u00e4\u00e4n my\u00f6s alusten korjaust\u00f6it\u00e4, mik\u00e4 on h\u00e4nen mukaansa ongelmallista ven\u00e4l\u00e4isille.<\/p>\n<p class=\"ai-optimize-6 ai-optimize-introduction\">\u2013 Jos laitat aluksen laituriin, muutat liikkuvan kohteen paikallaan pysyv\u00e4ksi kohteeksi. Liikkuvaan maaliin on vaikeampi osua kuin paikallaan pysyv\u00e4\u00e4n maaliin. Olisi tietysti outoa olla osumatta siihen.<\/p>\n<p class=\"ai-optimize-6 ai-optimize-introduction\">Novorossijskin sataman sis\u00e4\u00e4nk\u00e4ynnille on upotettu useita proomuja meridroonien pys\u00e4ytt\u00e4miseksi. T\u00e4m\u00e4 k\u00e4yt\u00e4nn\u00f6ss\u00e4 tarkoittaa, ett\u00e4 Mustanmeren laivasto on t\u00e4ll\u00e4 hetkell\u00e4 jumissa satamassa. Verkkouutiset kertoo asiasta <a href=\"https:\/\/www.verkkouutiset.fi\/a\/mustanmeren-laivasto-on-jumissa-satamassa\/#6ae4f94b\" target=\"_blank\" rel=\"noopener nofollow\">t\u00e4ss\u00e4 jutussa.<\/a><\/p>\n","protected":false},"excerpt":{"rendered":"Mustallamerell\u00e4 ja Asovanmerell\u00e4 ei t\u00e4ll\u00e4 hetkell\u00e4 kulje ven\u00e4l\u00e4isi\u00e4 sota-aluksia tai sukellusveneit\u00e4, kertoo Ukrainan laivaston tiedottaja Dmytro Pletentshuk. Asiasta&hellip;\n","protected":false},"author":2,"featured_media":128120,"comment_status":"","ping_status":"","sticky":false,"template":"","format":"standard","meta":{"footnotes":""},"categories":[14],"tags":[22,23,26,27,33,31,30,17,24,25,28,29,15,18,21,2807,32,19,20,56,16,59,60,61],"class_list":{"0":"post-128119","1":"post","2":"type-post","3":"status-publish","4":"format-standard","5":"has-post-thumbnail","7":"category-ulkomaat","8":"tag-breaking-news","9":"tag-breakingnews","10":"tag-featured-news","11":"tag-featurednews","12":"tag-fi","13":"tag-finland","14":"tag-finnish","15":"tag-headlines","16":"tag-latest-news","17":"tag-latestnews","18":"tag-main-news","19":"tag-mainnews","20":"tag-news","21":"tag-otsikot","22":"tag-paauutiset","23":"tag-sota-ukrainassa","24":"tag-suomi","25":"tag-top-stories","26":"tag-topstories","27":"tag-ulkomaat","28":"tag-uutiset","29":"tag-world","30":"tag-world-news","31":"tag-worldnews"},"share_on_mastodon":{"url":"https:\/\/pubeurope.com\/@fi\/115802934137912032","error":""},"_links":{"self":[{"href":"https:\/\/www.europesays.com\/fi\/wp-json\/wp\/v2\/posts\/128119","targetHints":{"allow":["GET"]}}],"collection":[{"href":"https:\/\/www.europesays.com\/fi\/wp-json\/wp\/v2\/posts"}],"about":[{"href":"https:\/\/www.europesays.com\/fi\/wp-json\/wp\/v2\/types\/post"}],"author":[{"embeddable":true,"href":"https:\/\/www.europesays.com\/fi\/wp-json\/wp\/v2\/users\/2"}],"replies":[{"embeddable":true,"href":"https:\/\/www.europesays.com\/fi\/wp-json\/wp\/v2\/comments?post=128119"}],"version-history":[{"count":0,"href":"https:\/\/www.europesays.com\/fi\/wp-json\/wp\/v2\/posts\/128119\/revisions"}],"wp:featuredmedia":[{"embeddable":true,"href":"https:\/\/www.europesays.com\/fi\/wp-json\/wp\/v2\/media\/128120"}],"wp:attachment":[{"href":"https:\/\/www.europesays.com\/fi\/wp-json\/wp\/v2\/media?parent=128119"}],"wp:term":[{"taxonomy":"category","embeddable":true,"href":"https:\/\/www.europesays.com\/fi\/wp-json\/wp\/v2\/categories?post=128119"},{"taxonomy":"post_tag","embeddable":true,"href":"https:\/\/www.europesays.com\/fi\/wp-json\/wp\/v2\/tags?post=128119"}],"curies":[{"name":"wp","href":"https:\/\/api.w.org\/{rel}","templated":true}]}}