{"id":128123,"date":"2025-12-29T12:49:07","date_gmt":"2025-12-29T12:49:07","guid":{"rendered":"https:\/\/www.europesays.com\/fi\/128123\/"},"modified":"2025-12-29T12:49:07","modified_gmt":"2025-12-29T12:49:07","slug":"oulun-kaupungin-hiihto-ja-luistelukoulujen-ilmoittautuminen-alkaa-7-1-2026","status":"publish","type":"post","link":"https:\/\/www.europesays.com\/fi\/128123\/","title":{"rendered":"Oulun kaupungin hiihto- ja luistelukoulujen ilmoittautuminen alkaa 7.1.2026"},"content":{"rendered":"<p>Oulun kaupungin liikuntapalvelut j\u00e4rjest\u00e4\u00e4 maksuttomia hiihto- ja luistelukouluja alkuvuonna 2026. Ryhmiin ilmoittautumiset alkavat keskiviikkona 7.1.2026 klo 9, ja ryhm\u00e4t k\u00e4ynnistyv\u00e4t viikolla 3.<\/p>\n<p>Hiihtokouluja on tarjolla perheille, lapsille, aikuisille ja maahanmuuttajille. Lasten ja perheiden hiihtokoulut pidet\u00e4\u00e4n pes\u00e4pallostadionin hiihtomaassa Raksilassa. Aikuisten ryhmi\u00e4 j\u00e4rjestet\u00e4\u00e4n Virpiniemess\u00e4 sek\u00e4 Raksilassa. Raksilassa voi my\u00f6s lainata suksia ja monoja sek\u00e4 erityisliikkujien hiihtokelkkaa.<\/p>\n<p>Ulkokenttien luistelukouluja j\u00e4rjestet\u00e4\u00e4n eri puolilla Oulua: Kaakkurin, Castrenin, Niittyaron, Pateniemen sek\u00e4 Ritaharjun kentill\u00e4. Luistelukoulut on tarkoitettu 3\u201312-vuotiaille lapsille. Jokaisella kent\u00e4ll\u00e4 on ryhm\u00e4t luistimilla k\u00e4veleville sek\u00e4 eteenp\u00e4in luisteleville. Kyp\u00e4r\u00e4 on osallistujille pakollinen.<\/p>\n<p>Ryhmiin ilmoittaudutaan s\u00e4hk\u00f6isen <a href=\"https:\/\/www.kuntapalvelut.fi\/oulu\" data-entity-type=\"external\" rel=\"nofollow noopener\" target=\"_blank\">ilmoittautumisj\u00e4rjestelm\u00e4n <\/a>kautta.<\/p>\n","protected":false},"excerpt":{"rendered":"Oulun kaupungin liikuntapalvelut j\u00e4rjest\u00e4\u00e4 maksuttomia hiihto- ja luistelukouluja alkuvuonna 2026. Ryhmiin ilmoittautumiset alkavat keskiviikkona 7.1.2026 klo 9, ja&hellip;\n","protected":false},"author":2,"featured_media":48259,"comment_status":"","ping_status":"","sticky":false,"template":"","format":"standard","meta":{"footnotes":""},"categories":[5],"tags":[22,23,26,27,33,31,30,17,24,25,28,29,15,18,21,32,19,20,16],"class_list":{"0":"post-128123","1":"post","2":"type-post","3":"status-publish","4":"format-standard","5":"has-post-thumbnail","7":"category-otsikot","8":"tag-breaking-news","9":"tag-breakingnews","10":"tag-featured-news","11":"tag-featurednews","12":"tag-fi","13":"tag-finland","14":"tag-finnish","15":"tag-headlines","16":"tag-latest-news","17":"tag-latestnews","18":"tag-main-news","19":"tag-mainnews","20":"tag-news","21":"tag-otsikot","22":"tag-paauutiset","23":"tag-suomi","24":"tag-top-stories","25":"tag-topstories","26":"tag-uutiset"},"share_on_mastodon":{"url":"https:\/\/pubeurope.com\/@fi\/115802941838114947","error":""},"_links":{"self":[{"href":"https:\/\/www.europesays.com\/fi\/wp-json\/wp\/v2\/posts\/128123","targetHints":{"allow":["GET"]}}],"collection":[{"href":"https:\/\/www.europesays.com\/fi\/wp-json\/wp\/v2\/posts"}],"about":[{"href":"https:\/\/www.europesays.com\/fi\/wp-json\/wp\/v2\/types\/post"}],"author":[{"embeddable":true,"href":"https:\/\/www.europesays.com\/fi\/wp-json\/wp\/v2\/users\/2"}],"replies":[{"embeddable":true,"href":"https:\/\/www.europesays.com\/fi\/wp-json\/wp\/v2\/comments?post=128123"}],"version-history":[{"count":0,"href":"https:\/\/www.europesays.com\/fi\/wp-json\/wp\/v2\/posts\/128123\/revisions"}],"wp:featuredmedia":[{"embeddable":true,"href":"https:\/\/www.europesays.com\/fi\/wp-json\/wp\/v2\/media\/48259"}],"wp:attachment":[{"href":"https:\/\/www.europesays.com\/fi\/wp-json\/wp\/v2\/media?parent=128123"}],"wp:term":[{"taxonomy":"category","embeddable":true,"href":"https:\/\/www.europesays.com\/fi\/wp-json\/wp\/v2\/categories?post=128123"},{"taxonomy":"post_tag","embeddable":true,"href":"https:\/\/www.europesays.com\/fi\/wp-json\/wp\/v2\/tags?post=128123"}],"curies":[{"name":"wp","href":"https:\/\/api.w.org\/{rel}","templated":true}]}}