{"id":128130,"date":"2025-12-29T13:09:07","date_gmt":"2025-12-29T13:09:07","guid":{"rendered":"https:\/\/www.europesays.com\/fi\/128130\/"},"modified":"2025-12-29T13:09:07","modified_gmt":"2025-12-29T13:09:07","slug":"mn-iken-leski-elina-karnerva-teki-parisuhdepaljastuksia","status":"publish","type":"post","link":"https:\/\/www.europesays.com\/fi\/128130\/","title":{"rendered":"MN: Iken leski Elina Karnerva teki parisuhdepaljastuksia"},"content":{"rendered":"<p>Vuonna 2022 kuolleen ministeri Ilkka Kanervan leski Elina Kanerva puhuu el\u00e4m\u00e4st\u00e4\u00e4n ja muistelee my\u00f6s el\u00e4m\u00e4\u00e4 Ilkan puolisona. H\u00e4n on antanut <a href=\"https:\/\/www.is.fi\/viihde\/art-2000011671538.html\" rel=\"nofollow noopener\" target=\"_blank\">MeNaisille <\/a>avoimen haastattelun.<\/p>\n<p>H\u00e4n kertoo, ett\u00e4 suru \u201dajoi\u201d h\u00e4net my\u00f6s uuteen ammattiin, jossa on valmisteilla lopputy\u00f6. H\u00e4n valmistuu kognitiivisratkaisukeskeiseksi lyhytterapeutiksi. Suru kutsui h\u00e4net auttamaan muita.<\/p>\n<p>Lue my\u00f6s: <a href=\"https:\/\/www.como.fi\/uutiset\/elina-kanerva-opiskeli-ihan-uuden-yllattavan-ammatin\/\" title=\"Elina Kanerva opiskeli ihan uuden, yll\u00e4tt\u00e4v\u00e4n ammatin\" class=\"underline-custom !font-montserrat !font-bold !underline-offset-4 !decoration-4 !decoration-red-600 !text-md\" rel=\"nofollow noopener\" target=\"_blank\">Elina Kanerva opiskeli ihan uuden, yll\u00e4tt\u00e4v\u00e4n ammatin<\/a><\/p>\n<p>Lue my\u00f6s: <a href=\"https:\/\/www.como.fi\/uutiset\/elina-kanervalta-iso-uutinen-seuraa-iken-jalanjalkia\/\" title=\"Elina Kanervalta iso uutinen \u2013 seuraa Iken jalanj\u00e4lki\u00e4\" class=\"underline-custom !font-montserrat !font-bold !underline-offset-4 !decoration-4 !decoration-red-600 !text-md\" rel=\"nofollow noopener\" target=\"_blank\">Elina Kanervalta iso uutinen \u2013 seuraa Iken jalanj\u00e4lki\u00e4<\/a><\/p>\n<p>\u2013 Olen opintojen aikana huomannut, kuinka paljon omista kokemuksistani on apua. Olen menett\u00e4nyt puolison ja is\u00e4n sy\u00f6v\u00e4lle, ja minulla itsell\u00e4ni on ollut kaksi eri sy\u00f6p\u00e4\u00e4. Tied\u00e4n, kuinka syv\u00e4\u00e4 suru voi olla, Elina toteaa MeNaisissa.<\/p>\n<p>Omat sy\u00f6v\u00e4t saivat h\u00e4ness\u00e4 aikaan bakteerikammon. Tuolloin Ike oli kuulemma j\u00e4rjen \u00e4\u00e4ni, joka sai h\u00e4net mukaansa ulos.<\/p>\n<p>\u2013 Ilman Ilkkaa olisin saattanut erist\u00e4yty\u00e4 kokonaan. Eih\u00e4n siin\u00e4 ollut mit\u00e4\u00e4n j\u00e4rke\u00e4, tiesin sen, mutta bakteerit pelottivat, Elina lausuu MeNaisissa.<\/p>\n<p>Lue my\u00f6s: <a href=\"https:\/\/www.como.fi\/uutiset\/il-elina-kanerva-kertoo-loytaneensa-uuden-rakkauden\/\" title=\"IL: Elina Kanerva kertoo l\u00f6yt\u00e4neens\u00e4 uuden rakkauden\" class=\"underline-custom !font-montserrat !font-bold !underline-offset-4 !decoration-4 !decoration-red-600 !text-md\" rel=\"nofollow noopener\" target=\"_blank\">IL: Elina Kanerva kertoo l\u00f6yt\u00e4neens\u00e4 uuden rakkauden<\/a><\/p>\n<p>Kanerva kertoo k\u00e4yneens\u00e4 kasvohoidoissa, koska ei haluaisi i\u00e4n n\u00e4kyv\u00e4n. Ilkalla oli my\u00f6s t\u00e4h\u00e4n kanta.<\/p>\n<p>\u2013 Ilkan mielest\u00e4 minulla oli ik\u00e4kriisi, koska pukeuduin h\u00e4nen makuunsa liian nuorekkaasti ja otin tatuointeja, joista h\u00e4n ei tyk\u00e4nnyt yht\u00e4\u00e4n. H\u00e4nen mielest\u00e4\u00e4n ik\u00e4iselleni naiselle olisivat my\u00f6s sopineet paremmin lyhyet hiukset.<\/p>\n<p>Lue my\u00f6s: <a href=\"https:\/\/www.como.fi\/tilaa-comon-uutiskirje\/\" title=\"Tilaa Comon uutiskirje ja tied\u00e4t mist\u00e4 kahvitauolla puhutaan! Nappaa kotimaan tv-vinkit ja puheenaiheet suoraan s\u00e4hk\u00f6postiin t\u00e4st\u00e4.\" class=\"underline-custom !font-montserrat !font-bold !underline-offset-4 !decoration-4 !decoration-red-600 !text-md\" rel=\"nofollow noopener\" target=\"_blank\">Tilaa Comon uutiskirje ja tied\u00e4t mist\u00e4 kahvitauolla puhutaan! Nappaa kotimaan tv-vinkit ja puheenaiheet suoraan s\u00e4hk\u00f6postiin t\u00e4st\u00e4.<\/a><\/p>\n","protected":false},"excerpt":{"rendered":"Vuonna 2022 kuolleen ministeri Ilkka Kanervan leski Elina Kanerva puhuu el\u00e4m\u00e4st\u00e4\u00e4n ja muistelee my\u00f6s el\u00e4m\u00e4\u00e4 Ilkan puolisona. H\u00e4n&hellip;\n","protected":false},"author":2,"featured_media":128131,"comment_status":"","ping_status":"","sticky":false,"template":"","format":"standard","meta":{"footnotes":""},"categories":[130],"tags":[10466,137,33,31,30,32,109],"class_list":{"0":"post-128130","1":"post","2":"type-post","3":"status-publish","4":"format-standard","5":"has-post-thumbnail","7":"category-viihde","8":"tag-elina-kanerva","9":"tag-entertainment","10":"tag-fi","11":"tag-finland","12":"tag-finnish","13":"tag-suomi","14":"tag-viihde"},"share_on_mastodon":{"url":"https:\/\/pubeurope.com\/@fi\/115803020556648231","error":""},"_links":{"self":[{"href":"https:\/\/www.europesays.com\/fi\/wp-json\/wp\/v2\/posts\/128130","targetHints":{"allow":["GET"]}}],"collection":[{"href":"https:\/\/www.europesays.com\/fi\/wp-json\/wp\/v2\/posts"}],"about":[{"href":"https:\/\/www.europesays.com\/fi\/wp-json\/wp\/v2\/types\/post"}],"author":[{"embeddable":true,"href":"https:\/\/www.europesays.com\/fi\/wp-json\/wp\/v2\/users\/2"}],"replies":[{"embeddable":true,"href":"https:\/\/www.europesays.com\/fi\/wp-json\/wp\/v2\/comments?post=128130"}],"version-history":[{"count":0,"href":"https:\/\/www.europesays.com\/fi\/wp-json\/wp\/v2\/posts\/128130\/revisions"}],"wp:featuredmedia":[{"embeddable":true,"href":"https:\/\/www.europesays.com\/fi\/wp-json\/wp\/v2\/media\/128131"}],"wp:attachment":[{"href":"https:\/\/www.europesays.com\/fi\/wp-json\/wp\/v2\/media?parent=128130"}],"wp:term":[{"taxonomy":"category","embeddable":true,"href":"https:\/\/www.europesays.com\/fi\/wp-json\/wp\/v2\/categories?post=128130"},{"taxonomy":"post_tag","embeddable":true,"href":"https:\/\/www.europesays.com\/fi\/wp-json\/wp\/v2\/tags?post=128130"}],"curies":[{"name":"wp","href":"https:\/\/api.w.org\/{rel}","templated":true}]}}