{"id":128132,"date":"2025-12-29T13:12:07","date_gmt":"2025-12-29T13:12:07","guid":{"rendered":"https:\/\/www.europesays.com\/fi\/128132\/"},"modified":"2025-12-29T13:12:07","modified_gmt":"2025-12-29T13:12:07","slug":"varuboden-osla-hakee-taas-kaikenikaisia-kesatyontekijoita","status":"publish","type":"post","link":"https:\/\/www.europesays.com\/fi\/128132\/","title":{"rendered":"Varuboden-Osla hakee taas kaikenik\u00e4isi\u00e4 kes\u00e4ty\u00f6ntekij\u00f6it\u00e4"},"content":{"rendered":"<p><strong><\/p>\n<p>Osuuskauppa Varuboden-Osla hakee ensi kes\u00e4ksi kaikenik\u00e4isi\u00e4 kes\u00e4ty\u00f6ntekij\u00f6it\u00e4 asiakaspalveluteht\u00e4viin Uudellemaalle ja Ahvenanmaalle. Osassa teht\u00e4vi\u00e4 vaaditaan 18 vuoden ik\u00e4\u00e4, mutta yl\u00e4ik\u00e4rajaa kes\u00e4ty\u00f6ntekij\u00f6ille ei ole.<\/p>\n<p><\/strong><\/p>\n<p>Kes\u00e4ty\u00f6ntekij\u00f6iden rekrytointi on alkanut Varuboden-Oslassa. Ensi kes\u00e4n\u00e4 uusia myyji\u00e4, liikennemyym\u00e4l\u00e4ty\u00f6ntekij\u00f6it\u00e4 sek\u00e4 ravintolaty\u00f6ntekij\u00f6it\u00e4 palkataan eri puolille osuuskaupan toimialuetta S-market-, Sale- ja ABC-ketjuihin sek\u00e4 Hangon ja Porvoon ravintoloihin.<\/p>\n<p>\u2013 Kes\u00e4ty\u00f6ntekij\u00f6ille ei ole yl\u00e4ik\u00e4rajaa, kannustaisin siis kaikkia rohkeasti hakemaan, henkil\u00f6st\u00f6johtaja <strong>Paula Pajunen<\/strong> vinkkaa.<\/p>\n<p>Aiempien vuosien tapaan kaikki hakijat kutsutaan haastatteluun.<\/p>\n<p>Nuorille ensikosketus ty\u00f6el\u00e4m\u00e4\u00e4n<\/p>\n<p>Vaikka muun muassa ik\u00e4rajavalvottavien tuotteiden myynnin vuoksi osa kes\u00e4ty\u00f6teht\u00e4vist\u00e4 joudutaan rajaamaan t\u00e4ysi-ik\u00e4isille ty\u00f6ntekij\u00f6ille, l\u00f6ytyy mielekk\u00e4it\u00e4 ty\u00f6teht\u00e4vi\u00e4 my\u00f6s nuoremmille.<\/p>\n<p>\u2013 Ensimm\u00e4inen ty\u00f6paikka on t\u00e4rke\u00e4 askel uralla. Siksi panostamme erityisesti Tutustu ty\u00f6el\u00e4m\u00e4\u00e4n ja tienaa -harjoitteluun, jonka kautta nuorille tarjotaan juuri ensimm\u00e4ist\u00e4 ty\u00f6kokemusta palvelualoilta, Pajunen kertoo.<\/p>\n<p>T\u00e4ysi-ik\u00e4isille ja alaik\u00e4isille hakijoille j\u00e4rjestet\u00e4\u00e4n viime vuoden tapaan erilliset hakuprosessit.<\/p>\n<p>Hakuajat<\/p>\n<p><strong>Yli 18-vuotiaat: <\/strong>29.12.2025\u201325.1.2026<\/p>\n<p><strong>Alle 18-vuotiaat: <\/strong>9.2.\u20138.3.2026<\/p>\n","protected":false},"excerpt":{"rendered":"Osuuskauppa Varuboden-Osla hakee ensi kes\u00e4ksi kaikenik\u00e4isi\u00e4 kes\u00e4ty\u00f6ntekij\u00f6it\u00e4 asiakaspalveluteht\u00e4viin Uudellemaalle ja Ahvenanmaalle. Osassa teht\u00e4vi\u00e4 vaaditaan 18 vuoden ik\u00e4\u00e4, mutta&hellip;\n","protected":false},"author":2,"featured_media":128133,"comment_status":"","ping_status":"","sticky":false,"template":"","format":"standard","meta":{"footnotes":""},"categories":[76],"tags":[79,77,33,31,30,32,78],"class_list":{"0":"post-128132","1":"post","2":"type-post","3":"status-publish","4":"format-standard","5":"has-post-thumbnail","7":"category-talous","8":"tag-business","9":"tag-economy","10":"tag-fi","11":"tag-finland","12":"tag-finnish","13":"tag-suomi","14":"tag-talous"},"share_on_mastodon":{"url":"https:\/\/pubeurope.com\/@fi\/115803032349779107","error":""},"_links":{"self":[{"href":"https:\/\/www.europesays.com\/fi\/wp-json\/wp\/v2\/posts\/128132","targetHints":{"allow":["GET"]}}],"collection":[{"href":"https:\/\/www.europesays.com\/fi\/wp-json\/wp\/v2\/posts"}],"about":[{"href":"https:\/\/www.europesays.com\/fi\/wp-json\/wp\/v2\/types\/post"}],"author":[{"embeddable":true,"href":"https:\/\/www.europesays.com\/fi\/wp-json\/wp\/v2\/users\/2"}],"replies":[{"embeddable":true,"href":"https:\/\/www.europesays.com\/fi\/wp-json\/wp\/v2\/comments?post=128132"}],"version-history":[{"count":0,"href":"https:\/\/www.europesays.com\/fi\/wp-json\/wp\/v2\/posts\/128132\/revisions"}],"wp:featuredmedia":[{"embeddable":true,"href":"https:\/\/www.europesays.com\/fi\/wp-json\/wp\/v2\/media\/128133"}],"wp:attachment":[{"href":"https:\/\/www.europesays.com\/fi\/wp-json\/wp\/v2\/media?parent=128132"}],"wp:term":[{"taxonomy":"category","embeddable":true,"href":"https:\/\/www.europesays.com\/fi\/wp-json\/wp\/v2\/categories?post=128132"},{"taxonomy":"post_tag","embeddable":true,"href":"https:\/\/www.europesays.com\/fi\/wp-json\/wp\/v2\/tags?post=128132"}],"curies":[{"name":"wp","href":"https:\/\/api.w.org\/{rel}","templated":true}]}}