{"id":128140,"date":"2025-12-29T13:16:08","date_gmt":"2025-12-29T13:16:08","guid":{"rendered":"https:\/\/www.europesays.com\/fi\/128140\/"},"modified":"2025-12-29T13:16:08","modified_gmt":"2025-12-29T13:16:08","slug":"saimaannorpasta-tuli-etela-karjalan-maakuntaelain-norppa-polskii-jo-kahden-maakunnan-nimikkoelaimena-etela-karjala","status":"publish","type":"post","link":"https:\/\/www.europesays.com\/fi\/128140\/","title":{"rendered":"Saimaannorpasta tuli Etel\u00e4-Karjalan maakuntael\u00e4in \u2013 norppa polskii jo kahden maakunnan nimikkoel\u00e4imen\u00e4 | Etel\u00e4-Karjala"},"content":{"rendered":"<p class=\"aw-1gybjub aw-5vja16 kEtdKx kmuxyA yle__article__paragraph\">Saimaannorppa on nyt Etel\u00e4-Karjalan ja Etel\u00e4-Savon maakuntael\u00e4in.<\/p>\n<p><img decoding=\"async\" alt=\"Saimaannorppa loikoilee kivell\u00e4.\" src=\"https:\/\/www.europesays.com\/fi\/wp-content\/uploads\/2025\/12\/39-14734226839300818ff0.jpeg\" class=\"aw-1l9m598 hKVVvP\"\/><\/p>\n<p>Avaa kuvien katselu<\/p>\n<p>Suomessa el\u00e4\u00e4 noin 500 saimaannorppaa, ja laji on eritt\u00e4in uhanalainen. Kanta kuitenkin kasvaa tasaisesti onnistuneiden suojelutoimien ansiosta. Norppa on Saimaan j\u00e4rviluonnon keskeinen ja tunnetuin symboli. Kuva: Juha Metso \/ All Over Press<\/p>\n<p>14:36\u2022P\u00e4ivitetty 14:42<\/p>\n<p class=\"aw-1gybjub aw-1p7kakr kEtdKx cEmitX yle__article__paragraph\">Saimaannorppa on nimetty Etel\u00e4-Karjalan maakuntael\u00e4imeksi. Maakuntavaltuusto p\u00e4\u00e4tti asiasta yksimielisesti juuri ennen joulua.<\/p>\n<p class=\"aw-1gybjub aw-1p7kakr kEtdKx cEmitX yle__article__paragraph\">\u2013 Maakuntael\u00e4imen\u00e4 saimaannorppa muistuttaa alueemme ainutlaatuisesta ja puhtaasta j\u00e4rviluonnosta sek\u00e4 my\u00f6s siit\u00e4, ett\u00e4 aluettamme koskevaan kehityksen suuntaan voidaan ja pit\u00e4\u00e4 vaikuttaa, Etel\u00e4-Karjalan maakuntajohtaja <strong class=\"aw-ak79eh KyCXm yle__article__strong\">Satu Sikanen<\/strong> kertoo tiedotteessa.<\/p>\n<p class=\"aw-1gybjub aw-1p7kakr kEtdKx cEmitX yle__article__paragraph\">Suomessa el\u00e4\u00e4 noin 500 saimaannorppaa. Osa norpista el\u00e4\u00e4 Etel\u00e4-Karjalan alueella, ja norppa koetaankin vahvasti osaksi paikallista identiteetti\u00e4 ja kulttuuria. Esimerkiksi<\/p>\n<p class=\"aw-1gybjub aw-1p7kakr kEtdKx cEmitX yle__article__paragraph\">Lappeenrannan keskustassa sijaitsee hyvin tunnettu norppapatsas.<\/p>\n<p><img decoding=\"async\" alt=\"Luminen k\u00e4velykatu. Norpan muotoinen patsas.\" src=\"https:\/\/www.europesays.com\/fi\/wp-content\/uploads\/2025\/12\/39-142486867b71337c931e.jpeg\" loading=\"lazy\" class=\"aw-1l9m598 hKVVvP\"\/><\/p>\n<p>Avaa kuvien katselu<\/p>\n<p>Kuvanveist\u00e4j\u00e4 Maini P\u00e4\u00e4l\u00e4isen Norppa-teos paljastettiin Lappeenrannan Oleksilla vuonna 1997.  Kuva: Petri Kivim\u00e4ki \/ YleEtel\u00e4-Karjalan maakuntatunnuksiin kuuluvat<\/p>\n<p class=\"aw-1gybjub aw-1p7kakr kEtdKx cEmitX yle__article__paragraph\">maakuntael\u00e4in: saimaannorppa<\/p>\n<p class=\"aw-1gybjub aw-1p7kakr kEtdKx cEmitX yle__article__paragraph\">maakuntalintu: satakieli<\/p>\n<p class=\"aw-1gybjub aw-1p7kakr kEtdKx cEmitX yle__article__paragraph\">maakuntakala: j\u00e4rvilohi<\/p>\n<p class=\"aw-1gybjub aw-1p7kakr kEtdKx cEmitX yle__article__paragraph\">maakuntakasvi: kangasvuokko<\/p>\n<p class=\"aw-1gybjub aw-1p7kakr kEtdKx cEmitX yle__article__paragraph\">maakuntakivi: spektroliitti<\/p>\n<p class=\"aw-1gybjub aw-1p7kakr kEtdKx cEmitX yle__article__paragraph\">maakuntaj\u00e4rvi: Saimaa<\/p>\n<p>Norppa nousee hirven rinnalle<\/p>\n<p class=\"aw-1gybjub aw-1p7kakr kEtdKx cEmitX yle__article__paragraph\">P\u00e4\u00e4t\u00f6ksen my\u00f6t\u00e4 saimaannorppa nousee jo toisen maakunnan tunnukseksi. Aiemmin syksyll\u00e4 <a class=\"aw-iao6s4 iHOxEa yle__article__link\" href=\"https:\/\/yle.fi\/a\/74-20183704\" role=\"link\" rel=\"nofollow noopener\" target=\"_blank\">Etel\u00e4-Savon maakuntavaltuusto<\/a> teki vastaavan p\u00e4\u00e4t\u00f6ksen norpan nime\u00e4misest\u00e4 omaksi maakuntael\u00e4imekseen.<\/p>\n<p class=\"aw-1gybjub aw-1p7kakr kEtdKx cEmitX yle__article__paragraph\">Etel\u00e4-Savo toivoi muilta Saimaan alueen maakunnilta, joilla ei ole viel\u00e4 omaa maakuntael\u00e4int\u00e4, ett\u00e4 ne harkitsisivat saimaannorpan ottamista tunnuksekseen.<\/p>\n<p class=\"aw-1gybjub aw-1p7kakr kEtdKx cEmitX yle__article__paragraph\">\u2013 Saimaannorpan kannan kasvu on Saimaan maakuntia yhdist\u00e4v\u00e4 yhteinen menestystarina, Sikanen toteaa.<\/p>\n<p><img decoding=\"async\" alt=\"Saimaannorppakuutti vedess\u00e4.\" src=\"https:\/\/www.europesays.com\/fi\/wp-content\/uploads\/2025\/12\/39-12941826658b2d047425.jpeg\" loading=\"lazy\" class=\"aw-1l9m598 hKVVvP\"\/><\/p>\n<p>Avaa kuvien katselu<\/p>\n<p>Saimaannorppa on yksi maailman uhanalaisimmista el\u00e4imist\u00e4. Hyv\u00e4ll\u00e4 tuurilla veneilij\u00e4t voivat n\u00e4hd\u00e4 sen Saimaalla uiskentelemassa. Kuva: Miina Auttila \/ Mets\u00e4hallitus<\/p>\n<p class=\"aw-1gybjub aw-1p7kakr kEtdKx cEmitX yle__article__paragraph\">Sama el\u00e4in voi olla usean maakunnan symboli. Silti harva el\u00e4in on noussut useamman maakunnan tunnukseksi.<\/p>\n<p class=\"aw-1gybjub aw-1p7kakr kEtdKx cEmitX yle__article__paragraph\">Saimaannorpan ohella hirvi on valikoitunut kahden maakunnan tunnukseksi. Hirvi on Pohjanmaan ja Pohjois-Savon maakuntael\u00e4in.<\/p>\n","protected":false},"excerpt":{"rendered":"Saimaannorppa on nyt Etel\u00e4-Karjalan ja Etel\u00e4-Savon maakuntael\u00e4in. Avaa kuvien katselu Suomessa el\u00e4\u00e4 noin 500 saimaannorppaa, ja laji on&hellip;\n","protected":false},"author":2,"featured_media":128141,"comment_status":"","ping_status":"","sticky":false,"template":"","format":"standard","meta":{"footnotes":""},"categories":[117],"tags":[404,1302,184,33,31,30,72,13514,476,1002,5186,118,32,119,477],"class_list":{"0":"post-128140","1":"post","2":"type-post","3":"status-publish","4":"format-standard","5":"has-post-thumbnail","7":"category-luonto","8":"tag-elaimet","9":"tag-etela-karjala","10":"tag-etela-savo","11":"tag-fi","12":"tag-finland","13":"tag-finnish","14":"tag-luonto","15":"tag-maakunnat","16":"tag-nature","17":"tag-saimaa","18":"tag-saimaannorppa","19":"tag-science","20":"tag-suomi","21":"tag-tiede","22":"tag-wildlife"},"share_on_mastodon":{"url":"https:\/\/pubeurope.com\/@fi\/115803048094148314","error":""},"_links":{"self":[{"href":"https:\/\/www.europesays.com\/fi\/wp-json\/wp\/v2\/posts\/128140","targetHints":{"allow":["GET"]}}],"collection":[{"href":"https:\/\/www.europesays.com\/fi\/wp-json\/wp\/v2\/posts"}],"about":[{"href":"https:\/\/www.europesays.com\/fi\/wp-json\/wp\/v2\/types\/post"}],"author":[{"embeddable":true,"href":"https:\/\/www.europesays.com\/fi\/wp-json\/wp\/v2\/users\/2"}],"replies":[{"embeddable":true,"href":"https:\/\/www.europesays.com\/fi\/wp-json\/wp\/v2\/comments?post=128140"}],"version-history":[{"count":0,"href":"https:\/\/www.europesays.com\/fi\/wp-json\/wp\/v2\/posts\/128140\/revisions"}],"wp:featuredmedia":[{"embeddable":true,"href":"https:\/\/www.europesays.com\/fi\/wp-json\/wp\/v2\/media\/128141"}],"wp:attachment":[{"href":"https:\/\/www.europesays.com\/fi\/wp-json\/wp\/v2\/media?parent=128140"}],"wp:term":[{"taxonomy":"category","embeddable":true,"href":"https:\/\/www.europesays.com\/fi\/wp-json\/wp\/v2\/categories?post=128140"},{"taxonomy":"post_tag","embeddable":true,"href":"https:\/\/www.europesays.com\/fi\/wp-json\/wp\/v2\/tags?post=128140"}],"curies":[{"name":"wp","href":"https:\/\/api.w.org\/{rel}","templated":true}]}}