{"id":128150,"date":"2025-12-29T13:36:09","date_gmt":"2025-12-29T13:36:09","guid":{"rendered":"https:\/\/www.europesays.com\/fi\/128150\/"},"modified":"2025-12-29T13:36:09","modified_gmt":"2025-12-29T13:36:09","slug":"possu-yllatti-suunnistajan-orava-pissasi-paalle-aamulehden-lukijat-kertovat-luontokokemuksistaan","status":"publish","type":"post","link":"https:\/\/www.europesays.com\/fi\/128150\/","title":{"rendered":"Possu yll\u00e4tti suunnistajan, orava pissasi p\u00e4\u00e4lle \u2013 Aamulehden lukijat kertovat luontokokemuksistaan"},"content":{"rendered":"<p>Aamulehti sai lukijoilta parisenkymment\u00e4 kertomusta ikimuistoisista luontokokemuksista Suomessa. Yksi muistaa torvisienen, toinen pime\u00e4ss\u00e4 kasvoja nuuhkineen poron.<\/p>\n<p><img decoding=\"async\" src=\"https:\/\/www.europesays.com\/fi\/wp-content\/uploads\/2025\/12\/1767015369_740_468.jpg\" alt=\"Vasemmalla l\u00e4ngelm\u00e4kel\u00e4isen Hanna Vigrenin asunnon pohjoissein\u00e4ll\u00e4 oleva oksa, joka on toiminut vuosikymmeni\u00e4 kosteusmittarina. Muut kuvat eiv\u00e4t ole lukijoiden l\u00e4hett\u00e4mi\u00e4, vaan arkistokuvia, jotka kertovat possukohtaamisesta, maagisesta j\u00e4\u00e4tymishetkest\u00e4 sek\u00e4 telkk\u00e4koiraan viime hetkist\u00e4.\" class=\"_Img_1rerz_1\" style=\"aspect-ratio:1.7777777777777777\" loading=\"eager\"\/><\/p>\n<p class=\"article-picture-caption\">Vasemmalla l\u00e4ngelm\u00e4kel\u00e4isen Hanna Vigrenin asunnon pohjoissein\u00e4ll\u00e4 oleva oksa, joka on toiminut vuosikymmeni\u00e4 kosteusmittarina. Muut kuvat eiv\u00e4t ole lukijoiden l\u00e4hett\u00e4mi\u00e4, vaan arkistokuvia, jotka kertovat possukohtaamisesta, maagisesta j\u00e4\u00e4tymishetkest\u00e4 sek\u00e4 telkk\u00e4koiraan viime hetkist\u00e4. Kuva:\u00a0Lukijan kuva, Sanoman arkisto<\/p>\n<p>28.12. 17:15<\/p>\n<p class=\"article-body mb-nof-24 px-nof-16\">Aamulehti<\/p>\n<p class=\"article-body mb-nof-24 px-nof-16\">Orivesil\u00e4isell\u00e4 <a class=\"article-personlink\" href=\"https:\/\/www.aamulehti.fi\/haku\/?query=Tommi%20Saarelalla\" rel=\"nofollow noopener\" target=\"_blank\">Tommi Saarelalla<\/a> oli syksyll\u00e4 1990 kunnia n\u00e4hd\u00e4, miten L\u00e4ngelm\u00e4veden Koljonselk\u00e4 Er\u00e4j\u00e4rvell\u00e4 j\u00e4\u00e4tyi.<\/p>\n<p class=\"article-body mb-nof-24 px-nof-16\">\u201dYleens\u00e4 j\u00e4rvet j\u00e4\u00e4tyv\u00e4t y\u00f6aikaan, mutta silloin sattuivat olosuhteet kohdalleen keskell\u00e4 p\u00e4iv\u00e4\u00e4. Oli t\u00e4ysin tyyni keli ja pakkasta noin 15 astetta. Edest\u00e4 nousi sakeaa vesih\u00f6yry\u00e4. N\u00e4kyvyytt\u00e4 oli muutamia metrej\u00e4. Jokaisen m\u00e4nnynneulasen p\u00e4\u00e4ss\u00e4 oli monen sentin huurrepiikki.\u201d<\/p>\n","protected":false},"excerpt":{"rendered":"Aamulehti sai lukijoilta parisenkymment\u00e4 kertomusta ikimuistoisista luontokokemuksista Suomessa. Yksi muistaa torvisienen, toinen pime\u00e4ss\u00e4 kasvoja nuuhkineen poron. Vasemmalla l\u00e4ngelm\u00e4kel\u00e4isen&hellip;\n","protected":false},"author":2,"featured_media":128151,"comment_status":"","ping_status":"","sticky":false,"template":"","format":"standard","meta":{"footnotes":""},"categories":[112],"tags":[157,33,31,30,118,32,119],"class_list":{"0":"post-128150","1":"post","2":"type-post","3":"status-publish","4":"format-standard","5":"has-post-thumbnail","7":"category-tiede","8":"tag-aamulehti","9":"tag-fi","10":"tag-finland","11":"tag-finnish","12":"tag-science","13":"tag-suomi","14":"tag-tiede"},"share_on_mastodon":{"url":"https:\/\/pubeurope.com\/@fi\/115803126636204515","error":""},"_links":{"self":[{"href":"https:\/\/www.europesays.com\/fi\/wp-json\/wp\/v2\/posts\/128150","targetHints":{"allow":["GET"]}}],"collection":[{"href":"https:\/\/www.europesays.com\/fi\/wp-json\/wp\/v2\/posts"}],"about":[{"href":"https:\/\/www.europesays.com\/fi\/wp-json\/wp\/v2\/types\/post"}],"author":[{"embeddable":true,"href":"https:\/\/www.europesays.com\/fi\/wp-json\/wp\/v2\/users\/2"}],"replies":[{"embeddable":true,"href":"https:\/\/www.europesays.com\/fi\/wp-json\/wp\/v2\/comments?post=128150"}],"version-history":[{"count":0,"href":"https:\/\/www.europesays.com\/fi\/wp-json\/wp\/v2\/posts\/128150\/revisions"}],"wp:featuredmedia":[{"embeddable":true,"href":"https:\/\/www.europesays.com\/fi\/wp-json\/wp\/v2\/media\/128151"}],"wp:attachment":[{"href":"https:\/\/www.europesays.com\/fi\/wp-json\/wp\/v2\/media?parent=128150"}],"wp:term":[{"taxonomy":"category","embeddable":true,"href":"https:\/\/www.europesays.com\/fi\/wp-json\/wp\/v2\/categories?post=128150"},{"taxonomy":"post_tag","embeddable":true,"href":"https:\/\/www.europesays.com\/fi\/wp-json\/wp\/v2\/tags?post=128150"}],"curies":[{"name":"wp","href":"https:\/\/api.w.org\/{rel}","templated":true}]}}