{"id":128172,"date":"2025-12-29T14:06:07","date_gmt":"2025-12-29T14:06:07","guid":{"rendered":"https:\/\/www.europesays.com\/fi\/128172\/"},"modified":"2025-12-29T14:06:07","modified_gmt":"2025-12-29T14:06:07","slug":"nuori-putosi-radiomastosta-ja-kuoli-poliisi-epailee-rikosta","status":"publish","type":"post","link":"https:\/\/www.europesays.com\/fi\/128172\/","title":{"rendered":"Nuori putosi radiomastosta ja kuoli \u2013 Poliisi ep\u00e4ilee rikosta"},"content":{"rendered":"<p>Poliisin mukaan asiaan liittyy Tiktok-haaste.<\/p>\n<p class=\"paragraph\">Poliisi ep\u00e4ilee rikosta Tampereen Teiskossa tapahtuneessa turmassa, jossa kuoli radiomastoon kiivennyt alle 18-vuotias nuori.<\/p>\n<p class=\"paragraph\">Kolme alle 18-vuotiasta miest\u00e4 oli kiivennyt huoltotikkaita pitkin Teiskon radiomastoon. Poliisin mukaan he kuvasivat sis\u00e4lt\u00f6\u00e4 Tiktok-haasteeseen kiivetess\u00e4\u00e4n yl\u00f6s. Kyse ei ollut livel\u00e4hetyksest\u00e4.<\/p>\n<p class=\"paragraph\">Alasp\u00e4in tullessa ylimp\u00e4n\u00e4 ollut nuori menetti otteensa ja putosi maahan.<\/p>\n<p class=\"paragraph\">Poliisin mukaan oli l\u00e4hell\u00e4, ett\u00e4 pudonnut nuori olisi osunut alempana olleisiin, jolloin kuolonuhreja olisi voinut tulla enemm\u00e4nkin.<\/p>\n<p class=\"paragraph\">Poliisi ep\u00e4ilee nuoria julkisrauhan rikkomisesta, josta voidaan tuomita sakkoon tai vankeuteen enint\u00e4\u00e4n kuudeksi kuukaudeksi.<\/p>\n<p class=\"paragraph\">\u2013 Jos mastoon kiipe\u00e4minen on mahdollista, se ei tarkoita, ett\u00e4 se olisi sallittua, toteaa tutkinnanjohtaja, rikoskomisario <strong>Panu Rautio<\/strong> Sis\u00e4-Suomen poliisin tiedotteessa.<\/p>\n<p class=\"paragraph\">Poliisi pit\u00e4\u00e4 laittomiin ja vaarallisiin haasteisiin osallistumista h\u00e4lytt\u00e4v\u00e4n\u00e4 ilmi\u00f6n\u00e4 ja tuomitsee vastaavat teot. Ne voivat hengenvaaran lis\u00e4ksi asettaa tekij\u00e4t rikosvastuuseen.<\/p>\n<p class=\"paragraph\">\u2013 Pyyd\u00e4n, ett\u00e4 vanhemmat keskustelevat aiheesta vakavasti nuortensa kanssa, Rautio sanoo.<\/p>\n<p>S\u00e4teilyvaara<\/p>\n<p class=\"paragraph\">Digita auttaa poliisia mastoturman tutkinnassa. Digitan asiakaspalvelujohtajan Elina Lehtom\u00e4en mukaan radiomastoihin kiipe\u00e4misess\u00e4 vaarana on putoamisen lis\u00e4ksi my\u00f6s voimakkaalle s\u00e4teilylle altistuminen.<\/p>\n<p class=\"paragraph\">\u2013 Mastot ovat korkeita, ja muuttuvat s\u00e4\u00e4olosuhteet voivat nopeasti heikent\u00e4\u00e4 turvallisuutta. Luvaton kiipeilij\u00e4 voi saada helposti my\u00f6s kramppeja tai h\u00e4t\u00e4\u00e4nty\u00e4 ja raajat voivat kangistua kylm\u00e4st\u00e4. S\u00e4teilyn vaikutukset puolestaan voivat tulla esille vasta vuosia my\u00f6hemmin.<\/p>\n<p class=\"paragraph\">Digita muistuttaa, ett\u00e4 mastoty\u00f6ntekij\u00f6ill\u00e4 on aina teht\u00e4v\u00e4\u00e4n mastoty\u00f6lupa, koulutus ja turvavarusteet. Yksik\u00e4\u00e4n ammattilainen ei kiipe\u00e4isi mastoon ilman asianmukaista osaamista ja turvavarusteita.<\/p>\n<p class=\"paragraph\">Mastot ovat osa yhteiskunnan kriittist\u00e4 huoltovarmuusinfrastruktuuria. Kiipeily voi h\u00e4irit\u00e4 radioviestint\u00e4\u00e4 ja aiheuttaa laajoja palvelukatkoksia, mik\u00e4 voi est\u00e4\u00e4 esimerkiksi vaaratiedotteiden v\u00e4littymisen.<\/p>\n<p class=\"paragraph\">Luvaton mastoon kiipe\u00e4minen johtaa aina rikosilmoitukseen ja mahdolliseen korvausvastuuseen.<\/p>\n<p><img decoding=\"async\" class=\"image image-show image-preview\" src=\"https:\/\/www.europesays.com\/fi\/wp-content\/uploads\/2025\/12\/e119a0bafb4d6e37b22e0ae09559237470baa3bfbbc63b307da31a87c4ae2f5d.jpg\" alt=\"\"\/><img decoding=\"async\" class=\"image image-show\" src=\"https:\/\/www.europesays.com\/fi\/wp-content\/uploads\/2025\/12\/1767017167_855_e119a0bafb4d6e37b22e0ae09559237470baa3bfbbc63b307da31a87c4ae2f5d.jpg\" alt=\"\"\/><\/p>\n<p>Alle 18-vuotias nuori mies putosi 20.12.2025 radiomastosta Tampereen Teiskossa ja kuoli. Juha Veli  Jokinen<\/p>\n","protected":false},"excerpt":{"rendered":"Poliisin mukaan asiaan liittyy Tiktok-haaste. Poliisi ep\u00e4ilee rikosta Tampereen Teiskossa tapahtuneessa turmassa, jossa kuoli radiomastoon kiivennyt alle 18-vuotias&hellip;\n","protected":false},"author":2,"featured_media":128173,"comment_status":"","ping_status":"","sticky":false,"template":"","format":"standard","meta":{"footnotes":""},"categories":[12],"tags":[35,22,23,26,27,33,31,30,17,55,24,25,28,29,15,18,21,122,54,103,32,19,20,546,16],"class_list":{"0":"post-128172","1":"post","2":"type-post","3":"status-publish","4":"format-standard","5":"has-post-thumbnail","7":"category-suomi","8":"tag-24h","9":"tag-breaking-news","10":"tag-breakingnews","11":"tag-featured-news","12":"tag-featurednews","13":"tag-fi","14":"tag-finland","15":"tag-finnish","16":"tag-headlines","17":"tag-lainvalvonta","18":"tag-latest-news","19":"tag-latestnews","20":"tag-main-news","21":"tag-mainnews","22":"tag-news","23":"tag-otsikot","24":"tag-paauutiset","25":"tag-pelastaminen","26":"tag-pelastuspalvelut","27":"tag-sosiaalikysymykset","28":"tag-suomi","29":"tag-top-stories","30":"tag-topstories","31":"tag-turvallisuus","32":"tag-uutiset"},"share_on_mastodon":{"url":"https:\/\/pubeurope.com\/@fi\/115803244780871981","error":""},"_links":{"self":[{"href":"https:\/\/www.europesays.com\/fi\/wp-json\/wp\/v2\/posts\/128172","targetHints":{"allow":["GET"]}}],"collection":[{"href":"https:\/\/www.europesays.com\/fi\/wp-json\/wp\/v2\/posts"}],"about":[{"href":"https:\/\/www.europesays.com\/fi\/wp-json\/wp\/v2\/types\/post"}],"author":[{"embeddable":true,"href":"https:\/\/www.europesays.com\/fi\/wp-json\/wp\/v2\/users\/2"}],"replies":[{"embeddable":true,"href":"https:\/\/www.europesays.com\/fi\/wp-json\/wp\/v2\/comments?post=128172"}],"version-history":[{"count":0,"href":"https:\/\/www.europesays.com\/fi\/wp-json\/wp\/v2\/posts\/128172\/revisions"}],"wp:featuredmedia":[{"embeddable":true,"href":"https:\/\/www.europesays.com\/fi\/wp-json\/wp\/v2\/media\/128173"}],"wp:attachment":[{"href":"https:\/\/www.europesays.com\/fi\/wp-json\/wp\/v2\/media?parent=128172"}],"wp:term":[{"taxonomy":"category","embeddable":true,"href":"https:\/\/www.europesays.com\/fi\/wp-json\/wp\/v2\/categories?post=128172"},{"taxonomy":"post_tag","embeddable":true,"href":"https:\/\/www.europesays.com\/fi\/wp-json\/wp\/v2\/tags?post=128172"}],"curies":[{"name":"wp","href":"https:\/\/api.w.org\/{rel}","templated":true}]}}