{"id":128177,"date":"2025-12-29T14:24:06","date_gmt":"2025-12-29T14:24:06","guid":{"rendered":"https:\/\/www.europesays.com\/fi\/128177\/"},"modified":"2025-12-29T14:24:06","modified_gmt":"2025-12-29T14:24:06","slug":"uusi-avatar-sai-suomen-elokuvateattereissa-kovan-vastuksen-road-tripilla-olevista-mummeleista","status":"publish","type":"post","link":"https:\/\/www.europesays.com\/fi\/128177\/","title":{"rendered":"Uusi Avatar sai Suomen elokuvateattereissa kovan vastuksen road tripill\u00e4 olevista mummeleista"},"content":{"rendered":"<p>Avatar: Fire and Ash on ker\u00e4nnyt Suomessa jo yli 85 000 katsojaa.<\/p>\n<p>Joulun j\u00e4lkeisen\u00e4 viikonloppuna James Cameronin ohjaama <a href=\"https:\/\/muropaketti.com\/avainsana\/avatar-fire-and-ash\/\" rel=\"nofollow noopener\" target=\"_blank\">Avatar: Fire and Ash<\/a> sai kovan haastajan Suomen valkokankailla. Joulup\u00e4iv\u00e4n\u00e4 ensi-iltansa sai nimitt\u00e4in <a href=\"https:\/\/muropaketti.com\/avainsana\/pamela-tola\/\" rel=\"nofollow noopener\" target=\"_blank\">Pamela Tolan<\/a> ohjaama Ter\u00e4sleidit \u2013 Kuin viimeist\u00e4 p\u00e4iv\u00e4\u00e4, joka on jatko-osa vuonna 2020 julkaistulle Ter\u00e4sleidit-elokuvalle \u2013 joka puolestaan oli julkaisuvuotensa katsotuin kotimainen elokuva Suomessa l\u00e4hes 250 000 katsojallaan.<\/p>\n<p>Toinen Ter\u00e4sleidit ker\u00e4si ensimm\u00e4isen\u00e4 viikonloppunaan elokuvateattereihin <a href=\"https:\/\/www.ses.fi\/ajankohtaista\/top-20-avatar-jatko-osa-jatkoi-karjessa-uusi-terasleidit-elokuva-kakkosena\/\" target=\"_blank\" rel=\"noreferrer noopener nofollow\">Suomen elokuvas\u00e4\u00e4ti\u00f6n <\/a>tilaston mukaan 16 278 katsojaa. Viikko aiemmin julkaistulla Avatar 3:lla katsojia oli toisen viikkonsa aikana 26 699.<\/p>\n<p>Muista viime viikon uutuuksista Paul Ruddin ja Jack Blackin t\u00e4hditt\u00e4m\u00e4 komedia Anaconda l\u00f6ytyy sijalta kahdeksan. Se sai tyyty\u00e4 katsojam\u00e4\u00e4riss\u00e4 ensimm\u00e4isell\u00e4 julkaisuviikollaan vain 3 200:een.<\/p>\n<p>Avatar: Fire and Ashin on t\u00e4h\u00e4n menness\u00e4 n\u00e4hnyt Suomen teattereissa reilu 85 000 katsojaa. Se on ollut menestys my\u00f6s maailmalla, miss\u00e4 sen lippukassatulos on jo 760 miljoonaa dollaria.<\/p>\n","protected":false},"excerpt":{"rendered":"Avatar: Fire and Ash on ker\u00e4nnyt Suomessa jo yli 85 000 katsojaa. Joulun j\u00e4lkeisen\u00e4 viikonloppuna James Cameronin ohjaama&hellip;\n","protected":false},"author":2,"featured_media":94145,"comment_status":"","ping_status":"","sticky":false,"template":"","format":"standard","meta":{"footnotes":""},"categories":[131],"tags":[12413,1093,155,137,33,173,31,30,13494,172,14440,32,109],"class_list":{"0":"post-128177","1":"post","2":"type-post","3":"status-publish","4":"format-standard","5":"has-post-thumbnail","7":"category-elokuvat","8":"tag-anaconda","9":"tag-avatar-fire-and-ash","10":"tag-elokuvat","11":"tag-entertainment","12":"tag-fi","13":"tag-film","14":"tag-finland","15":"tag-finnish","16":"tag-lippukassamenestys","17":"tag-movies","18":"tag-pamela-tola","19":"tag-suomi","20":"tag-viihde"},"share_on_mastodon":{"url":"https:\/\/pubeurope.com\/@fi\/115803315402805655","error":""},"_links":{"self":[{"href":"https:\/\/www.europesays.com\/fi\/wp-json\/wp\/v2\/posts\/128177","targetHints":{"allow":["GET"]}}],"collection":[{"href":"https:\/\/www.europesays.com\/fi\/wp-json\/wp\/v2\/posts"}],"about":[{"href":"https:\/\/www.europesays.com\/fi\/wp-json\/wp\/v2\/types\/post"}],"author":[{"embeddable":true,"href":"https:\/\/www.europesays.com\/fi\/wp-json\/wp\/v2\/users\/2"}],"replies":[{"embeddable":true,"href":"https:\/\/www.europesays.com\/fi\/wp-json\/wp\/v2\/comments?post=128177"}],"version-history":[{"count":0,"href":"https:\/\/www.europesays.com\/fi\/wp-json\/wp\/v2\/posts\/128177\/revisions"}],"wp:featuredmedia":[{"embeddable":true,"href":"https:\/\/www.europesays.com\/fi\/wp-json\/wp\/v2\/media\/94145"}],"wp:attachment":[{"href":"https:\/\/www.europesays.com\/fi\/wp-json\/wp\/v2\/media?parent=128177"}],"wp:term":[{"taxonomy":"category","embeddable":true,"href":"https:\/\/www.europesays.com\/fi\/wp-json\/wp\/v2\/categories?post=128177"},{"taxonomy":"post_tag","embeddable":true,"href":"https:\/\/www.europesays.com\/fi\/wp-json\/wp\/v2\/tags?post=128177"}],"curies":[{"name":"wp","href":"https:\/\/api.w.org\/{rel}","templated":true}]}}