{"id":128214,"date":"2025-12-29T15:23:07","date_gmt":"2025-12-29T15:23:07","guid":{"rendered":"https:\/\/www.europesays.com\/fi\/128214\/"},"modified":"2025-12-29T15:23:07","modified_gmt":"2025-12-29T15:23:07","slug":"sotilas-yritti-torjua-hyokkaavaa-droonia-lumipalloilla","status":"publish","type":"post","link":"https:\/\/www.europesays.com\/fi\/128214\/","title":{"rendered":"Sotilas yritti torjua hy\u00f6kk\u00e4\u00e4v\u00e4\u00e4 droonia lumipalloilla"},"content":{"rendered":"<p class=\"ai-optimize-6 ai-optimize-introduction\">Ukrainan kansalliskaartiin kuuluvan Donbas-pataljoonan droonien lenn\u00e4tt\u00e4j\u00e4t tallensivat videolle ven\u00e4l\u00e4issotilaan yrityksen torjua droonia lumipalloilla.<\/p>\n<p class=\"ai-optimize-6 ai-optimize-introduction\">Donbas-pataljoona on jakanut videon (jutun alla) Telegram-kanavallaan.<\/p>\n<p class=\"ai-optimize-6 ai-optimize-introduction\">Ukrainan puolustusministeri\u00f6n alaisen ArmyInform-median <a href=\"https:\/\/armyinform.com.ua\/2025\/12\/29\/zakinchylys-avtomaty-kydajsya-snizhkamy-poblyzu-chasovogo-yaru-okupanty-vidbyvayutsya-vid-droniv-snigom\/\" target=\"_blank\" rel=\"noopener nofollow\">mukaan<\/a> yhteenotto tapahtui It\u00e4-Ukrainan Donetskin alueella sijaitsevan Tshasiv Jarin l\u00e4hell\u00e4.<\/p>\n<p class=\"ai-optimize-6 ai-optimize-introduction\">Videomateriaalin perusteella ven\u00e4l\u00e4issotilas oli yksin keskell\u00e4 peltoa ilman asetta ja suojavarusteita.<\/p>\n<p class=\"ai-optimize-6 ai-optimize-introduction\">Kun hy\u00f6kk\u00e4\u00e4j\u00e4 huomasi l\u00e4hestyv\u00e4n ukrainalaisen droonin, h\u00e4n alkoi heitell\u00e4 sit\u00e4 lumipalloilla. Samaan aikaan ven\u00e4l\u00e4issotilas k\u00e4veli ja juoksi ymp\u00e4riins\u00e4 yritt\u00e4en v\u00e4istell\u00e4 droonia.<\/p>\n<p class=\"ai-optimize-6 ai-optimize-introduction\">Lopulta mies rojahti maahan j\u00e4\u00e4den makaamaan paikalleen. Pian t\u00e4m\u00e4n j\u00e4lkeen ukrainalainen drooni iski suoraan kohteeseensa surmaten sotilaan.<\/p>\n<p class=\"ai-optimize-6 ai-optimize-introduction\">Sek\u00e4 Ukraina ett\u00e4 Ven\u00e4j\u00e4 ovat sodan aikana k\u00e4ytt\u00e4neet iskuissaan etenkin videolinkin avulla ohjattavia itsemurhadrooneja, jotka ovat halpoja ja tappavia.<\/p>\n<p class=\"ai-optimize-6 ai-optimize-introduction\">Ven\u00e4j\u00e4n kerrotaan alkaneen siirty\u00e4 itsemurhadrooneista uudelleenk\u00e4ytett\u00e4viin drooneihin. Verkkouutiset kertoo asiasta <a href=\"https:\/\/www.verkkouutiset.fi\/a\/droonien-kaytossa-tapahtui-rintamalla-suuri-muutos\/#6ae4f94b\" target=\"_blank\" rel=\"noopener nofollow\">t\u00e4ss\u00e4 jutussa.<\/a><\/p>\n<p class=\"ai-optimize-6 ai-optimize-introduction\">T\u00e4m\u00e4 johtuu droonien suuresta menekist\u00e4 ja toimitusketjujen vaikeuksista. Ven\u00e4j\u00e4n sanotaan k\u00e4ytt\u00e4v\u00e4n uudelleenk\u00e4ytett\u00e4vi\u00e4 drooneja niin hy\u00f6kk\u00e4yksiss\u00e4 kuin ilmatorjunnassa.<\/p>\n","protected":false},"excerpt":{"rendered":"Ukrainan kansalliskaartiin kuuluvan Donbas-pataljoonan droonien lenn\u00e4tt\u00e4j\u00e4t tallensivat videolle ven\u00e4l\u00e4issotilaan yrityksen torjua droonia lumipalloilla. Donbas-pataljoona on jakanut videon (jutun&hellip;\n","protected":false},"author":2,"featured_media":128215,"comment_status":"","ping_status":"","sticky":false,"template":"","format":"standard","meta":{"footnotes":""},"categories":[14],"tags":[22,23,26,27,33,31,30,17,24,25,28,29,15,18,21,2807,32,19,20,56,16,59,60,61],"class_list":{"0":"post-128214","1":"post","2":"type-post","3":"status-publish","4":"format-standard","5":"has-post-thumbnail","7":"category-ulkomaat","8":"tag-breaking-news","9":"tag-breakingnews","10":"tag-featured-news","11":"tag-featurednews","12":"tag-fi","13":"tag-finland","14":"tag-finnish","15":"tag-headlines","16":"tag-latest-news","17":"tag-latestnews","18":"tag-main-news","19":"tag-mainnews","20":"tag-news","21":"tag-otsikot","22":"tag-paauutiset","23":"tag-sota-ukrainassa","24":"tag-suomi","25":"tag-top-stories","26":"tag-topstories","27":"tag-ulkomaat","28":"tag-uutiset","29":"tag-world","30":"tag-world-news","31":"tag-worldnews"},"share_on_mastodon":{"url":"https:\/\/pubeurope.com\/@fi\/115803547549697917","error":""},"_links":{"self":[{"href":"https:\/\/www.europesays.com\/fi\/wp-json\/wp\/v2\/posts\/128214","targetHints":{"allow":["GET"]}}],"collection":[{"href":"https:\/\/www.europesays.com\/fi\/wp-json\/wp\/v2\/posts"}],"about":[{"href":"https:\/\/www.europesays.com\/fi\/wp-json\/wp\/v2\/types\/post"}],"author":[{"embeddable":true,"href":"https:\/\/www.europesays.com\/fi\/wp-json\/wp\/v2\/users\/2"}],"replies":[{"embeddable":true,"href":"https:\/\/www.europesays.com\/fi\/wp-json\/wp\/v2\/comments?post=128214"}],"version-history":[{"count":0,"href":"https:\/\/www.europesays.com\/fi\/wp-json\/wp\/v2\/posts\/128214\/revisions"}],"wp:featuredmedia":[{"embeddable":true,"href":"https:\/\/www.europesays.com\/fi\/wp-json\/wp\/v2\/media\/128215"}],"wp:attachment":[{"href":"https:\/\/www.europesays.com\/fi\/wp-json\/wp\/v2\/media?parent=128214"}],"wp:term":[{"taxonomy":"category","embeddable":true,"href":"https:\/\/www.europesays.com\/fi\/wp-json\/wp\/v2\/categories?post=128214"},{"taxonomy":"post_tag","embeddable":true,"href":"https:\/\/www.europesays.com\/fi\/wp-json\/wp\/v2\/tags?post=128214"}],"curies":[{"name":"wp","href":"https:\/\/api.w.org\/{rel}","templated":true}]}}