{"id":128216,"date":"2025-12-29T15:24:08","date_gmt":"2025-12-29T15:24:08","guid":{"rendered":"https:\/\/www.europesays.com\/fi\/128216\/"},"modified":"2025-12-29T15:24:08","modified_gmt":"2025-12-29T15:24:08","slug":"poliisi-epailee-rikosta-tampereen-teiskossa-tapahtuneessa-radiomastoputoamisessa-kiipeamisen-taustalla-somehaaste-kotimaa","status":"publish","type":"post","link":"https:\/\/www.europesays.com\/fi\/128216\/","title":{"rendered":"Poliisi ep\u00e4ilee rikosta Tampereen Teiskossa tapahtuneessa radiomastoputoamisessa \u2013 kiipe\u00e4misen taustalla somehaaste | Kotimaa"},"content":{"rendered":"<p class=\"aw-1gybjub aw-5vja16 kEtdKx kmuxyA yle__article__paragraph\">Poliisin mukaan kolme alle 18-vuotiasta nuorta miest\u00e4 kiipesi radiomastoon kuvatakseen sis\u00e4lt\u00f6\u00e4 sosiaalisen median Tiktok-haasteeseen.<\/p>\n<p><img decoding=\"async\" alt=\"Keltainen varoituskyltti varoittaa hengenvaarasta. Taustalla lehdett\u00f6mi\u00e4 koivuja ja korkea radiomasto.\" src=\"https:\/\/www.europesays.com\/fi\/wp-content\/uploads\/2025\/12\/39-1574096694a7bffd8cf2.jpeg\" class=\"aw-1l9m598 hKVVvP\"\/><\/p>\n<p>Avaa kuvien katselu<\/p>\n<p>Keltainen varoituskyltti varoittaa hengenvaarasta Teiskon radiomaston l\u00e4hell\u00e4. Kuva: Marko Melto \/ Yle<\/p>\n<p>15:28\u2022P\u00e4ivitetty 15:50<\/p>\n<ul class=\"aw-1jjocuh iJTSwP yle__article__list yle__article__list--ul\">\n<li class=\"aw-1j7gwms gNYKfi\">Nuori kuoli pudottuaan Tampereen Teiskossa radiomastosta. H\u00e4n oli kiipe\u00e4m\u00e4ss\u00e4 mastoon kuvatakseen videota Tiktok-haastetta varten.<\/li>\n<li class=\"aw-1j7gwms gNYKfi\">Poliisi ep\u00e4ilee mastoon kiivenneit\u00e4 nuoria julkisrauhan rikkomisesta.<\/li>\n<li class=\"aw-1j7gwms gNYKfi\">Poliisi varoittaa vaarallisista somehaasteista. Mastoon kiipe\u00e4minen on hengenvaarallista ja rikos.<\/li>\n<\/ul>\n<p class=\"aw-1gybjub aw-1p7kakr kEtdKx cEmitX yle__article__paragraph\">Poliisi on edennyt joulun alla Tampereen Teiskossa yhden nuoren hengen vaatineen putoamisen tutkinnassa.<\/p>\n<p class=\"aw-1gybjub aw-1p7kakr kEtdKx cEmitX yle__article__paragraph\">Esitutkinnassa saadun selvityksen perusteella kolme alle 18-vuotiasta nuorta miest\u00e4 kiipesi Teiskon radiomastoon kuvatakseen sis\u00e4lt\u00f6\u00e4 sosiaalisen median Tiktok-haasteeseen.<\/p>\n<p class=\"aw-1gybjub aw-1p7kakr kEtdKx cEmitX yle__article__paragraph\">Yksi nuorista putosi radiomastosta ja l\u00f6ytyi maasta menehtyneen\u00e4. Kyse on yli 300 metri\u00e4 korkeasta Digitan <a class=\"aw-iao6s4 iHOxEa yle__article__link\" href=\"https:\/\/yle.fi\/a\/74-20201330\" role=\"link\" rel=\"nofollow noopener\" target=\"_blank\">radio- ja televisiomastosta<\/a>.<\/p>\n<p class=\"aw-1gybjub aw-1p7kakr kEtdKx cEmitX yle__article__paragraph\">Poliisi katsoo, ett\u00e4 radiomastoon kiivenneit\u00e4 nuoria on syyt\u00e4 ep\u00e4ill\u00e4 julkisrauhan rikkomisesta.<\/p>\n<p class=\"aw-1gybjub aw-1p7kakr kEtdKx cEmitX yle__article__paragraph\">Julkisrauhan rikkomisesta voidaan tekij\u00e4 tuomita sakkoon tai vankeuteen enint\u00e4\u00e4n kuudeksi kuukaudeksi.<\/p>\n<p class=\"aw-1gybjub aw-1p7kakr kEtdKx cEmitX yle__article__paragraph\">\u2013 Jos mastoon kiipe\u00e4minen on mahdollista, se ei tarkoita, ett\u00e4 se olisi sallittua, sanoo tutkinnanjohtaja, rikoskomisario <strong class=\"aw-ak79eh KyCXm yle__article__strong\">Panu Rautio<\/strong> tiedotteessa.<\/p>\n<p>Nuori menetti otteensa huoltotikkaista<\/p>\n<p class=\"aw-1gybjub aw-1p7kakr kEtdKx cEmitX yle__article__paragraph\">Poliisin mukaan kolme nuorta kiipesi radiomastoon huoltotikkaita pitkin.<\/p>\n<p class=\"aw-1gybjub aw-1p7kakr kEtdKx cEmitX yle__article__paragraph\">Nuoret kuvasivat tapahtumaa yl\u00f6s kiivetess\u00e4\u00e4n mukanaan olleilla matkapuhelimilla sek\u00e4 kameroilla.<\/p>\n<p class=\"aw-1gybjub aw-1p7kakr kEtdKx cEmitX yle__article__paragraph\">Tullessaan huoltotikkaita alasp\u00e4in ylimp\u00e4n\u00e4 ollut nuori menetti otteensa ja putosi maahan.<\/p>\n<p>Muilta kuolonuhreilta v\u00e4ltyttiin t\u00e4p\u00e4r\u00e4sti<\/p>\n<p class=\"aw-1gybjub aw-1p7kakr kEtdKx cEmitX yle__article__paragraph\">Poliisin selvityksen perusteella pudonnut nuori oli l\u00e4hell\u00e4 osua alempana huoltotikkailla olleisiin nuoriin. Jos n\u00e4in olisi k\u00e4ynyt, kuolonuhrien m\u00e4\u00e4r\u00e4 olisi voinut olla viel\u00e4kin suurempi.<\/p>\n<p class=\"aw-1gybjub aw-1p7kakr kEtdKx cEmitX yle__article__paragraph\">Poliisin mukaan nuoret eiv\u00e4t tehneet livel\u00e4hetyst\u00e4 eiv\u00e4tk\u00e4 niin sanotusti striimanneet radiomastoon kiipe\u00e4mist\u00e4\u00e4n tai kiipe\u00e4misen loppua.<\/p>\n<p class=\"aw-1gybjub aw-1p7kakr kEtdKx cEmitX yle__article__paragraph\">Poliisi pit\u00e4\u00e4 t\u00e4llaisiin laittomiin ja vaarallisiin haasteisiin osallistumista h\u00e4lytt\u00e4v\u00e4n\u00e4 ilmi\u00f6n\u00e4 ja tuomitsee vastaavat teot. Ne voivat hengenvaaran lis\u00e4ksi asettaa tekij\u00e4t rikosvastuuseen.<\/p>\n<p class=\"aw-1gybjub aw-1p7kakr kEtdKx cEmitX yle__article__paragraph\">\u2013 Pyyd\u00e4n, ett\u00e4 vanhemmat keskustelevat aiheesta vakavasti nuortensa kanssa, Rautio sanoo.<\/p>\n<p class=\"aw-1gybjub aw-1p7kakr kEtdKx cEmitX yle__article__paragraph\">Digita kertoo auttavansa poliisia tutkinnassa. Yhti\u00f6n mukaan radiomastoihin luvattomasti kiipe\u00e4vi\u00e4 uhkaavat putoaminen ja altistuminen voimakkaalle s\u00e4teilylle.<\/p>\n<p>Digita varoittaa mastojen vaaroista<\/p>\n<ul class=\"aw-1jjocuh iJTSwP yle__article__list yle__article__list--ul\">\n<li class=\"aw-1j7gwms gNYKfi\">Mastot ovat korkeita, ja muuttuvat s\u00e4\u00e4olosuhteet voivat nopeasti heikent\u00e4\u00e4 turvallisuutta.<\/li>\n<li class=\"aw-1j7gwms gNYKfi\">Luvaton kiipeilij\u00e4 voi saada helposti kramppeja tai h\u00e4t\u00e4\u00e4nty\u00e4, ja raajat voivat kangistua kylm\u00e4st\u00e4.<\/li>\n<li class=\"aw-1j7gwms gNYKfi\">S\u00e4teilyn vaikutukset voivat tulla esille vasta vuosia my\u00f6hemmin.<\/li>\n<li class=\"aw-1j7gwms gNYKfi\">Mastoty\u00f6ntekij\u00f6ill\u00e4 on aina teht\u00e4v\u00e4\u00e4n mastoty\u00f6lupa, koulutus ja turvavarusteet. Yksik\u00e4\u00e4n ammattilainen ei kiipe\u00e4isi mastoon ilman asianmukaista osaamista ja turvavarusteita.<\/li>\n<li class=\"aw-1j7gwms gNYKfi\">Mastot ovat osa yhteiskunnan kriittist\u00e4 huoltovarmuusinfrastruktuuria. Kiipeily voi h\u00e4irit\u00e4 radioviestint\u00e4\u00e4 ja aiheuttaa laajoja palvelukatkoksia, mik\u00e4 voi est\u00e4\u00e4 esimerkiksi vaaratiedotteiden v\u00e4littymisen.<\/li>\n<li class=\"aw-1j7gwms gNYKfi\">Luvaton mastoon kiipe\u00e4minen johtaa aina rikosilmoitukseen ja mahdolliseen korvausvastuuseen.<\/li>\n<\/ul>\n<p class=\"aw-1gybjub aw-1p7kakr kEtdKx cEmitX yle__article__paragraph\">L\u00e4hde: Sis\u00e4-Suomen poliisilaitoksen tiedote<\/p>\n","protected":false},"excerpt":{"rendered":"Poliisin mukaan kolme alle 18-vuotiasta nuorta miest\u00e4 kiipesi radiomastoon kuvatakseen sis\u00e4lt\u00f6\u00e4 sosiaalisen median Tiktok-haasteeseen. Avaa kuvien katselu Keltainen&hellip;\n","protected":false},"author":2,"featured_media":128217,"comment_status":"","ping_status":"","sticky":false,"template":"","format":"standard","meta":{"footnotes":""},"categories":[12],"tags":[22,23,26,27,33,31,30,17,71,24,25,28,29,15,18,21,553,52,32,551,21959,19,20,16],"class_list":{"0":"post-128216","1":"post","2":"type-post","3":"status-publish","4":"format-standard","5":"has-post-thumbnail","7":"category-suomi","8":"tag-breaking-news","9":"tag-breakingnews","10":"tag-featured-news","11":"tag-featurednews","12":"tag-fi","13":"tag-finland","14":"tag-finnish","15":"tag-headlines","16":"tag-kotimaa","17":"tag-latest-news","18":"tag-latestnews","19":"tag-main-news","20":"tag-mainnews","21":"tag-news","22":"tag-otsikot","23":"tag-paauutiset","24":"tag-pirkanmaa","25":"tag-poliisi","26":"tag-suomi","27":"tag-tampere","28":"tag-teisko","29":"tag-top-stories","30":"tag-topstories","31":"tag-uutiset"},"share_on_mastodon":{"url":"https:\/\/pubeurope.com\/@fi\/115803551570645336","error":""},"_links":{"self":[{"href":"https:\/\/www.europesays.com\/fi\/wp-json\/wp\/v2\/posts\/128216","targetHints":{"allow":["GET"]}}],"collection":[{"href":"https:\/\/www.europesays.com\/fi\/wp-json\/wp\/v2\/posts"}],"about":[{"href":"https:\/\/www.europesays.com\/fi\/wp-json\/wp\/v2\/types\/post"}],"author":[{"embeddable":true,"href":"https:\/\/www.europesays.com\/fi\/wp-json\/wp\/v2\/users\/2"}],"replies":[{"embeddable":true,"href":"https:\/\/www.europesays.com\/fi\/wp-json\/wp\/v2\/comments?post=128216"}],"version-history":[{"count":0,"href":"https:\/\/www.europesays.com\/fi\/wp-json\/wp\/v2\/posts\/128216\/revisions"}],"wp:featuredmedia":[{"embeddable":true,"href":"https:\/\/www.europesays.com\/fi\/wp-json\/wp\/v2\/media\/128217"}],"wp:attachment":[{"href":"https:\/\/www.europesays.com\/fi\/wp-json\/wp\/v2\/media?parent=128216"}],"wp:term":[{"taxonomy":"category","embeddable":true,"href":"https:\/\/www.europesays.com\/fi\/wp-json\/wp\/v2\/categories?post=128216"},{"taxonomy":"post_tag","embeddable":true,"href":"https:\/\/www.europesays.com\/fi\/wp-json\/wp\/v2\/tags?post=128216"}],"curies":[{"name":"wp","href":"https:\/\/api.w.org\/{rel}","templated":true}]}}