{"id":128220,"date":"2025-12-29T15:37:07","date_gmt":"2025-12-29T15:37:07","guid":{"rendered":"https:\/\/www.europesays.com\/fi\/128220\/"},"modified":"2025-12-29T15:37:07","modified_gmt":"2025-12-29T15:37:07","slug":"jari-bull-mentula-ja-maru-vaimo-erossa-uusi-kaanne","status":"publish","type":"post","link":"https:\/\/www.europesays.com\/fi\/128220\/","title":{"rendered":"Jari &#8217;Bull&#8217; Mentula ja Maru-vaimo: Erossa uusi k\u00e4\u00e4nne"},"content":{"rendered":"<p>            Pasi Murto\n        <\/p>\n<p class=\"subtitle \">Ammattikehonrakentaja ilmoitti kes\u00e4ll\u00e4 eroavansa Maru-vaimostaan.<\/p>\n<p class=\"article-content article-content-width !bg-background\">Seiska uutisoi kehonrakentaja , 49, avioerosta kes\u00e4kuun alussa.\u00a0<\/p>\n<p class=\"font-weight-bold m-font-weight-bold article-content article-content-width !bg-background\">Video: N\u00e4m\u00e4 julkkisparit erosivat vuonna 2025:<\/p>\n<p class=\"article-content article-content-width !bg-background\">Bull kertoi Oho, tein sen taas! -podcastissa eroavansa vaimoistaan . Bull kertoi pariskunnan puntaroineen erop\u00e4\u00e4t\u00f6st\u00e4 pitk\u00e4\u00e4n.\u00a0<\/p>\n<p>        <a itemprop=\"url\" href=\"https:\/\/www.seiska.fi\/kotimaa\/uutta-tietoa-bull-mentulan-avioerosta\/1847905\" rel=\"nofollow noopener\" target=\"_blank\"><\/p>\n<p>\nBull Mentula\n<\/p>\n<p class=\"section-date\">\n        <strong class=\"article-section\" data-section=\"kotimaa\"><br \/>\n            kotimaa<br \/>\n        <\/strong><br \/>\n        25.6. 16:30\n    <\/p>\n<p>Uutta tietoa Bull Mentulan avioerosta\n    <\/p>\n<p itemprop=\"description\" class=\"subtitle \">\n    Ammattikehonrakentajan ero on puhuttanut viime aikoina.\n<\/p>\n<p>        <\/a><\/p>\n<p class=\"article-content article-content-width !bg-background\">Virallisen avioerohakemuksen Bull ja Maru j\u00e4ttiv\u00e4t vasta eronsa julkistamisen j\u00e4lkeen. Erohakemus saapui Pirkanmaan k\u00e4r\u00e4j\u00e4oikeuteen 19. kes\u00e4kuuta. Ex-pari j\u00e4tti hakemuksen yhdess\u00e4.\u00a0<\/p>\n<p>Uusi k\u00e4\u00e4nne<\/p>\n<p class=\"article-content article-content-width !bg-background\">Kuuden kuukauden harkinta-aika tuli t\u00e4yteen 20. joulukuuta. Pariskunta ei j\u00e4\u00e4nyt aikailemaan asian kanssa, vaan he j\u00e4ttiv\u00e4t toisen vaiheen hakemuksen jo samana p\u00e4iv\u00e4n\u00e4.\u00a0<\/p>\n<p>                <img decoding=\"async\" src=\"https:\/\/www.europesays.com\/fi\/wp-content\/uploads\/2025\/12\/2032723.webp.jpeg\" width=\"576\" height=\"720\" alt=\"Jari ja Maru sanoivat tahdon liki vuosikymmen sitten.\" loading=\"lazy\" \/>            <\/p>\n<p>\n            Jari ja Maru sanoivat tahdon liki vuosikymmen sitten.<br \/>\n            Tomi Rehell\n        <\/p>\n<p class=\"article-content article-content-width !bg-background\">Pirkanmaan k\u00e4r\u00e4j\u00e4oikeudesta vahvistetaan Seiskalle, ett\u00e4 Bull ja Maru ovat j\u00e4tt\u00e4neet hakemuksen yhdess\u00e4. Vireille asia on tullut 23.12.\u00a0<\/p>\n<p>        <a itemprop=\"url\" href=\"https:\/\/www.seiska.fi\/vain-seiskassa\/bull-mentula-yllatti-parkkiksella-komea-ilmestys-mutta\/1844343\" rel=\"nofollow noopener\" target=\"_blank\"><\/p>\n<p>\nYll\u00e4tti keski-ik\u00e4isen naisen parkkipaikalla\n<\/p>\n<p class=\"section-date\">\n        <strong class=\"article-section\" data-section=\"vain seiskassa\"><br \/>\n            vain seiskassa<br \/>\n        <\/strong><br \/>\n        22.6. 16:30\n    <\/p>\n<p>Bull Mentula yll\u00e4tti parkkiksella: &#8221;Komea ilmestys, mutta&#8230;&#8221;\n    <\/p>\n<p itemprop=\"description\" class=\"subtitle \">\n    Bull Mentula k\u00e4y l\u00e4pi t\u00e4ll\u00e4 hetkell\u00e4 avieroa.\n<\/p>\n<p>        <\/a><\/p>\n<p class=\"article-content article-content-width !bg-background\">Bullin ja Marun avioero on siis en\u00e4\u00e4 sinetti\u00e4 vaille valmis. Ero astuu voimaan heti, kun k\u00e4r\u00e4j\u00e4oikeus on k\u00e4sitellyt hakemuksen.\u00a0<\/p>\n<p>Liitto p\u00e4\u00e4ttyy, suhde ei<\/p>\n<p class=\"article-content article-content-width !bg-background\">Bull ja Maru tapasivat vuonna 2010, ku Maru tuli Bullin asiakkaaksi.<\/p>\n<p class=\"article-content article-content-width !bg-background\">Kaksikon h\u00e4it\u00e4 vietettiin kuusi vuotta my\u00f6hemmin hulppeasti Kreikassa. H\u00e4\u00e4juhlien suunnittelusta vastasi Bullin yhti\u00f6kumppani  (nyk. ).\u00a0<\/p>\n<p>                <img decoding=\"async\" src=\"https:\/\/www.europesays.com\/fi\/wp-content\/uploads\/2025\/12\/2032725.webp.jpeg\" width=\"576\" height=\"740\" alt=\"Jarin mukaan erop\u00e4\u00e4t\u00f6s oli Marun.\" loading=\"lazy\" \/>            <\/p>\n<p>\n            Jarin mukaan erop\u00e4\u00e4t\u00f6s oli Marun.<br \/>\n            Ari Lahti\n        <\/p>\n<p class=\"article-content article-content-width !bg-background\">Ex-pariskunnalla on kaksi yhteista lasta, vuosina 2017 ja 2019 syntyneet pojat.\u00a0<\/p>\n<p>        <a itemprop=\"url\" href=\"https:\/\/www.seiska.fi\/kotimaa\/bull-mentula-eroaa-miten-kay-miljoonaomaisuudelle\/1899681\" rel=\"nofollow noopener\" target=\"_blank\"><\/p>\n<p>\nBull Mentula eroaa\n<\/p>\n<p class=\"section-date\">\n        <strong class=\"article-section\" data-section=\"kotimaa\"><br \/>\n            kotimaa<br \/>\n        <\/strong><br \/>\n        18.8. 05:00\n    <\/p>\n<p>Bull Mentula eroaa \u2013 miten k\u00e4y miljoonaomaisuudelle?\n    <\/p>\n<p itemprop=\"description\" class=\"subtitle \">\n    Seiska selvitti, millaisista summista on kyse, kun Suomen tunnetuimman kehonrakentajan omaisuus ositetaan.\n<\/p>\n<p>        <\/a><\/p>\n<p class=\"article-content article-content-width !bg-background\">Bull kertoi podcastissa olevansa Marun kanssa hyviss\u00e4 v\u00e4leiss\u00e4 erosta huolimatta.\u00a0<\/p>\n<p class=\"article-content article-content-width !bg-background\">\u2013\u00a0Ei meid\u00e4n suhde tule loppumaan. Se tulee muuttumaan. Ja kun puhutaan, ett\u00e4 rakkaus on loppunut&#8230; Ei se ole loppunut, ammattibodaaja totesi kes\u00e4ll\u00e4.<\/p>\n<p>        <a itemprop=\"url\" href=\"https:\/\/www.seiska.fi\/vain-seiskassa\/bull-mentula-myy-miljoonakotiaan-taustalla-karu-ero\/1841222\" rel=\"nofollow noopener\" target=\"_blank\"><\/p>\n<p>\nTaustalla karu ero\n<\/p>\n<p class=\"section-date\">\n        <strong class=\"article-section\" data-section=\"vain seiskassa\"><br \/>\n            vain seiskassa<br \/>\n        <\/strong><br \/>\n        19.6. 07:00\n    <\/p>\n<p>Bull Mentula myy miljoonakotiaan \u2013 taustalla karu ero\n    <\/p>\n<p itemprop=\"description\" class=\"subtitle \">\n    Voimamies on laittanut t\u00f6pin\u00e4ksi, sill\u00e4 avioeron my\u00f6t\u00e4 my\u00f6s koti on nyt myynniss\u00e4.\n<\/p>\n<p>        <\/a><\/p>\n","protected":false},"excerpt":{"rendered":"Pasi Murto Ammattikehonrakentaja ilmoitti kes\u00e4ll\u00e4 eroavansa Maru-vaimostaan. Seiska uutisoi kehonrakentaja , 49, avioerosta kes\u00e4kuun alussa.\u00a0 Video: N\u00e4m\u00e4 julkkisparit&hellip;\n","protected":false},"author":2,"featured_media":128221,"comment_status":"","ping_status":"","sticky":false,"template":"","format":"standard","meta":{"footnotes":""},"categories":[136],"tags":[2759,407,137,33,31,30,4327,408,16149,22754,1285,651,32,109],"class_list":{"0":"post-128220","1":"post","2":"type-post","3":"status-publish","4":"format-standard","5":"has-post-thumbnail","7":"category-julkkikset","8":"tag-avioero","9":"tag-celebrities","10":"tag-entertainment","11":"tag-fi","12":"tag-finland","13":"tag-finnish","14":"tag-jari-bull-mentula","15":"tag-julkkikset","16":"tag-jutta-gustafsberg","17":"tag-maruzella","18":"tag-pirkanmaan-karajaoikeus","19":"tag-suhteet","20":"tag-suomi","21":"tag-viihde"},"share_on_mastodon":{"url":"https:\/\/pubeurope.com\/@fi\/115803602515658498","error":""},"_links":{"self":[{"href":"https:\/\/www.europesays.com\/fi\/wp-json\/wp\/v2\/posts\/128220","targetHints":{"allow":["GET"]}}],"collection":[{"href":"https:\/\/www.europesays.com\/fi\/wp-json\/wp\/v2\/posts"}],"about":[{"href":"https:\/\/www.europesays.com\/fi\/wp-json\/wp\/v2\/types\/post"}],"author":[{"embeddable":true,"href":"https:\/\/www.europesays.com\/fi\/wp-json\/wp\/v2\/users\/2"}],"replies":[{"embeddable":true,"href":"https:\/\/www.europesays.com\/fi\/wp-json\/wp\/v2\/comments?post=128220"}],"version-history":[{"count":0,"href":"https:\/\/www.europesays.com\/fi\/wp-json\/wp\/v2\/posts\/128220\/revisions"}],"wp:featuredmedia":[{"embeddable":true,"href":"https:\/\/www.europesays.com\/fi\/wp-json\/wp\/v2\/media\/128221"}],"wp:attachment":[{"href":"https:\/\/www.europesays.com\/fi\/wp-json\/wp\/v2\/media?parent=128220"}],"wp:term":[{"taxonomy":"category","embeddable":true,"href":"https:\/\/www.europesays.com\/fi\/wp-json\/wp\/v2\/categories?post=128220"},{"taxonomy":"post_tag","embeddable":true,"href":"https:\/\/www.europesays.com\/fi\/wp-json\/wp\/v2\/tags?post=128220"}],"curies":[{"name":"wp","href":"https:\/\/api.w.org\/{rel}","templated":true}]}}