{"id":128234,"date":"2025-12-29T15:51:08","date_gmt":"2025-12-29T15:51:08","guid":{"rendered":"https:\/\/www.europesays.com\/fi\/128234\/"},"modified":"2025-12-29T15:51:08","modified_gmt":"2025-12-29T15:51:08","slug":"venaja-ei-enaa-piittaa-kansainvalisista-rikostuomioista-uutisia-lyhyesti","status":"publish","type":"post","link":"https:\/\/www.europesays.com\/fi\/128234\/","title":{"rendered":"Ven\u00e4j\u00e4 ei en\u00e4\u00e4 piittaa kansainv\u00e4lisist\u00e4 rikostuomioista | Uutisia lyhyesti"},"content":{"rendered":"<p class=\"aw-1gybjub aw-1p7kakr kEtdKx cEmitX yle__article__paragraph\">Ven\u00e4j\u00e4n presidentti <strong class=\"aw-ak79eh KyCXm yle__article__strong\">Vladimir Putin<\/strong> on hyv\u00e4ksynyt lain, jonka mukaan Ven\u00e4j\u00e4 voi j\u00e4tt\u00e4\u00e4 huomiotta ulkomaisten tai kansainv\u00e4listen rikostuomioistuinten ratkaisut.<\/p>\n<p class=\"aw-1gybjub aw-1p7kakr kEtdKx cEmitX yle__article__paragraph\">Laki koskee my\u00f6s sellaisia oikeusistuimia, joita ei ole hyv\u00e4ksytty kansainv\u00e4lisill\u00e4 sopimuksilla tai YK:n turvallisuusneuvoston p\u00e4\u00e4t\u00f6ksill\u00e4.<\/p>\n<p class=\"aw-1gybjub aw-1p7kakr kEtdKx cEmitX yle__article__paragraph\">Lain avulla Ven\u00e4j\u00e4 yritt\u00e4\u00e4 todenn\u00e4k\u00f6isesti v\u00e4ltt\u00e4\u00e4 sen omiin kansalaisiin kohdistuvat sotarikostuomiot.<\/p>\n<p class=\"aw-1gybjub aw-1p7kakr kEtdKx cEmitX yle__article__paragraph\">Kansainv\u00e4linen rikostuomioistuin ICC on nostanut syytteet presidentti Putinia ja viitt\u00e4 muuta ven\u00e4l\u00e4ist\u00e4 vastaan ukrainalaislasten sieppauksista.<\/p>\n<p class=\"aw-1gybjub aw-1p7kakr kEtdKx cEmitX yle__article__paragraph\">EU-maat vaativat my\u00f6s Ven\u00e4j\u00e4lt\u00e4 erityisess\u00e4 korvauskomissiossa satojen miljardien eurojen korvauksista sodan aiheuttamista tuhoista.<\/p>\n<p class=\"aw-1gybjub aw-1p7kakr kEtdKx cEmitX yle__article__paragraph\">L\u00e4hde: Reuters<\/p>\n","protected":false},"excerpt":{"rendered":"Ven\u00e4j\u00e4n presidentti Vladimir Putin on hyv\u00e4ksynyt lain, jonka mukaan Ven\u00e4j\u00e4 voi j\u00e4tt\u00e4\u00e4 huomiotta ulkomaisten tai kansainv\u00e4listen rikostuomioistuinten ratkaisut.&hellip;\n","protected":false},"author":2,"featured_media":128235,"comment_status":"","ping_status":"","sticky":false,"template":"","format":"standard","meta":{"footnotes":""},"categories":[5],"tags":[22,23,26,27,33,31,30,17,5128,24,25,28,29,15,18,21,4716,32,19,20,6497,1303,56,16,547,2257],"class_list":{"0":"post-128234","1":"post","2":"type-post","3":"status-publish","4":"format-standard","5":"has-post-thumbnail","7":"category-otsikot","8":"tag-breaking-news","9":"tag-breakingnews","10":"tag-featured-news","11":"tag-featurednews","12":"tag-fi","13":"tag-finland","14":"tag-finnish","15":"tag-headlines","16":"tag-kansainvalinen-rikostuomioistuin","17":"tag-latest-news","18":"tag-latestnews","19":"tag-main-news","20":"tag-mainnews","21":"tag-news","22":"tag-otsikot","23":"tag-paauutiset","24":"tag-sotarikokset","25":"tag-suomi","26":"tag-top-stories","27":"tag-topstories","28":"tag-tuomioistuimet","29":"tag-ukraina","30":"tag-ulkomaat","31":"tag-uutiset","32":"tag-venaja","33":"tag-vladimir-putin"},"share_on_mastodon":{"url":"https:\/\/pubeurope.com\/@fi\/115803657512202274","error":""},"_links":{"self":[{"href":"https:\/\/www.europesays.com\/fi\/wp-json\/wp\/v2\/posts\/128234","targetHints":{"allow":["GET"]}}],"collection":[{"href":"https:\/\/www.europesays.com\/fi\/wp-json\/wp\/v2\/posts"}],"about":[{"href":"https:\/\/www.europesays.com\/fi\/wp-json\/wp\/v2\/types\/post"}],"author":[{"embeddable":true,"href":"https:\/\/www.europesays.com\/fi\/wp-json\/wp\/v2\/users\/2"}],"replies":[{"embeddable":true,"href":"https:\/\/www.europesays.com\/fi\/wp-json\/wp\/v2\/comments?post=128234"}],"version-history":[{"count":0,"href":"https:\/\/www.europesays.com\/fi\/wp-json\/wp\/v2\/posts\/128234\/revisions"}],"wp:featuredmedia":[{"embeddable":true,"href":"https:\/\/www.europesays.com\/fi\/wp-json\/wp\/v2\/media\/128235"}],"wp:attachment":[{"href":"https:\/\/www.europesays.com\/fi\/wp-json\/wp\/v2\/media?parent=128234"}],"wp:term":[{"taxonomy":"category","embeddable":true,"href":"https:\/\/www.europesays.com\/fi\/wp-json\/wp\/v2\/categories?post=128234"},{"taxonomy":"post_tag","embeddable":true,"href":"https:\/\/www.europesays.com\/fi\/wp-json\/wp\/v2\/tags?post=128234"}],"curies":[{"name":"wp","href":"https:\/\/api.w.org\/{rel}","templated":true}]}}