{"id":128270,"date":"2025-12-29T16:59:07","date_gmt":"2025-12-29T16:59:07","guid":{"rendered":"https:\/\/www.europesays.com\/fi\/128270\/"},"modified":"2025-12-29T16:59:07","modified_gmt":"2025-12-29T16:59:07","slug":"se-villin-lannen-meininki-on-taysin-makaaberia-somesta-on-artisteille-paljon-hyotya-mutta-varjopuolia-riittaa","status":"publish","type":"post","link":"https:\/\/www.europesays.com\/fi\/128270\/","title":{"rendered":"&#8221;Se villin l\u00e4nnen meininki on t\u00e4ysin makaaberia&#8221; \u2013 somesta on artisteille paljon hy\u00f6ty\u00e4, mutta varjopuolia riitt\u00e4\u00e4"},"content":{"rendered":"<p>Petteri Sariola on n\u00e4kyv\u00e4sti esill\u00e4 Soundissa 11\/25. Timo Isoahon toimittamassa haastattelussa k\u00e4sitell\u00e4\u00e4n t\u00e4m\u00e4n kovan luokan kitaristin menneisyytt\u00e4 ja tulevaa, ja puheeksi nousee tietysti my\u00f6s Youtube, jonka avustuksella Sariola on asemaansa noussut. Ajat kuitenkin muuttuvat ja yleis\u00f6n keskittymiskyky n\u00e4ytt\u00e4\u00e4 lyhenev\u00e4n loputtomassa videomeress\u00e4 alati pienemm\u00e4ksi, Sariola tuumaa artikkelissa. Lue katkelma pidemm\u00e4st\u00e4 haastattelusta alempaa ja loput sitten printist\u00e4.<\/p>\n<p>Lue my\u00f6s: <a href=\"https:\/\/www.soundi.fi\/jutut\/soundi-11-25-matti-johannes-koivu-ursus-factory-melodys-echo-chamber-alter-bridge-petteri-sariola\/\" title=\"Soundi 11\/25: Matti Johannes Koivu, Ursus Factory, Melody\u2019s Echo Chamber, Alter Bridge, Petteri Sariola\u2026\" class=\"underline-custom !font-montserrat !font-bold !underline-offset-4 !decoration-4 !decoration-tilt-light\" rel=\"nofollow noopener\" target=\"_blank\">Soundi 11\/25: Matti Johannes Koivu, Ursus Factory, Melody\u2019s Echo Chamber, Alter Bridge, Petteri Sariola\u2026<\/a><\/p>\n<p>Lue my\u00f6s: <a href=\"https:\/\/www.soundi.fi\/uutiset\/kitarataituri-petteri-sariola-on-melkoinen-yhden-miehen-yhtye-nyt-sariola-kertoo-miten-han-kaiken-tekee\/\" title=\"Kitarataituri Petteri Sariola on melkoinen yhden miehen yhtye \u2013 nyt Sariola kertoo, miten h\u00e4n kaiken tekee\" class=\"underline-custom !font-montserrat !font-bold !underline-offset-4 !decoration-4 !decoration-tilt-light\" rel=\"nofollow noopener\" target=\"_blank\">Kitarataituri Petteri Sariola on melkoinen yhden miehen yhtye \u2013 nyt Sariola kertoo, miten h\u00e4n kaiken tekee<\/a><\/p>\n<p><strong>Vuonna 2006 Youtube otti ensiaskeliaan. Miten osasit ottaa kaiken hy\u00f6dyn irti uudesta alustasta?<\/strong><\/p>\n<p>\u2013 Videojuttu kiinnosti ylip\u00e4\u00e4ns\u00e4. Latasin videoita jo Myspaceen, mutta toki Youtube tuntui viel\u00e4kin paremmalta alustalta. N\u00e4ytt\u00f6kertoja alkoi tulla, ja kohta japanilaisen King Recordsin Susumu Morikawa otti yhteytt\u00e4. Sitten h\u00e4n lensi Suomeen, ja tapaamisesta alkoi yhteisty\u00f6, joka jatkuu t\u00e4n\u00e4kin p\u00e4iv\u00e4n\u00e4.<\/p>\n<p>\u2013 Japanissa on iso fingerstyle-skene, ainakin moniin muihin paikkoihin verrattuna. Esimerkiksi Kotaro Oshio on tehnyt pitk\u00e4n uran ja on siell\u00e4 suoranainen popt\u00e4hti. Olen sik\u00e4li onnekas, ett\u00e4 jostain syyst\u00e4 tekemiseni tuntuu korreloivan hyvin japanilaisen musamaun kanssa. Olen diggaillut lapsuudesta saakka Hayao Miyazakin leffoja ja vaikka Sega Mega Drive -pelej\u00e4, ja ehk\u00e4 sielt\u00e4 on tarttunut jotain mausteita omaan hommaani.<\/p>\n<p><strong>Millaisia ajatuksia nyky-Youtube ja muut videoalustat her\u00e4tt\u00e4v\u00e4t?<\/strong><\/p>\n<p>\u2013 Youtube on edelleen mieluinen alusta, sill\u00e4 sielt\u00e4 l\u00f6ytyy kokonaisia biisej\u00e4, konsertteja ja vaikka mit\u00e4. Kun taas lyhytvideot\u2026 Nyky\u00e4\u00e4n Instagram, Tiktok ja vastaavat haluavat, ett\u00e4 kaikki julkaisevat hyvin lyhyit\u00e4 ja jollain tavalla p\u00e4r\u00e4ytt\u00e4vi\u00e4 p\u00e4tki\u00e4. Ja kun yksi on julkaistu, halutaan jo seuraava. Ihmisten k\u00e4rsiv\u00e4llisyys ei tunnu riitt\u00e4v\u00e4n muuhun kuin t\u00e4h\u00e4n pikaruokaan, enk\u00e4 min\u00e4 koe olevani kovin hyv\u00e4 pikaruokakokki.<\/p>\n<p>\u2013 Somessa py\u00f6riv\u00e4n vihapuheen ja muun ik\u00e4v\u00e4n sis\u00e4ll\u00f6n m\u00e4\u00e4r\u00e4 on tietenkin ihan k\u00e4sitt\u00e4m\u00e4t\u00f6n. Se villin l\u00e4nnen meininki on t\u00e4ysin makaaberia. T\u00e4t\u00e4 pime\u00e4\u00e4 puolta, oksettavaa kiusaamista ja muuta, ei my\u00f6sk\u00e4\u00e4n haluta oikeasti rajoittaa, sill\u00e4 se tuo alustoille tuloja muun muassa mainosten kautta. Ylip\u00e4\u00e4ns\u00e4 tuntuu, ett\u00e4 aiemmin porukalla oli sent\u00e4\u00e4n jotain k\u00e4yt\u00f6stapoja ja asioihin suhtauduttiin rauhallisemmin. Toivottavasti t\u00e4m\u00e4n ilmi\u00f6n suunta saadaan k\u00e4\u00e4nnetty\u00e4.<\/p>\n<p>Lue my\u00f6s: <a href=\"https:\/\/www.soundi.fi\/uutiskirje\/\" title=\"Tilaa Soundin uutiskirje\" class=\"underline-custom !font-montserrat !font-bold !underline-offset-4 !decoration-4 !decoration-red-600 !text-md\" rel=\"nofollow noopener\" target=\"_blank\">Tilaa Soundin uutiskirje ja tied\u00e4t mist\u00e4 kahvitauolla puhutaan! Nappaa ajankohtaiset musiikin uutiset ja puheenaiheet suoraan s\u00e4hk\u00f6postiin t\u00e4st\u00e4.<\/a><\/p>\n","protected":false},"excerpt":{"rendered":"Petteri Sariola on n\u00e4kyv\u00e4sti esill\u00e4 Soundissa 11\/25. Timo Isoahon toimittamassa haastattelussa k\u00e4sitell\u00e4\u00e4n t\u00e4m\u00e4n kovan luokan kitaristin menneisyytt\u00e4 ja&hellip;\n","protected":false},"author":2,"featured_media":128271,"comment_status":"","ping_status":"","sticky":false,"template":"","format":"standard","meta":{"footnotes":""},"categories":[132],"tags":[137,33,31,30,2382,195,47,32,109],"class_list":{"0":"post-128270","1":"post","2":"type-post","3":"status-publish","4":"format-standard","5":"has-post-thumbnail","7":"category-musiikki","8":"tag-entertainment","9":"tag-fi","10":"tag-finland","11":"tag-finnish","12":"tag-haastattelu","13":"tag-music","14":"tag-musiikki","15":"tag-suomi","16":"tag-viihde"},"share_on_mastodon":{"url":"https:\/\/pubeurope.com\/@fi\/115803924916779977","error":""},"_links":{"self":[{"href":"https:\/\/www.europesays.com\/fi\/wp-json\/wp\/v2\/posts\/128270","targetHints":{"allow":["GET"]}}],"collection":[{"href":"https:\/\/www.europesays.com\/fi\/wp-json\/wp\/v2\/posts"}],"about":[{"href":"https:\/\/www.europesays.com\/fi\/wp-json\/wp\/v2\/types\/post"}],"author":[{"embeddable":true,"href":"https:\/\/www.europesays.com\/fi\/wp-json\/wp\/v2\/users\/2"}],"replies":[{"embeddable":true,"href":"https:\/\/www.europesays.com\/fi\/wp-json\/wp\/v2\/comments?post=128270"}],"version-history":[{"count":0,"href":"https:\/\/www.europesays.com\/fi\/wp-json\/wp\/v2\/posts\/128270\/revisions"}],"wp:featuredmedia":[{"embeddable":true,"href":"https:\/\/www.europesays.com\/fi\/wp-json\/wp\/v2\/media\/128271"}],"wp:attachment":[{"href":"https:\/\/www.europesays.com\/fi\/wp-json\/wp\/v2\/media?parent=128270"}],"wp:term":[{"taxonomy":"category","embeddable":true,"href":"https:\/\/www.europesays.com\/fi\/wp-json\/wp\/v2\/categories?post=128270"},{"taxonomy":"post_tag","embeddable":true,"href":"https:\/\/www.europesays.com\/fi\/wp-json\/wp\/v2\/tags?post=128270"}],"curies":[{"name":"wp","href":"https:\/\/api.w.org\/{rel}","templated":true}]}}