{"id":128284,"date":"2025-12-29T17:21:08","date_gmt":"2025-12-29T17:21:08","guid":{"rendered":"https:\/\/www.europesays.com\/fi\/128284\/"},"modified":"2025-12-29T17:21:08","modified_gmt":"2025-12-29T17:21:08","slug":"piritta-hagman-riipaiseva-avautuminen-seiska","status":"publish","type":"post","link":"https:\/\/www.europesays.com\/fi\/128284\/","title":{"rendered":"Piritta Hagman: Riipaiseva avautuminen | Seiska"},"content":{"rendered":"<p>            Pasi Murto\n        <\/p>\n<p class=\"subtitle \">Piritta avautuu kipe\u00e4st\u00e4 aiheesta.<\/p>\n<p class=\"article-content article-content-width !bg-background\">\u00c4itiys- ja lantionpohjan fysioterapeutti , 46, tunnetaan my\u00f6s televisio- ja podcast-maailmasta.<\/p>\n<p class=\"font-weight-bold m-font-weight-bold article-content article-content-width !bg-background\">Katso video \u2013 Piritta kertoi Iholla-sarjassa yksin\u00e4isyydest\u00e4:<\/p>\n<p>Suuri suru<\/p>\n<p class=\"article-content article-content-width !bg-background\">Piritta kertoi maanantaina 29. joulukuuta Instagram-tarinoissaan ensimm\u00e4ist\u00e4 kertaa julkisuudessa kipe\u00e4st\u00e4 asiasta. Tarinat poistuvat n\u00e4kyvilt\u00e4 24 tuntia julkaisunsa j\u00e4lkeen.<\/p>\n<p class=\"article-content article-content-width !bg-background\">T\u00f6ihin k\u00e4velev\u00e4 Piritta kertoo videolla olevansa herkistyneess\u00e4 mielentilassa, koska h\u00e4n on viimeist\u00e4 p\u00e4iv\u00e4\u00e4 ty\u00f6paikkansa toimitilassa.<\/p>\n<p class=\"article-content article-content-width !bg-background\">\u2013 T\u00e4h\u00e4n tilaan liittyy ihan hirve\u00e4n paljon muistoja, p\u00e4\u00e4llimm\u00e4isen\u00e4 mun edesmenneest\u00e4 yst\u00e4v\u00e4st\u00e4 . M\u00e4 en oo siit\u00e4 hirveesti koskaan puhunut.\u00a0<\/p>\n<p class=\"article-content article-content-width !bg-background\">\u2013 Mun l\u00e4hipiirik\u00e4\u00e4n ei ehk\u00e4 tied\u00e4, kuinka vaikeeta mun oli palata t\u00e4nne Tuomaksen kuoleman j\u00e4lkeen, Piritta kertoo.<\/p>\n<p class=\"article-content article-content-width !bg-background\">Ex-missi kertoo, ett\u00e4 h\u00e4nell\u00e4 ja Tuomaksella oli vierekk\u00e4iset ty\u00f6tilat ja he sparrasivat toisiaan. Piritta kuvailee Tuomasta yhdeksi l\u00e4heisimmist\u00e4 yst\u00e4vist\u00e4\u00e4n. Tuomas menehtyi juuri ennen koronapandemian alkua.<\/p>\n<p class=\"article-content article-content-width !bg-background\">\u2013 Oli vaikea tulla t\u00e4nne, koska ne muistot oli edelleen t\u00e4\u00e4ll\u00e4, Piritta sanoo.<\/p>\n<p>        <a itemprop=\"url\" href=\"https:\/\/www.seiska.fi\/kotimaa\/piritta-hagman-muuttouutisia\/2002753\" rel=\"nofollow noopener\" target=\"_blank\"><\/p>\n<p>\nPiritta Hagman\n<\/p>\n<p class=\"section-date\">\n        <strong class=\"article-section\" data-section=\"kotimaa\"><br \/>\n            kotimaa<br \/>\n        <\/strong><br \/>\n        24.11. 20:21\n    <\/p>\n<p>Piritta Hagman: Muuttouutisia!\n    <\/p>\n<p itemprop=\"description\" class=\"subtitle \">\n    Piritta avautuu vaikeasta p\u00e4\u00e4t\u00f6ksest\u00e4\u00e4n.\n<\/p>\n<p>        <\/a><\/p>\n<p>L\u00e4hes 10 vuotta nuorempi kumppani<\/p>\n<p class=\"article-content article-content-width !bg-background\">Piritta on vuoden 2003 Miss Suomen ensimm\u00e4inen perint\u00f6prinsessa ja vuoden 2004 Miss Skandinavia.<\/p>\n<p class=\"article-content article-content-width !bg-background\">Piritta avioitui pitk\u00e4n NHL-uran tehneen j\u00e4\u00e4kiekkoilija , 46, kanssa vuonna 2006. Pari ilmoitti erostaan toukokuussa 2018. Heill\u00e4 on kolme yhteist\u00e4 lasta.\u00a0<\/p>\n<p class=\"article-content article-content-width !bg-background\">Nykyisin Piritta seurustelee koripallovalmentaja Lassi Tuovin, 37, kanssa. Piritta ja Lassi\u00a0ovat pit\u00e4neet yht\u00e4 muutamien vuosien ajan. Pari on kertonut el\u00e4v\u00e4ns\u00e4 et\u00e4suhteessa Lassin ty\u00f6n vuoksi.\u00a0<\/p>\n<p>        <a itemprop=\"url\" href=\"https:\/\/www.seiska.fi\/kotimaa\/piritta-hagman-toi-korisrakkaansa-julkkisjuhliin-harvinainen-yhteiskuva\/1835276\" rel=\"nofollow noopener\" target=\"_blank\"><\/p>\n<p>\nPiritta Hagman ja korisrakas\n<\/p>\n<p class=\"section-date\">\n        <strong class=\"article-section\" data-section=\"kotimaa\"><br \/>\n            kotimaa<br \/>\n        <\/strong><br \/>\n        13.6. 05:30\n    <\/p>\n<p>Piritta Hagman toi korisrakkaansa julkkisjuhliin \u2013 harvinainen yhteiskuva!\n    <\/p>\n<p itemprop=\"description\" class=\"subtitle \">\n    Piritta nautti Jaajon Superterassin vauhdikkaasta avajaistunnelmasta.\n<\/p>\n<p>        <\/a><\/p>\n<p>                <img loading=\"lazy\" decoding=\"async\" src=\"https:\/\/www.europesays.com\/fi\/wp-content\/uploads\/2025\/12\/2002760.webp.jpeg\" width=\"576\" height=\"672\" alt=\"Piritta Jaajo Linnonmaan luotsaaman Superterassin avajaisissa kes\u00e4kuussa.\" \/>            <\/p>\n<p>\n            Piritta Jaajo Linnonmaan luotsaaman Superterassin avajaisissa kes\u00e4kuussa.<br \/>\n            Panu H\u00f6rkk\u00f6\n        <\/p>\n<p>        <a itemprop=\"url\" href=\"https:\/\/www.seiska.fi\/kotimaa\/piritta-hagmanin-okytakin-hinta-allistyttaa-video\/1920918\" rel=\"nofollow noopener\" target=\"_blank\"><\/p>\n<p>\nPiritta Hagman\n<\/p>\n<p class=\"section-date\">\n        <strong class=\"article-section\" data-section=\"kotimaa\"><br \/>\n            kotimaa<br \/>\n        <\/strong><br \/>\n        6.9. 20:00\n    <\/p>\n<p>Piritta Hagmanin \u00f6kytakin hinta \u00e4llistytt\u00e4\u00e4 &#8211; video!\n    <\/p>\n<p itemprop=\"description\" class=\"subtitle \">\n    Takin hinnalla voisi ostaa vaikka auton!\n<\/p>\n<p>        <\/a><\/p>\n","protected":false},"excerpt":{"rendered":"Pasi Murto Piritta avautuu kipe\u00e4st\u00e4 aiheesta. \u00c4itiys- ja lantionpohjan fysioterapeutti , 46, tunnetaan my\u00f6s televisio- ja podcast-maailmasta. Katso&hellip;\n","protected":false},"author":2,"featured_media":128285,"comment_status":"","ping_status":"","sticky":false,"template":"","format":"standard","meta":{"footnotes":""},"categories":[136],"tags":[407,137,33,31,30,22762,408,18755,3458,6366,16895,32,1464,109],"class_list":{"0":"post-128284","1":"post","2":"type-post","3":"status-publish","4":"format-standard","5":"has-post-thumbnail","7":"category-julkkikset","8":"tag-celebrities","9":"tag-entertainment","10":"tag-fi","11":"tag-finland","12":"tag-finnish","13":"tag-iholla-sarja","14":"tag-julkkikset","15":"tag-lassi-tuovi","16":"tag-miss-suomi","17":"tag-niklas-hagman","18":"tag-piritta-hagman","19":"tag-suomi","20":"tag-suuri-suru","21":"tag-viihde"},"share_on_mastodon":{"url":"https:\/\/pubeurope.com\/@fi\/115804011431593467","error":""},"_links":{"self":[{"href":"https:\/\/www.europesays.com\/fi\/wp-json\/wp\/v2\/posts\/128284","targetHints":{"allow":["GET"]}}],"collection":[{"href":"https:\/\/www.europesays.com\/fi\/wp-json\/wp\/v2\/posts"}],"about":[{"href":"https:\/\/www.europesays.com\/fi\/wp-json\/wp\/v2\/types\/post"}],"author":[{"embeddable":true,"href":"https:\/\/www.europesays.com\/fi\/wp-json\/wp\/v2\/users\/2"}],"replies":[{"embeddable":true,"href":"https:\/\/www.europesays.com\/fi\/wp-json\/wp\/v2\/comments?post=128284"}],"version-history":[{"count":0,"href":"https:\/\/www.europesays.com\/fi\/wp-json\/wp\/v2\/posts\/128284\/revisions"}],"wp:featuredmedia":[{"embeddable":true,"href":"https:\/\/www.europesays.com\/fi\/wp-json\/wp\/v2\/media\/128285"}],"wp:attachment":[{"href":"https:\/\/www.europesays.com\/fi\/wp-json\/wp\/v2\/media?parent=128284"}],"wp:term":[{"taxonomy":"category","embeddable":true,"href":"https:\/\/www.europesays.com\/fi\/wp-json\/wp\/v2\/categories?post=128284"},{"taxonomy":"post_tag","embeddable":true,"href":"https:\/\/www.europesays.com\/fi\/wp-json\/wp\/v2\/tags?post=128284"}],"curies":[{"name":"wp","href":"https:\/\/api.w.org\/{rel}","templated":true}]}}