{"id":128298,"date":"2025-12-29T17:35:11","date_gmt":"2025-12-29T17:35:11","guid":{"rendered":"https:\/\/www.europesays.com\/fi\/128298\/"},"modified":"2025-12-29T17:35:11","modified_gmt":"2025-12-29T17:35:11","slug":"kerttu-niskanen-valaytteli-ja-tempoi-neljanneksi-tour-de-skin-perinteisen-kympilla","status":"publish","type":"post","link":"https:\/\/www.europesays.com\/fi\/128298\/","title":{"rendered":"Kerttu Niskanen v\u00e4l\u00e4ytteli ja tempoi nelj\u00e4nneksi Tour de Skin perinteisen kympill\u00e4"},"content":{"rendered":"<p>Kerttu Niskanen on sijoittunut Tour de Ski -maastohiihtokiertueen toisessa kilpailussa nelj\u00e4nneksi. Niskanen j\u00e4i 10 kilometrin perinteisen hiihtotavan yhteisl\u00e4hd\u00f6ss\u00e4 33 sekuntia kilpailun voittaneesta Norjan Astrid \u00d6yre Slindist\u00e4.<\/p>\n<p>Lue my\u00f6s: <a class=\"cursor-pointer underline\" data-testid=\"internal-link\" role=\"link\" data-sentry-element=\"Link\" data-sentry-component=\"InternalLink\" data-sentry-source-file=\"InternalLink.tsx\" href=\"https:\/\/www.mtvuutiset.fi\/artikkeli\/iivo-niskaselle-pettymys\/9275922\" rel=\"nofollow noopener\" target=\"_blank\">Iivo Niskaselle pettymys<\/a><\/p>\n<p>It\u00e4vallan <strong class=\"typography-bold\">Teresa Stadlober<\/strong> oli Italian Toblachissa hiihdetyss\u00e4 kilpailussa toinen ja Yhdysvaltain <strong class=\"typography-bold\">Jessie Diggins<\/strong> kolmas.<\/p>\n<p><strong class=\"typography-bold\">Johanna Matintalo<\/strong> oli kuudes, ja <strong class=\"typography-bold\">Jasmi Joensuu<\/strong> sijoittui 13:nneksi.<\/p>\n<p>Tour de Ski jatkuu uudenvuodenaattona 5 kilometrin vapaan hiihtotavan kilpailulla.<\/p>\n","protected":false},"excerpt":{"rendered":"Kerttu Niskanen on sijoittunut Tour de Ski -maastohiihtokiertueen toisessa kilpailussa nelj\u00e4nneksi. Niskanen j\u00e4i 10 kilometrin perinteisen hiihtotavan yhteisl\u00e4hd\u00f6ss\u00e4&hellip;\n","protected":false},"author":2,"featured_media":128299,"comment_status":"","ping_status":"","sticky":false,"template":"","format":"standard","meta":{"footnotes":""},"categories":[5],"tags":[22,23,26,27,33,31,30,17,24,25,28,29,15,18,21,32,19,20,16],"class_list":{"0":"post-128298","1":"post","2":"type-post","3":"status-publish","4":"format-standard","5":"has-post-thumbnail","7":"category-otsikot","8":"tag-breaking-news","9":"tag-breakingnews","10":"tag-featured-news","11":"tag-featurednews","12":"tag-fi","13":"tag-finland","14":"tag-finnish","15":"tag-headlines","16":"tag-latest-news","17":"tag-latestnews","18":"tag-main-news","19":"tag-mainnews","20":"tag-news","21":"tag-otsikot","22":"tag-paauutiset","23":"tag-suomi","24":"tag-top-stories","25":"tag-topstories","26":"tag-uutiset"},"share_on_mastodon":{"url":"https:\/\/pubeurope.com\/@fi\/115804066467567922","error":""},"_links":{"self":[{"href":"https:\/\/www.europesays.com\/fi\/wp-json\/wp\/v2\/posts\/128298","targetHints":{"allow":["GET"]}}],"collection":[{"href":"https:\/\/www.europesays.com\/fi\/wp-json\/wp\/v2\/posts"}],"about":[{"href":"https:\/\/www.europesays.com\/fi\/wp-json\/wp\/v2\/types\/post"}],"author":[{"embeddable":true,"href":"https:\/\/www.europesays.com\/fi\/wp-json\/wp\/v2\/users\/2"}],"replies":[{"embeddable":true,"href":"https:\/\/www.europesays.com\/fi\/wp-json\/wp\/v2\/comments?post=128298"}],"version-history":[{"count":0,"href":"https:\/\/www.europesays.com\/fi\/wp-json\/wp\/v2\/posts\/128298\/revisions"}],"wp:featuredmedia":[{"embeddable":true,"href":"https:\/\/www.europesays.com\/fi\/wp-json\/wp\/v2\/media\/128299"}],"wp:attachment":[{"href":"https:\/\/www.europesays.com\/fi\/wp-json\/wp\/v2\/media?parent=128298"}],"wp:term":[{"taxonomy":"category","embeddable":true,"href":"https:\/\/www.europesays.com\/fi\/wp-json\/wp\/v2\/categories?post=128298"},{"taxonomy":"post_tag","embeddable":true,"href":"https:\/\/www.europesays.com\/fi\/wp-json\/wp\/v2\/tags?post=128298"}],"curies":[{"name":"wp","href":"https:\/\/api.w.org\/{rel}","templated":true}]}}