{"id":128315,"date":"2025-12-29T18:00:08","date_gmt":"2025-12-29T18:00:08","guid":{"rendered":"https:\/\/www.europesays.com\/fi\/128315\/"},"modified":"2025-12-29T18:00:08","modified_gmt":"2025-12-29T18:00:08","slug":"hoitajat-saavat-potkut-konsulttiyhtio-kolme-miljoonaa-euroa","status":"publish","type":"post","link":"https:\/\/www.europesays.com\/fi\/128315\/","title":{"rendered":"Hoitajat saavat potkut, konsulttiyhti\u00f6 kolme miljoonaa euroa"},"content":{"rendered":"<p>Kolumni|Etel\u00e4-Karjalan hyvinvointialue maksaa yt-neuvotteluihin liittyv\u00e4st\u00e4 lakis\u00e4\u00e4teisest\u00e4 muutosturvasta valtavan summan. Olisi ollut j\u00e4rkev\u00e4mp\u00e4\u00e4 k\u00e4ytt\u00e4\u00e4 raha sote-palvelujen j\u00e4rjest\u00e4miseen.<\/p>\n<p class=\"article-body nof-ui-body-medium mb-nof-24 px-nof-16\">Kirjoittaja on Helsingin Sanomien it\u00e4rajan erikoistoimittaja.<\/p>\n<p><img decoding=\"async\" src=\"https:\/\/www.europesays.com\/fi\/wp-content\/uploads\/2025\/12\/1767031208_465_320.jpg\" alt=\"\" class=\"_Img_1rerz_1\" style=\"aspect-ratio:1\" loading=\"eager\"\/><\/p>\n<p class=\"article-body mb-nof-24 px-nof-16\">Etel\u00e4-Karjalan hyvinvointi\u00adalue jakoi t\u00e4n\u00e4 vuonna jouluksi potkuja.<\/p>\n<p class=\"article-body mb-nof-24 px-nof-16\">Marraskuun lopulta l\u00e4htien alue vei l\u00e4pi j\u00e4ttim\u00e4iset irti\u00adsanomiset. Irti\u00adsanottuja on noin 300, t\u00e4ytt\u00e4m\u00e4tt\u00f6mi\u00e4 teht\u00e4vi\u00e4 noin 80. Arviolta 140 m\u00e4\u00e4r\u00e4\u00adaikaista ty\u00f6suhdetta j\u00e4\u00e4 jatkamatta.<\/p>\n<p class=\"article-body mb-nof-24 px-nof-16\">Raskaat irti\u00adsanomiset johtuvat siit\u00e4, ett\u00e4 valtiolta tuleva rahoitus ei vain riit\u00e4.<\/p>\n<p class=\"article-body mb-nof-24 px-nof-16\">Raskaiden leikkausten seuraukset n\u00e4kyv\u00e4t jo asiakkaille. Potilaspaikkoja keskitet\u00e4\u00e4n, ambulanssip\u00e4ivystyst\u00e4 supistetaan joiltain paikkakunnilta ja niin edelleen.<\/p>\n<p class=\"article-body mb-nof-24 px-nof-16\">Pikantti yksityiskohta nykytilanteessa on se, ett\u00e4 hyvinvointialue k\u00e4ytt\u00e4\u00e4 irtisanottujen muutosturvaan kolme miljoonaa euroa.<\/p>\n<p class=\"article-body mb-nof-24 px-nof-16\">Summa on valtava. Hyvinvointialuejohtaja <a class=\"article-personlink\" href=\"https:\/\/www.hs.fi\/haku\/?query=Sally%20Leskinen\" rel=\"nofollow noopener\" target=\"_blank\">Sally Leskinen<\/a> arvioi, ett\u00e4 sill\u00e4 olisi voitu s\u00e4\u00e4st\u00e4\u00e4 yt-neuvotteluissa irtisanomisajat huomioon ottaen jopa 120 ty\u00f6paikkaa.<\/p>\n<p class=\"article-body mb-nof-24 px-nof-16\">Tilanne on j\u00e4rjet\u00f6n. Hoitajia irtisanotaan, ja rahaa valuu muutosturvan hoitavalle konsulttifirmalle.<\/p>\n<p class=\"article-body mb-nof-24 px-nof-16\">Muutosturvaan on kuitenkin p\u00e4tev\u00e4 syy: hyvinvointialue noudattaa lakia. Hyvinvointialue on velvollinen tarjoamaan ty\u00f6llistymist\u00e4 edist\u00e4v\u00e4\u00e4 valmennusta tai koulutusta.<\/p>\n<p class=\"article-body mb-nof-24 px-nof-16\">Muutosturvaan valuva veronmaksajien raha on yksi erikoinen sivujuonne omituisessa tilanteessa, johon osa hyvinvointialueista on joutunut.<\/p>\n<p class=\"article-body mb-nof-24 px-nof-16\">Hyvinvointialueiden rahoituslain mukaan alueiden pit\u00e4isi saada katettua alij\u00e4\u00e4m\u00e4ns\u00e4 vuoden 2026 loppuun menness\u00e4. Alij\u00e4\u00e4m\u00e4\u00e4 syntyy, kun valtionrahoitus on pienempi kuin kulut. Tavoite on monelle mahdoton. Syviss\u00e4 ongelmissa ovat esimerkiksi Keski-Suomi ja Lappi.<\/p>\n<blockquote class=\"p-[var(--citation-padding)] m-[var(--citation-margin)] border-y-[length:var(--citation-border-width)] border-y-[color:var(--citation-border-color)]\">\n<p>Muutosturvaan on p\u00e4tev\u00e4 syy.<\/p>\n<\/blockquote>\n<p class=\"article-body mb-nof-24 px-nof-16\">Hallitus on jo antanut esityksen, jossa hyvinvointialueiden alij\u00e4\u00e4mien kattamisen tiukkaan aikatauluun voisi antaa joustoa vuoden 2027 tai 2028 loppuun. Samalla selvityshenkil\u00f6t perkaavat rahoituksen taustalla k\u00e4ytett\u00e4v\u00e4st\u00e4 diagnoositiedosta paljastuneita ongelmia.<\/p>\n<p class=\"article-body mb-nof-24 px-nof-16\">Etel\u00e4-Karjalan hyvinvointialue arvelee saavansa vuosien 2023\u20132025 alij\u00e4\u00e4m\u00e4t katettua vasta vuonna 2032, ellei se saa lis\u00e4\u00e4 rahaa tai ellei rahoituspohjaa korjata.<\/p>\n<p class=\"article-body mb-nof-24 px-nof-16\">Sill\u00e4 v\u00e4lin hyvinvointialueen t\u00e4ytyy p\u00e4\u00e4tt\u00e4\u00e4, rikkooko se rahoituslakia vai perustuslain velvoitetta j\u00e4rjest\u00e4\u00e4 riitt\u00e4v\u00e4t sosiaali- ja terveyspalvelut.<\/p>\n<p class=\"article-body mb-nof-24 px-nof-16\">Toisin kuin muutosturvassa, laillista vaihtoehtoa ei ole. Tilanteen korjaaminen j\u00e4\u00e4 eduskunnan vastuulle, kipeimm\u00e4t p\u00e4\u00e4t\u00f6kset paikallisille.<\/p>\n","protected":false},"excerpt":{"rendered":"Kolumni|Etel\u00e4-Karjalan hyvinvointialue maksaa yt-neuvotteluihin liittyv\u00e4st\u00e4 lakis\u00e4\u00e4teisest\u00e4 muutosturvasta valtavan summan. Olisi ollut j\u00e4rkev\u00e4mp\u00e4\u00e4 k\u00e4ytt\u00e4\u00e4 raha sote-palvelujen j\u00e4rjest\u00e4miseen. Kirjoittaja on&hellip;\n","protected":false},"author":2,"featured_media":128316,"comment_status":"","ping_status":"","sticky":false,"template":"","format":"standard","meta":{"footnotes":""},"categories":[12],"tags":[22,23,26,27,33,31,30,17,46,24,25,28,29,15,18,21,32,19,20,16],"class_list":{"0":"post-128315","1":"post","2":"type-post","3":"status-publish","4":"format-standard","5":"has-post-thumbnail","7":"category-suomi","8":"tag-breaking-news","9":"tag-breakingnews","10":"tag-featured-news","11":"tag-featurednews","12":"tag-fi","13":"tag-finland","14":"tag-finnish","15":"tag-headlines","16":"tag-helsingin-sanomat","17":"tag-latest-news","18":"tag-latestnews","19":"tag-main-news","20":"tag-mainnews","21":"tag-news","22":"tag-otsikot","23":"tag-paauutiset","24":"tag-suomi","25":"tag-top-stories","26":"tag-topstories","27":"tag-uutiset"},"share_on_mastodon":{"url":"https:\/\/pubeurope.com\/@fi\/115804164901121886","error":""},"_links":{"self":[{"href":"https:\/\/www.europesays.com\/fi\/wp-json\/wp\/v2\/posts\/128315","targetHints":{"allow":["GET"]}}],"collection":[{"href":"https:\/\/www.europesays.com\/fi\/wp-json\/wp\/v2\/posts"}],"about":[{"href":"https:\/\/www.europesays.com\/fi\/wp-json\/wp\/v2\/types\/post"}],"author":[{"embeddable":true,"href":"https:\/\/www.europesays.com\/fi\/wp-json\/wp\/v2\/users\/2"}],"replies":[{"embeddable":true,"href":"https:\/\/www.europesays.com\/fi\/wp-json\/wp\/v2\/comments?post=128315"}],"version-history":[{"count":0,"href":"https:\/\/www.europesays.com\/fi\/wp-json\/wp\/v2\/posts\/128315\/revisions"}],"wp:featuredmedia":[{"embeddable":true,"href":"https:\/\/www.europesays.com\/fi\/wp-json\/wp\/v2\/media\/128316"}],"wp:attachment":[{"href":"https:\/\/www.europesays.com\/fi\/wp-json\/wp\/v2\/media?parent=128315"}],"wp:term":[{"taxonomy":"category","embeddable":true,"href":"https:\/\/www.europesays.com\/fi\/wp-json\/wp\/v2\/categories?post=128315"},{"taxonomy":"post_tag","embeddable":true,"href":"https:\/\/www.europesays.com\/fi\/wp-json\/wp\/v2\/tags?post=128315"}],"curies":[{"name":"wp","href":"https:\/\/api.w.org\/{rel}","templated":true}]}}