{"id":128350,"date":"2025-12-29T19:05:08","date_gmt":"2025-12-29T19:05:08","guid":{"rendered":"https:\/\/www.europesays.com\/fi\/128350\/"},"modified":"2025-12-29T19:05:08","modified_gmt":"2025-12-29T19:05:08","slug":"nayttelija-ashton-kutcher-hollywood-ura-vaakalaudalla","status":"publish","type":"post","link":"https:\/\/www.europesays.com\/fi\/128350\/","title":{"rendered":"N\u00e4yttelij\u00e4 Ashton Kutcher: Hollywood-ura vaakalaudalla"},"content":{"rendered":"<p>            Eric Charbonneau\/Shutterstock\/All Over Press\n        <\/p>\n<p class=\"subtitle \">Ashtonin yst\u00e4vyyssuhteet ovat saaneet n\u00e4yttelij\u00e4n huonoon valoon.<\/p>\n<p class=\"article-content article-content-width !bg-background\">Pizza Hut -ravintolaketjun mainoksista aikoinaan valkokankaille rynnist\u00e4nyt  ei nauti en\u00e4\u00e4 samanlaista suosiota kuin nuoruusvuosinaan.\u00a0<\/p>\n<p class=\"article-content article-content-width !bg-background\">Useita suosikkisarjoja sek\u00e4 romanttisia komedioita t\u00e4hditt\u00e4nyt Ashton tunnettiin aiemmin paitsi  aviopuolisona my\u00f6s hyv\u00e4ntekij\u00e4n\u00e4. H\u00e4n on ty\u00f6skennellyt lapsiin kohdistuvaa hyv\u00e4ksik\u00e4ytt\u00f6\u00e4 ja ihmiskauppaa vastaan sek\u00e4 ker\u00e4nnyt varoja Ukrainan sodan uhreille yhdess\u00e4 vaimonsa  kanssa.\u00a0<\/p>\n<p>        <a itemprop=\"url\" href=\"https:\/\/www.seiska.fi\/katso\/muistatko-70s-shown-tahdet-lindsay-lohanin-ex-family-guy-nayttelija-aviopari-seka-seksuaalirikollinen\/1402189\" rel=\"nofollow noopener\" target=\"_blank\"><\/p>\n<p class=\"section-date\">\n        <strong class=\"article-section\" data-section=\"katso\"><br \/>\n            katso<br \/>\n        <\/strong><br \/>\n        12.7.2024 06:15\n    <\/p>\n<p>Muistatko 70&#8217;s Shown t\u00e4hdet? Lindsay Lohanin ex, Family Guy-n\u00e4yttelij\u00e4, aviopari sek\u00e4 seksuaalirikollinen\n    <\/p>\n<p itemprop=\"description\" class=\"subtitle \">\n    Komediasarja 70&#8217;s Showta esitettiin kahdeksan tuotantokautta\n<\/p>\n<p>        <\/a><\/p>\n<p class=\"article-content article-content-width !bg-background\">Viime vuosina n\u00e4yttelij\u00e4 on kuitenkin saanut osakseen huomiota huomattavasti kyseenalaisemmista syist\u00e4.\u00a0<\/p>\n<p>                <img decoding=\"async\" src=\"https:\/\/www.europesays.com\/fi\/wp-content\/uploads\/2025\/12\/2033183.webp.jpeg\" width=\"576\" height=\"322\" alt=\"Ashton ja Mila ovat pit\u00e4neet yhteytt\u00e4 70's Show -kollegoihinsa my\u00f6s sarjan p\u00e4\u00e4ttymisen j\u00e4lkeen.\" loading=\"lazy\" \/>            <\/p>\n<p>\n            Ashton ja Mila ovat pit\u00e4neet yhteytt\u00e4 70&#8217;s Show -kollegoihinsa my\u00f6s sarjan p\u00e4\u00e4ttymisen j\u00e4lkeen.<br \/>\n            Eric Charbonneau\/Shutterstock\/All Over Press\n        <\/p>\n<p>Puolusti ex-kollegaansa<\/p>\n<p class=\"article-content article-content-width !bg-background\">Ashtonin 70&#8217;s Show -kollega  tuomittiin toukokuussa 2023 v\u00e4hint\u00e4\u00e4n 30 vuodeksi vankilaan kahdesta raiskauksesta.\u00a0<\/p>\n<p>        <a itemprop=\"url\" href=\"https:\/\/www.seiska.fi\/ulkomaat\/hollywood-tahti-ashton-kutcher-sairastui-vakavasti-menetti-kuulonsa-ja-nakonsa-olen-onnekas-etta-olen-elossa\/257809\" rel=\"nofollow noopener\" target=\"_blank\"><\/p>\n<p class=\"section-date\">\n        <strong class=\"article-section\" data-section=\"ulkomaat\"><br \/>\n            ulkomaat<br \/>\n        <\/strong><br \/>\n        9.8.2022 13:30\n    <\/p>\n<p>Hollywood-t\u00e4hti Ashton Kutcher sairastui vakavasti: menetti kuulonsa ja n\u00e4k\u00f6ns\u00e4 \u2013 \u201dOlen onnekas, ett\u00e4 olen elossa&#8221;\n    <\/p>\n<p>        <\/a><\/p>\n<p class=\"article-content article-content-width !bg-background\">Ashton ja Mila pysyiv\u00e4t yst\u00e4v\u00e4ns\u00e4 rinnalla l\u00e4pi pitk\u00e4llisen oikeustaiston l\u00e4hes loppumetreille asti. T\u00e4m\u00e4 aiheutti paljon paheksuntaa.\u00a0<\/p>\n<p class=\"article-content article-content-width !bg-background\">Pariskunta pyysi kantaansa my\u00f6hemmin anteeksi, mutta monien silmiss\u00e4 vahinko oli ehtinyt tapahtua.\u00a0<\/p>\n<p>Kyseenalainen tuttavapiiri<\/p>\n<p class=\"article-content article-content-width !bg-background\">Vuonna 2024 Ashton joutui j\u00e4lleen suurennuslasin alle yst\u00e4vyyssuhteidensa takia.\u00a0<\/p>\n<p>                <img decoding=\"async\" src=\"https:\/\/www.europesays.com\/fi\/wp-content\/uploads\/2025\/12\/2033191.webp.jpeg\" width=\"576\" height=\"543\" alt=\"Diddy ja Ashton juhlatunnelmissa vuonna 2003.\" loading=\"lazy\" \/>            <\/p>\n<p>\n            Diddy ja Ashton juhlatunnelmissa vuonna 2003.<br \/>\n            All Over Press\n        <\/p>\n<p class=\"article-content article-content-width !bg-background\">Hiphop-moguli  syytettiin useista vakavista rikoksista, mukaanlukien ihmiskaupasta ja seksuaalisesta hyv\u00e4ksik\u00e4yt\u00f6st\u00e4. H\u00e4net tuomittiin lokakuussa yli nelj\u00e4ksi vuodeksi vankeuteen prostituutiorikoksista.\u00a0<\/p>\n<p>        <a itemprop=\"url\" href=\"https:\/\/www.seiska.fi\/katso\/hypnoosi-pelasti-hollywood-tahden-elaman\/1926866\" rel=\"nofollow noopener\" target=\"_blank\"><\/p>\n<p>\nHollywood-t\u00e4hti\n<\/p>\n<p class=\"section-date\">\n        <strong class=\"article-section\" data-section=\"katso\"><br \/>\n            katso<br \/>\n        <\/strong><br \/>\n        10.9. 17:15\n    <\/p>\n<p>Hypnoosi pelasti Hollywood-t\u00e4hden el\u00e4m\u00e4n\n    <\/p>\n<p itemprop=\"description\" class=\"subtitle \">\n    Moni Hollywood-n\u00e4yttelij\u00e4 on saanut avun ongelmiinsa hypnoosihoidosta.\n<\/p>\n<p>        <\/a><\/p>\n<p class=\"article-content article-content-width !bg-background\">Tutkinnan ja oikeudenk\u00e4yntien aikana julkisuudessa puitiin runsaasti Diddyn l\u00e4hipiiriin kuuluneita julkimoita. Ashtonin ja Diddyn tiedet\u00e4\u00e4n olleen yst\u00e4vi\u00e4 2000-luvun alkupuoleta saakka. Mastersonin puolustelun j\u00e4lkitiimellyksess\u00e4 kaveruus r\u00f6t\u00f6stelev\u00e4n r\u00e4pp\u00e4rin kanssa sai Ashtonin n\u00e4ytt\u00e4m\u00e4\u00e4n entist\u00e4kin ik\u00e4v\u00e4mm\u00e4lt\u00e4.<\/p>\n<p>Uusi alku?<\/p>\n<p class=\"article-content article-content-width !bg-background\">Kohujen j\u00e4lkeen Ashtonia on n\u00e4hty huomattavasti aiempaa harvempaan tahtiin niin televisiossa kuin elokuvissakin. <a href=\"https:\/\/radaronline.com\/p\/ashton-kutcher-desperate-bid-claw-back-danny-masterson-diddy-scandals\/\" target=\"_blank\" rel=\"nofollow noopener\">RadarOnlinen<\/a> mukaan n\u00e4yttelij\u00e4 kuitenkin el\u00e4ttelee toivoa uransa elvytt\u00e4misest\u00e4. H\u00e4nell\u00e4 on rooli tammikuussa ensi-iltansa saavassa The Beauty -sarjassa.\u00a0<\/p>\n<p class=\"article-content article-content-width !bg-background\">\u2013\u00a0H\u00e4n panee kaikki toiveensa uuteen sarjaansa, ett\u00e4 se nostaisi h\u00e4net takaisin parrasvaloihin. H\u00e4n toivoo ihmisten voivan antaa anteeksi ja unohtaa h\u00e4pe\u00e4lliset asiat, joihin h\u00e4n on ollut osallisena vuosien varrella, Ashtonin l\u00e4hipiirist\u00e4 kerrotaan.\u00a0<\/p>\n<p>        <a itemprop=\"url\" href=\"https:\/\/www.seiska.fi\/ulkomaat\/shokkikuvat-julki-telkien-takana-lusivaa-sean-diddy-combsia-ei-enaa-tunnista\/2003425\" rel=\"nofollow noopener\" target=\"_blank\"><\/p>\n<p>\nR\u00f6t\u00f6sr\u00e4pp\u00e4ri telkien takana\n<\/p>\n<p class=\"section-date\">\n        <strong class=\"article-section\" data-section=\"ulkomaat\"><br \/>\n            ulkomaat<br \/>\n        <\/strong><br \/>\n        3.12. 20:00\n    <\/p>\n<p>Shokkikuvat julki! Telkien takana lusivaa Sean &#8221;Diddy&#8221; Combsia ei en\u00e4\u00e4 tunnista\n    <\/p>\n<p itemprop=\"description\" class=\"subtitle \">\n    Sean Combs tuomittiin lokakuun alussa nelj\u00e4ksi vuodeksi ja kahdeksi kuukaudeksi vankeuteen.\n<\/p>\n<p>        <\/a><\/p>\n<p>Mainoskampanjalle risuja<\/p>\n<p class=\"article-content article-content-width !bg-background\">Ashton on promonnut uutuussarjaansa sosiaalisessa mediassa. Somakansa on ilmaissut asiasta mielipiteens\u00e4 tuttuun tapaan varsin \u00e4\u00e4nekk\u00e4\u00e4sti.<\/p>\n<p>                <img decoding=\"async\" src=\"https:\/\/www.europesays.com\/fi\/wp-content\/uploads\/2025\/12\/2033199.webp.jpeg\" width=\"576\" height=\"720\" alt=\"Ashton muistetaan muun muassa Miehen puolikkaat -sarjasta, jonka t\u00e4hdeksi h\u00e4n nousi Charlie Sheenin surullisenkuuluisan sy\u00f6ksykierteen j\u00e4lkeen.\" loading=\"lazy\" \/>            <\/p>\n<p>\n            Ashton muistetaan muun muassa Miehen puolikkaat -sarjasta, jonka t\u00e4hdeksi h\u00e4n nousi Charlie Sheenin surullisenkuuluisan sy\u00f6ksykierteen j\u00e4lkeen.<br \/>\n            All Over Press\n        <\/p>\n<p class=\"article-content article-content-width !bg-background\"><a href=\"https:\/\/www.instagram.com\/p\/DSVXNEjD0RA\/?hl=fi\" target=\"_blank\" rel=\"nofollow noopener\">Instagram-julkaisun kommenttikent\u00e4ss\u00e4<\/a> n\u00e4yttelij\u00e4\u00e4 luonnehditaan muun muassa &#8221;Diddyn kaveriksi&#8221;. Ashton ei ole ainoa, johon kritiikki kohdistuu. Niin ik\u00e4\u00e4n sarjan luoja saa osansa risuista.\u00a0<\/p>\n<p class=\"article-content article-content-width !bg-background\">\u2013 T\u00e4m\u00e4 on todellinen pettymys , er\u00e4s somettaja toteaa tunnettuun ohjelmanikkariin viitaten.\u00a0<\/p>\n<p>        <a itemprop=\"url\" href=\"https:\/\/www.seiska.fi\/ulkomaat\/supertahdet-todistamaan-jarkyttavista-rikoksista-syytetty-p-diddy-biletti-myos-prinssi-harryn-kanssa\/1830157\" rel=\"nofollow noopener\" target=\"_blank\"><\/p>\n<p>\nP. Diddyn oikeustaisto\n<\/p>\n<p class=\"section-date\">\n        <strong class=\"article-section\" data-section=\"ulkomaat\"><br \/>\n            ulkomaat<br \/>\n        <\/strong><br \/>\n        9.6. 20:00\n    <\/p>\n<p>Supert\u00e4hdet todistamaan? J\u00e4rkytt\u00e4vist\u00e4 rikoksista syytetty P. Diddy biletti my\u00f6s prinssi Harryn kanssa\n    <\/p>\n<p itemprop=\"description\" class=\"subtitle \">\n    Viihdemogulin oikeudenk\u00e4yntien odotetaan kest\u00e4v\u00e4n viel\u00e4 viikkoja.\n<\/p>\n<p>        <\/a><\/p>\n<p><script async src=\"\/\/www.instagram.com\/embed.js\"><\/script><\/p>\n","protected":false},"excerpt":{"rendered":"Eric Charbonneau\/Shutterstock\/All Over Press Ashtonin yst\u00e4vyyssuhteet ovat saaneet n\u00e4yttelij\u00e4n huonoon valoon. Pizza Hut -ravintolaketjun mainoksista aikoinaan valkokankaille rynnist\u00e4nyt&hellip;\n","protected":false},"author":2,"featured_media":128351,"comment_status":"","ping_status":"","sticky":false,"template":"","format":"standard","meta":{"footnotes":""},"categories":[136],"tags":[9245,407,22767,1180,137,33,31,30,4169,408,20953,12970,38,12973,32,201,109],"class_list":{"0":"post-128350","1":"post","2":"type-post","3":"status-publish","4":"format-standard","5":"has-post-thumbnail","7":"category-julkkikset","8":"tag-ashton-kutcher","9":"tag-celebrities","10":"tag-danny-masterson","11":"tag-demi-moore","12":"tag-entertainment","13":"tag-fi","14":"tag-finland","15":"tag-finnish","16":"tag-hollywood","17":"tag-julkkikset","18":"tag-mila-kunis","19":"tag-p-diddy","20":"tag-rikos","21":"tag-sean-combs","22":"tag-suomi","23":"tag-ura","24":"tag-viihde"},"share_on_mastodon":{"url":"https:\/\/pubeurope.com\/@fi\/115804420358612564","error":""},"_links":{"self":[{"href":"https:\/\/www.europesays.com\/fi\/wp-json\/wp\/v2\/posts\/128350","targetHints":{"allow":["GET"]}}],"collection":[{"href":"https:\/\/www.europesays.com\/fi\/wp-json\/wp\/v2\/posts"}],"about":[{"href":"https:\/\/www.europesays.com\/fi\/wp-json\/wp\/v2\/types\/post"}],"author":[{"embeddable":true,"href":"https:\/\/www.europesays.com\/fi\/wp-json\/wp\/v2\/users\/2"}],"replies":[{"embeddable":true,"href":"https:\/\/www.europesays.com\/fi\/wp-json\/wp\/v2\/comments?post=128350"}],"version-history":[{"count":0,"href":"https:\/\/www.europesays.com\/fi\/wp-json\/wp\/v2\/posts\/128350\/revisions"}],"wp:featuredmedia":[{"embeddable":true,"href":"https:\/\/www.europesays.com\/fi\/wp-json\/wp\/v2\/media\/128351"}],"wp:attachment":[{"href":"https:\/\/www.europesays.com\/fi\/wp-json\/wp\/v2\/media?parent=128350"}],"wp:term":[{"taxonomy":"category","embeddable":true,"href":"https:\/\/www.europesays.com\/fi\/wp-json\/wp\/v2\/categories?post=128350"},{"taxonomy":"post_tag","embeddable":true,"href":"https:\/\/www.europesays.com\/fi\/wp-json\/wp\/v2\/tags?post=128350"}],"curies":[{"name":"wp","href":"https:\/\/api.w.org\/{rel}","templated":true}]}}