{"id":128383,"date":"2025-12-29T19:43:08","date_gmt":"2025-12-29T19:43:08","guid":{"rendered":"https:\/\/www.europesays.com\/fi\/128383\/"},"modified":"2025-12-29T19:43:08","modified_gmt":"2025-12-29T19:43:08","slug":"venajalta-ilmoitus-suomelle","status":"publish","type":"post","link":"https:\/\/www.europesays.com\/fi\/128383\/","title":{"rendered":"Ven\u00e4j\u00e4lt\u00e4 ilmoitus Suomelle"},"content":{"rendered":"<p>Ulkomaisiin sotilashautoihin liittyvi\u00e4 kysymyksi\u00e4 ratkotaan Ven\u00e4j\u00e4n uudessa ideologisessa toimielimess\u00e4.<\/p>\n<p><img decoding=\"async\" class=\"image image-show image-preview\" src=\"https:\/\/www.europesays.com\/fi\/wp-content\/uploads\/2025\/12\/1b013fcaadfe3e04c2d7906d9e85f473e97da7227133849cd3e3b17f958ae3b4.jpg\" alt=\"\"\/><img decoding=\"async\" class=\"image image-show\" src=\"https:\/\/www.europesays.com\/fi\/wp-content\/uploads\/2025\/12\/1767037388_675_1b013fcaadfe3e04c2d7906d9e85f473e97da7227133849cd3e3b17f958ae3b4.jpg\" alt=\"\"\/><\/p>\n<p>Nainen laski voitonp\u00e4iv\u00e4n\u00e4 ruusuja sotamuistomerkille Kirgisian Biskekiss\u00e4 toukokuussa 2025.  IGOR KOVALENKO<\/p>\n<p class=\"paragraph\">Ven\u00e4j\u00e4 ilmoittaa Suomelle <a href=\"https:\/\/tass.ru\/obschestvo\/26030205\" target=\"_blank\" rel=\"noopener nofollow\">muutoksesta<\/a>, joka koskee sotilashautoja k\u00e4sittelevi\u00e4 kahdenv\u00e4lisi\u00e4 sopimuksia.<\/p>\n<p class=\"paragraph\">Ven\u00e4j\u00e4n presidentinhallinnon alaisuudessa toimiva Kansallinen historiallisen muistin keskus vastaa jatkossa ulkomailla sijaitsevia sotilashautoja koskevien sopimusten toimeenpanosta.<\/p>\n<p class=\"paragraph\">Asiasta m\u00e4\u00e4r\u00e4t\u00e4\u00e4n Ven\u00e4j\u00e4n p\u00e4\u00e4ministerin <a href=\"https:\/\/www.iltalehti.fi\/henkilot\/Mihail Mi\u0161ustin\" class=\"article-link-person-page\" rel=\"nofollow noopener\" target=\"_blank\">Mihail Mi\u0161ustinin<\/a> allekirjoittamassa <a href=\"http:\/\/publication.pravo.gov.ru\/document\/0001202512260068\" target=\"_blank\" rel=\"noopener nofollow\">asetuksessa<\/a>, joka on julkaistu maan virallisessa oikeusportaalissa.<\/p>\n<p class=\"paragraph\">Ven\u00e4j\u00e4n ulkoministeri\u00f6 aikoo tiedottaa p\u00e4\u00e4t\u00f6ksest\u00e4 niiden maiden hallituksille, joiden kanssa Ven\u00e4j\u00e4ll\u00e4 on voimassa sotilashautoja koskevia sopimuksia. N\u00e4ihin maihin kuuluu my\u00f6s Suomi.<\/p>\n<p class=\"paragraph\">Ven\u00e4j\u00e4n hallituksen mukaan sopimukset ovat kahdenv\u00e4lisi\u00e4 ja niiden tavoitteena on molemminpuolinen yhteisty\u00f6 sotilashautoihin liittyvien kysymysten ratkaisemisessa.<\/p>\n<p class=\"paragraph\">T\u00e4m\u00e4 koskee sek\u00e4 Ven\u00e4j\u00e4n sotilashautojen hoitoa sopimusmaissa ett\u00e4 ulkomaisten sotilashautojen yll\u00e4pitoa Ven\u00e4j\u00e4n alueella.<\/p>\n<p>Sotilashautojen vandalismi<\/p>\n<p class=\"paragraph\">Suomi on toisen maailmansodan p\u00e4\u00e4ttymisest\u00e4 l\u00e4htien sitoutunut hoitamaan Suomen alueella olevien neuvostoliittolaisten sotilaiden ja sotavankien hautoja vuoden 1949 Geneven rauhansopimuksen mukaisesti.<\/p>\n<p class=\"paragraph\">Suomen ja Ven\u00e4j\u00e4n v\u00e4lill\u00e4 on voimassa yhteisty\u00f6sopimus toisessa maailmansodassa kaatuneiden sotilaiden muiston vaalimisesta. T\u00e4ten my\u00f6s Ven\u00e4j\u00e4 on sitoutunut turvaamaan Ven\u00e4j\u00e4lle haudattujen suomalaisten sotilaiden haudat.<\/p>\n<p class=\"paragraph\">Ukrainan sodan alkamisen j\u00e4lkeen Ven\u00e4j\u00e4ll\u00e4 on <a href=\"https:\/\/www.iltalehti.fi\/ulkomaat\/94701418-f1eb-4c7c-9348-40604e9acb0e\" rel=\"nofollow noopener\" target=\"_blank\">vandalisoitu<\/a> sek\u00e4 purettu suomalaisia sotilashautoja ja muistomerkkej\u00e4. Asialla ovat olleet paikallisviranomaiset sek\u00e4 yksitt\u00e4iset ilkivallantekij\u00e4t ja Z-patriootit.<\/p>\n<p class=\"paragraph\">My\u00f6s Suomessa on viime vuosina <a href=\"https:\/\/www.iltalehti.fi\/kotimaa\/89bff4ee-8fef-4250-87b8-902b0a08027d\" rel=\"nofollow noopener\" target=\"_blank\">vandalisoitu<\/a> useampia ven\u00e4l\u00e4ismuistomerkkej\u00e4.<\/p>\n<p>Uusi keskus<\/p>\n<p>Ven\u00e4j\u00e4ll\u00e4 muistetaan Natsi-Saksan hy\u00f6kk\u00e4yst\u00e4 Neuvostoliittoon muistotilaisuudessa Moskovassa kes\u00e4kuussa 2025.  YURI KOCHETKOV<\/p>\n<p class=\"paragraph\">Ven\u00e4j\u00e4n Kansallinen historiallisen muistin keskus on perustettu vuonna 2023 puolustamaan Ven\u00e4j\u00e4n tulkintaa historiasta ja reagoimaan siihen, mit\u00e4 Ven\u00e4j\u00e4 pit\u00e4\u00e4 historiallisen muistin loukkauksina.<\/p>\n<p class=\"paragraph\">Se, ett\u00e4 suomalaisiin sotilashautoihin liittyvi\u00e4 \u201dkysymyksi\u00e4 ratkaistaan\u201d t\u00e4st\u00e4 l\u00e4htien Kansallisessa historiallisen muistin keskuksessa, tuskin tuo muutosta Ven\u00e4j\u00e4n suhtautumisessa asiaan.<\/p>\n<p class=\"paragraph\">Jo t\u00e4h\u00e4n asti suomalaismuistomerkkien poistamista on perusteltu niiden olevan \u201dfasismin aatetta edist\u00e4vi\u00e4\u201d.<\/p>\n","protected":false},"excerpt":{"rendered":"Ulkomaisiin sotilashautoihin liittyvi\u00e4 kysymyksi\u00e4 ratkotaan Ven\u00e4j\u00e4n uudessa ideologisessa toimielimess\u00e4. Nainen laski voitonp\u00e4iv\u00e4n\u00e4 ruusuja sotamuistomerkille Kirgisian Biskekiss\u00e4 toukokuussa 2025.&hellip;\n","protected":false},"author":2,"featured_media":128384,"comment_status":"","ping_status":"","sticky":false,"template":"","format":"standard","meta":{"footnotes":""},"categories":[14],"tags":[35,802,22,23,26,27,33,31,30,17,24,25,803,28,29,15,18,21,637,805,6241,32,19,20,56,16,59,60,61],"class_list":{"0":"post-128383","1":"post","2":"type-post","3":"status-publish","4":"format-standard","5":"has-post-thumbnail","7":"category-ulkomaat","8":"tag-24h","9":"tag-armeijat-ja-aseelliset-joukot","10":"tag-breaking-news","11":"tag-breakingnews","12":"tag-featured-news","13":"tag-featurednews","14":"tag-fi","15":"tag-finland","16":"tag-finnish","17":"tag-headlines","18":"tag-latest-news","19":"tag-latestnews","20":"tag-levottomuudet-ja-sodat","21":"tag-main-news","22":"tag-mainnews","23":"tag-news","24":"tag-otsikot","25":"tag-paauutiset","26":"tag-politiikka","27":"tag-sota","28":"tag-sotilaat","29":"tag-suomi","30":"tag-top-stories","31":"tag-topstories","32":"tag-ulkomaat","33":"tag-uutiset","34":"tag-world","35":"tag-world-news","36":"tag-worldnews"},"share_on_mastodon":{"url":"https:\/\/pubeurope.com\/@fi\/115804569837339035","error":""},"_links":{"self":[{"href":"https:\/\/www.europesays.com\/fi\/wp-json\/wp\/v2\/posts\/128383","targetHints":{"allow":["GET"]}}],"collection":[{"href":"https:\/\/www.europesays.com\/fi\/wp-json\/wp\/v2\/posts"}],"about":[{"href":"https:\/\/www.europesays.com\/fi\/wp-json\/wp\/v2\/types\/post"}],"author":[{"embeddable":true,"href":"https:\/\/www.europesays.com\/fi\/wp-json\/wp\/v2\/users\/2"}],"replies":[{"embeddable":true,"href":"https:\/\/www.europesays.com\/fi\/wp-json\/wp\/v2\/comments?post=128383"}],"version-history":[{"count":0,"href":"https:\/\/www.europesays.com\/fi\/wp-json\/wp\/v2\/posts\/128383\/revisions"}],"wp:featuredmedia":[{"embeddable":true,"href":"https:\/\/www.europesays.com\/fi\/wp-json\/wp\/v2\/media\/128384"}],"wp:attachment":[{"href":"https:\/\/www.europesays.com\/fi\/wp-json\/wp\/v2\/media?parent=128383"}],"wp:term":[{"taxonomy":"category","embeddable":true,"href":"https:\/\/www.europesays.com\/fi\/wp-json\/wp\/v2\/categories?post=128383"},{"taxonomy":"post_tag","embeddable":true,"href":"https:\/\/www.europesays.com\/fi\/wp-json\/wp\/v2\/tags?post=128383"}],"curies":[{"name":"wp","href":"https:\/\/api.w.org\/{rel}","templated":true}]}}