{"id":128387,"date":"2025-12-29T19:45:08","date_gmt":"2025-12-29T19:45:08","guid":{"rendered":"https:\/\/www.europesays.com\/fi\/128387\/"},"modified":"2025-12-29T19:45:08","modified_gmt":"2025-12-29T19:45:08","slug":"valtatiella-24-usean-auton-kolari-hollolassa-etela-suomen-sanomat","status":"publish","type":"post","link":"https:\/\/www.europesays.com\/fi\/128387\/","title":{"rendered":"Valtatiell\u00e4 24 usean auton kolari Hollolassa &#8211; Etel\u00e4-Suomen Sanomat"},"content":{"rendered":"<ol>\n<li><a href=\"https:\/\/news.google.com\/rss\/articles\/CBMiT0FVX3lxTE1OUkFZQ0pwRkZsZ0hJc19VMlA2SmtSMWJNX0NlbzBlMlo2cXpEZ1RWaHJXQXIyaG9CSXpPcXlqYm5FS3prQTlSNW9nOXZGZGc?oc=5\" target=\"_blank\" rel=\"nofollow noopener\">Valtatiell\u00e4 24 usean auton kolari Hollolassa<\/a>&nbsp;&nbsp;Etel\u00e4-Suomen Sanomat<\/li>\n<li><a href=\"https:\/\/news.google.com\/rss\/articles\/CBMiUEFVX3lxTE15cmh6X1I5OWF1RDFlOV9sMnRTZWViMTVQS01wb1owbGxUenhwN01XNkx1VzQtQVNXZGpSNzJTclRNcGF6QlBwVTA1azlON3NI?oc=5\" target=\"_blank\" rel=\"nofollow noopener\">Jyv\u00e4skyl\u00e4n Sairaala Novan yhteisp\u00e4ivystys pahasti ruuhkautunut \u2013 hoida n\u00e4m\u00e4 asiat arkena \u00e4l\u00e4k\u00e4 p\u00e4ivystyksess\u00e4<\/a>&nbsp;&nbsp;Keskisuomalainen<\/li>\n<li><a href=\"https:\/\/news.google.com\/rss\/articles\/CBMiT0FVX3lxTE93a21tUlprbXN2X2swQVdtWWJjd0lVR0QtU0k1bjJ0elM2bDdDVDhDcXYxem5hTzFTbFpfYmNocEphOXdtOXphbFRpaEVpZ0k?oc=5\" target=\"_blank\" rel=\"nofollow noopener\">Raimo Helminen n\u00e4kee KalPalle n\u00f6yrtyneen SaiPan kadottaneen identiteetti\u00e4\u00e4n: &#8221;Se on tietenkin meik\u00e4l\u00e4isen syy&#8221;<\/a>&nbsp;&nbsp;Etel\u00e4-Saimaa<\/li>\n<li><a href=\"https:\/\/news.google.com\/rss\/articles\/CBMiswJBVV95cUxQTnZMdHNZbTR1VW1QdUFuOVJMMy1fRlNzMWFTQ2lQaW9FYWgzLVozcmo0OXc1ZUNIaThfZTE5Uzg4S2huMzRUQzh3RHljMjRCU2lscmhhOFlGa19uYnQxSHlJUkYtSzBoTElMZE9PUm93amE1a0xwTktwV20wVEU0WGZkZ3pSTEZySGp5LVpid01mM2ZkMV91NWJMbU5jNGNaSG53Mkhra1AzVzNuaTJJNVo3MW53ZGt5REQ1VW4tc3lBSEUydG1EVUJ3dFJqbE94QWtaZmcwYVM0QmpZa1htdjFaRGRGUFNOX3BXcEFNMnNxcGJvQnh2NjVOMV8zVENxV0trMVNmdmUtVDByaVVtY0hieHpONGJ6S05wM09SSjkxUVdMdFBqamZrOHRfNEdrc2Fr?oc=5\" target=\"_blank\" rel=\"nofollow noopener\">Voittomaalin j\u00e4lleen SaiPan verkkoon ly\u00f6nyt Filip Westerlund my\u00f6nt\u00e4\u00e4, ett\u00e4 It\u00e4-Suomen herruudesta kilpaillaan aiempaa enemm\u00e4n<\/a>&nbsp;&nbsp;Jatkoaika.com<\/li>\n<li><a href=\"https:\/\/news.google.com\/rss\/articles\/CBMiiwFBVV95cUxNcHY1LUx5UUlCcW9wckNvNzdYaDdMcGk3S25Qb0x4ZDBtcUNpMVNhSFV5cHdyMTBFcGZxdDNzUGNyWjg2aUtDdEViSkx0bXhBaWl6My1MT0N2N0VlSHk3bXhsVG9UZ3oweVBSQUlwOVJiR0RUeXB1SEIzOVNHU3RrYUp2Qkh4OWFwNlpF?oc=5\" target=\"_blank\" rel=\"nofollow noopener\">Raimo Helmiselt\u00e4 karu ulostulo SaiPasta<\/a>&nbsp;&nbsp;mtvuutiset.fi<\/li>\n<\/ol>\n","protected":false},"excerpt":{"rendered":"Valtatiell\u00e4 24 usean auton kolari Hollolassa&nbsp;&nbsp;Etel\u00e4-Suomen Sanomat Jyv\u00e4skyl\u00e4n Sairaala Novan yhteisp\u00e4ivystys pahasti ruuhkautunut \u2013 hoida n\u00e4m\u00e4 asiat arkena&hellip;\n","protected":false},"author":2,"featured_media":128388,"comment_status":"","ping_status":"","sticky":false,"template":"","format":"standard","meta":{"footnotes":""},"categories":[5],"tags":[648,22,23,26,27,33,31,30,17,1267,24,25,990,28,29,15,837,18,21,32,128,19,20,16],"class_list":{"0":"post-128387","1":"post","2":"type-post","3":"status-publish","4":"format-standard","5":"has-post-thumbnail","7":"category-otsikot","8":"tag-autot","9":"tag-breaking-news","10":"tag-breakingnews","11":"tag-featured-news","12":"tag-featurednews","13":"tag-fi","14":"tag-finland","15":"tag-finnish","16":"tag-headlines","17":"tag-hollola","18":"tag-latest-news","19":"tag-latestnews","20":"tag-liikenneonnettomuudet","21":"tag-main-news","22":"tag-mainnews","23":"tag-news","24":"tag-onnettomuudet","25":"tag-otsikot","26":"tag-paauutiset","27":"tag-suomi","28":"tag-tieliikenne","29":"tag-top-stories","30":"tag-topstories","31":"tag-uutiset"},"share_on_mastodon":{"url":"https:\/\/pubeurope.com\/@fi\/115804577595690736","error":""},"_links":{"self":[{"href":"https:\/\/www.europesays.com\/fi\/wp-json\/wp\/v2\/posts\/128387","targetHints":{"allow":["GET"]}}],"collection":[{"href":"https:\/\/www.europesays.com\/fi\/wp-json\/wp\/v2\/posts"}],"about":[{"href":"https:\/\/www.europesays.com\/fi\/wp-json\/wp\/v2\/types\/post"}],"author":[{"embeddable":true,"href":"https:\/\/www.europesays.com\/fi\/wp-json\/wp\/v2\/users\/2"}],"replies":[{"embeddable":true,"href":"https:\/\/www.europesays.com\/fi\/wp-json\/wp\/v2\/comments?post=128387"}],"version-history":[{"count":0,"href":"https:\/\/www.europesays.com\/fi\/wp-json\/wp\/v2\/posts\/128387\/revisions"}],"wp:featuredmedia":[{"embeddable":true,"href":"https:\/\/www.europesays.com\/fi\/wp-json\/wp\/v2\/media\/128388"}],"wp:attachment":[{"href":"https:\/\/www.europesays.com\/fi\/wp-json\/wp\/v2\/media?parent=128387"}],"wp:term":[{"taxonomy":"category","embeddable":true,"href":"https:\/\/www.europesays.com\/fi\/wp-json\/wp\/v2\/categories?post=128387"},{"taxonomy":"post_tag","embeddable":true,"href":"https:\/\/www.europesays.com\/fi\/wp-json\/wp\/v2\/tags?post=128387"}],"curies":[{"name":"wp","href":"https:\/\/api.w.org\/{rel}","templated":true}]}}