{"id":128395,"date":"2025-12-29T20:05:07","date_gmt":"2025-12-29T20:05:07","guid":{"rendered":"https:\/\/www.europesays.com\/fi\/128395\/"},"modified":"2025-12-29T20:05:07","modified_gmt":"2025-12-29T20:05:07","slug":"batmanin-piti-olla-ghost-rider-mutta-ilmeisesti-roolin-sai-ken","status":"publish","type":"post","link":"https:\/\/www.europesays.com\/fi\/128395\/","title":{"rendered":"Batmanin piti olla Ghost Rider, mutta ilmeisesti roolin sai Ken"},"content":{"rendered":"<p>Marvel Studiosin roolitushuhut ovat usein villej\u00e4 ja nyt t\u00e4m\u00e4 vanha tarina sai ehk\u00e4 jonkinlaisen vahvistuksen.<\/p>\n<p>Kyseess\u00e4 on supersuositusta Ghost Rider -hahmosta.<\/p>\n<p>Lue my\u00f6s: <a href=\"https:\/\/www.episodi.fi\/uutiset\/episodin-joulukalenteri-2025-luukku-23-top-10\/\" title=\"Episodin joulukalenteri 2025: luukku 23 \u2013 Top 10\" class=\"underline-custom !font-montserrat !font-bold !underline-offset-4 !decoration-4 !decoration-episodi-blue !text-md\" rel=\"nofollow noopener\" target=\"_blank\">Episodin joulukalenteri 2025: luukku 23 \u2013 Top 10<\/a><\/p>\n<p>Lue my\u00f6s: <a href=\"https:\/\/www.episodi.fi\/uutiset\/episodin-joulukalenteri-2025-luukku-17-fantastista-joulua\/\" title=\"Episodin joulukalenteri 2025: luukku 17 \u2013 fantastista joulua\" class=\"underline-custom !font-montserrat !font-bold !underline-offset-4 !decoration-4 !decoration-episodi-blue !text-md\" rel=\"nofollow noopener\" target=\"_blank\">Episodin joulukalenteri 2025: luukku 17 \u2013 fantastista joulua<\/a><\/p>\n<p>Muistattako, kun jokin aika sitten puhuttiin, kuinka Batmania esitt\u00e4v\u00e4 <strong>Robert Pattinson <\/strong>oli neuvotellut Marvelin pomon <strong>Kevin Feigen<\/strong> kanssa jostain isosta Marvel-roolista?<\/p>\n<p>Uuden huhun mukaan t\u00e4m\u00e4 hahmo olisi ollut Ghost Rider.<\/p>\n<p>Samaan aikaan kuiskuttelut<strong> Ryan Goslingista<\/strong> (Barbie, Blade Runner 2049) tulisena Ghost Riderina ovat kiert\u00e4neet huhumylly\u00e4.<\/p>\n<p>Asia on itse asiassa jopa niin, ett\u00e4 Gosling olisi itse kinunnut roolia Feigelt\u00e4. Kukapa nyt haluaisi kielt\u00e4yty\u00e4 Goslingilta? Ei kukaan.<\/p>\n<p>Huhujen mukaan Ghost Rider tekee ensiesiintymisens\u00e4 Avengers: Doomsdayssa. Toisen huhun mukaan hahmo n\u00e4ht\u00e4isiin jo Spider-Man: Brand New Dayssa.<\/p>\n<p>Saapa n\u00e4hd\u00e4.<\/p>\n<p>L\u00e4hde: <a href=\"https:\/\/geektyrant.com\/news\/the-batman-star-robert-pattinson-was-reportedly-eyed-for-mcus-ghost-rider-in-avengers-doomsday\" target=\"_blank\" rel=\"noreferrer noopener nofollow\">Geek Tyrant<\/a><\/p>\n<p>Lue my\u00f6s: <a href=\"https:\/\/www.episodi.fi\/uutiskirje\/?uutiskirjemainos=tekstilinkkimainos\" title=\"Tilaa Episodin uutiskirje ja voit voittaa leffalippuja! Nappaa tv-vinkit suoraan s\u00e4hk\u00f6postiin t\u00e4st\u00e4.\" class=\"underline-custom !font-montserrat !font-bold !underline-offset-4 !decoration-4 !decoration-episodi-blue !text-md\" rel=\"nofollow noopener\" target=\"_blank\">Tilaa Episodin uutiskirje ja voit voittaa leffalippuja! Nappaa katseluvinkit suoraan s\u00e4hk\u00f6postiin t\u00e4st\u00e4.<\/a><\/p>\n","protected":false},"excerpt":{"rendered":"Marvel Studiosin roolitushuhut ovat usein villej\u00e4 ja nyt t\u00e4m\u00e4 vanha tarina sai ehk\u00e4 jonkinlaisen vahvistuksen. Kyseess\u00e4 on supersuositusta&hellip;\n","protected":false},"author":2,"featured_media":128396,"comment_status":"","ping_status":"","sticky":false,"template":"","format":"standard","meta":{"footnotes":""},"categories":[130],"tags":[137,33,31,30,22776,3282,4498,3265,32,109],"class_list":{"0":"post-128395","1":"post","2":"type-post","3":"status-publish","4":"format-standard","5":"has-post-thumbnail","7":"category-viihde","8":"tag-entertainment","9":"tag-fi","10":"tag-finland","11":"tag-finnish","12":"tag-ghost-rider","13":"tag-marvel","14":"tag-robert-pattinson","15":"tag-ryan-gosling","16":"tag-suomi","17":"tag-viihde"},"share_on_mastodon":{"url":"https:\/\/pubeurope.com\/@fi\/115804656259285598","error":""},"_links":{"self":[{"href":"https:\/\/www.europesays.com\/fi\/wp-json\/wp\/v2\/posts\/128395","targetHints":{"allow":["GET"]}}],"collection":[{"href":"https:\/\/www.europesays.com\/fi\/wp-json\/wp\/v2\/posts"}],"about":[{"href":"https:\/\/www.europesays.com\/fi\/wp-json\/wp\/v2\/types\/post"}],"author":[{"embeddable":true,"href":"https:\/\/www.europesays.com\/fi\/wp-json\/wp\/v2\/users\/2"}],"replies":[{"embeddable":true,"href":"https:\/\/www.europesays.com\/fi\/wp-json\/wp\/v2\/comments?post=128395"}],"version-history":[{"count":0,"href":"https:\/\/www.europesays.com\/fi\/wp-json\/wp\/v2\/posts\/128395\/revisions"}],"wp:featuredmedia":[{"embeddable":true,"href":"https:\/\/www.europesays.com\/fi\/wp-json\/wp\/v2\/media\/128396"}],"wp:attachment":[{"href":"https:\/\/www.europesays.com\/fi\/wp-json\/wp\/v2\/media?parent=128395"}],"wp:term":[{"taxonomy":"category","embeddable":true,"href":"https:\/\/www.europesays.com\/fi\/wp-json\/wp\/v2\/categories?post=128395"},{"taxonomy":"post_tag","embeddable":true,"href":"https:\/\/www.europesays.com\/fi\/wp-json\/wp\/v2\/tags?post=128395"}],"curies":[{"name":"wp","href":"https:\/\/api.w.org\/{rel}","templated":true}]}}