{"id":128398,"date":"2025-12-29T20:09:07","date_gmt":"2025-12-29T20:09:07","guid":{"rendered":"https:\/\/www.europesays.com\/fi\/128398\/"},"modified":"2025-12-29T20:09:07","modified_gmt":"2025-12-29T20:09:07","slug":"trump-hamasin-riisuminen-aseista-on-valttamatonta-uutissuomalainen","status":"publish","type":"post","link":"https:\/\/www.europesays.com\/fi\/128398\/","title":{"rendered":"Trump: Hamasin riisuminen aseista on v\u00e4ltt\u00e4m\u00e4t\u00f6nt\u00e4 | Uutissuomalainen"},"content":{"rendered":"<p>Yhdysvaltain presidentti Donald Trump sanoi Suomen aikaa maanantai-iltana aikovansa siirty\u00e4 Gaza-suunnitelmansa toiseen vaiheeseen niin nopeasti kuin mahdollista. Trump kommentoi asiaa toimittajille Floridassa Israelin p\u00e4\u00e4ministeri Benjamin Netanjahun rinnalla ennen johtajien kahdenkeskist\u00e4 tapaamista.<\/p>\n<p>Netanjahun ja Trumpin odotettiin keskustelevan Gaza-rauhansopimuksen toisesta osasta, johon kuuluisi muun muassa \u00e4\u00e4rij\u00e4rjest\u00f6 Hamasin aseistariisunta. Samalla Israelin joukot jatkaisivat vet\u00e4ytymist\u00e4\u00e4n Gazassa.<\/p>\n<p>\u2013\u2009Aseistariisunta on v\u00e4ltt\u00e4m\u00e4t\u00f6nt\u00e4, Hamas t\u00e4ytyy riisua aseista, Trump sanoi toimittajille.<\/p>\n<p>Hamasin aseellinen siipi ilmoitti puolestaan maanantaina, ett\u00e4 se ei ole luovuttamassa aseitaan. Videoviestiss\u00e4\u00e4n Hamas my\u00f6s vahvisti j\u00e4rjest\u00f6n entisen tiedottajan ja nelj\u00e4n sotilasjohtajan kuoleman.<\/p>\n","protected":false},"excerpt":{"rendered":"Yhdysvaltain presidentti Donald Trump sanoi Suomen aikaa maanantai-iltana aikovansa siirty\u00e4 Gaza-suunnitelmansa toiseen vaiheeseen niin nopeasti kuin mahdollista. Trump&hellip;\n","protected":false},"author":2,"featured_media":128399,"comment_status":"","ping_status":"","sticky":false,"template":"","format":"standard","meta":{"footnotes":""},"categories":[14],"tags":[22,23,585,26,27,33,31,30,17,24,25,803,28,29,15,18,21,142,637,144,32,19,20,56,16,638,59,60,61,143],"class_list":{"0":"post-128398","1":"post","2":"type-post","3":"status-publish","4":"format-standard","5":"has-post-thumbnail","7":"category-ulkomaat","8":"tag-breaking-news","9":"tag-breakingnews","10":"tag-donald-trump","11":"tag-featured-news","12":"tag-featurednews","13":"tag-fi","14":"tag-finland","15":"tag-finnish","16":"tag-headlines","17":"tag-latest-news","18":"tag-latestnews","19":"tag-levottomuudet-ja-sodat","20":"tag-main-news","21":"tag-mainnews","22":"tag-news","23":"tag-otsikot","24":"tag-paauutiset","25":"tag-poliitikot","26":"tag-politiikka","27":"tag-presidentti","28":"tag-suomi","29":"tag-top-stories","30":"tag-topstories","31":"tag-ulkomaat","32":"tag-uutiset","33":"tag-valtiovalta","34":"tag-world","35":"tag-world-news","36":"tag-worldnews","37":"tag-yhdysvaltain-politiikka"},"share_on_mastodon":{"url":"https:\/\/pubeurope.com\/@fi\/115804672022837545","error":""},"_links":{"self":[{"href":"https:\/\/www.europesays.com\/fi\/wp-json\/wp\/v2\/posts\/128398","targetHints":{"allow":["GET"]}}],"collection":[{"href":"https:\/\/www.europesays.com\/fi\/wp-json\/wp\/v2\/posts"}],"about":[{"href":"https:\/\/www.europesays.com\/fi\/wp-json\/wp\/v2\/types\/post"}],"author":[{"embeddable":true,"href":"https:\/\/www.europesays.com\/fi\/wp-json\/wp\/v2\/users\/2"}],"replies":[{"embeddable":true,"href":"https:\/\/www.europesays.com\/fi\/wp-json\/wp\/v2\/comments?post=128398"}],"version-history":[{"count":0,"href":"https:\/\/www.europesays.com\/fi\/wp-json\/wp\/v2\/posts\/128398\/revisions"}],"wp:featuredmedia":[{"embeddable":true,"href":"https:\/\/www.europesays.com\/fi\/wp-json\/wp\/v2\/media\/128399"}],"wp:attachment":[{"href":"https:\/\/www.europesays.com\/fi\/wp-json\/wp\/v2\/media?parent=128398"}],"wp:term":[{"taxonomy":"category","embeddable":true,"href":"https:\/\/www.europesays.com\/fi\/wp-json\/wp\/v2\/categories?post=128398"},{"taxonomy":"post_tag","embeddable":true,"href":"https:\/\/www.europesays.com\/fi\/wp-json\/wp\/v2\/tags?post=128398"}],"curies":[{"name":"wp","href":"https:\/\/api.w.org\/{rel}","templated":true}]}}