{"id":128419,"date":"2025-12-29T20:49:07","date_gmt":"2025-12-29T20:49:07","guid":{"rendered":"https:\/\/www.europesays.com\/fi\/128419\/"},"modified":"2025-12-29T20:49:07","modified_gmt":"2025-12-29T20:49:07","slug":"nina-tapio-muistelee-hanna-riikka-siitosen-viimeisia-hetkia-paivityksessaan","status":"publish","type":"post","link":"https:\/\/www.europesays.com\/fi\/128419\/","title":{"rendered":"Nina Tapio muistelee Hanna-Riikka Siitosen viimeisi\u00e4 hetki\u00e4 p\u00e4ivityksess\u00e4\u00e4n"},"content":{"rendered":"<p>            Timo Korhonen\n        <\/p>\n<p class=\"subtitle \">Hanna-Riikka Siitonen ja Nina Tapio muodostivat ys\u00e4rill\u00e4 ja 2000-luvun alussa Taikapeili-yhtyeen.<\/p>\n<p class=\"article-content article-content-width !bg-background\">Laulaja-n\u00e4yttelij\u00e4  menehtyi vain 47-vuotiaana kes\u00e4kuussa 2018 sairastettuaan pitk\u00e4\u00e4n sy\u00f6p\u00e4\u00e4. Nyt (29.12.) h\u00e4nen yst\u00e4v\u00e4ns\u00e4 ja kollegansa  on julkaissut <a href=\"https:\/\/www.instagram.com\/ninakaroliinatapio\/\" aria-label=\"Nina Tapion Instagram\" target=\"_blank\" rel=\"nofollow noopener\">Instagram<\/a>-tilins\u00e4 tarinoissa kuvan, jonka yhteydess\u00e4 h\u00e4n muistelee Hanna-Riikan viimeisi\u00e4 aikoja.<\/p>\n<p class=\"article-content article-content-width !bg-background\">Tarinat ovat katsottavissa 24 tuntia julkaisustaan.<\/p>\n<p>        <a itemprop=\"url\" href=\"https:\/\/www.seiska.fi\/katso\/nina-tapio-loukkaantui-amazing-racessa\/2014651\" rel=\"nofollow noopener\" target=\"_blank\"><\/p>\n<p>\nAmazing Race Suomi\n<\/p>\n<p class=\"section-date\">\n        <strong class=\"article-section\" data-section=\"katso\"><br \/>\n            katso<br \/>\n        <\/strong><br \/>\n        8.12. 16:15\n    <\/p>\n<p>Nina Tapio loukkaantui Amazing Racessa\n    <\/p>\n<p itemprop=\"description\" class=\"subtitle \">\n    Amazing Race Suomen nelj\u00e4nnen jakson teht\u00e4v\u00e4 oli kivulias laulajalle ja h\u00e4nen Elsa-tytt\u00e4relleen.\n<\/p>\n<p>        <\/a><\/p>\n<p class=\"article-content article-content-width !bg-background\">Urallaan niin lavoilla kuin televisiossakin esiintynyt Hanna-Riikka oli mukana 1990-luvulla perustetussa pop-duo Taikapeiliss\u00e4, jonka he muodostivat Ninan kanssa.<\/p>\n<p>Terhokodissa<\/p>\n<p class=\"article-content article-content-width !bg-background\">Nina on julkaissut tarinoihinsa kuvan yst\u00e4vyksist\u00e4. Siin\u00e4 Nina ja Hanna-Riikka poseeraavat kameralle drinkit k\u00e4siss\u00e4\u00e4n. Ninan silm\u00e4t punoittavat.<\/p>\n<p class=\"article-content article-content-width !bg-background\"> \u2013 Hanna-Riikka vietti viimeiset hetkens\u00e4 Terhokodissa. Paikka tuli hyvin tutuksi minulle ja arvostin tosi paljon sit\u00e4 asennetta, mill\u00e4 ty\u00f6ntekij\u00e4t kohtelivat ihmisi\u00e4, Nina kirjoittaa kuvan yhteydess\u00e4 ja jatkaa:<\/p>\n<p class=\"article-content article-content-width !bg-background\"> \u2013 En halunnut ottaa kuvia Hakin viimeisist\u00e4 ajoista\u00a0\u2013 se ei tuntunut oikealta.\u00a0<\/p>\n<p class=\"article-content article-content-width !bg-background\">Nina kertoo, ett\u00e4 h\u00e4nen julkaisemansa kuva on h\u00e4nen viimeinen kuva kaksikosta: otettu viisi kuukautta ennen Hanna-Riikan kuolemaa.<\/p>\n<p>                <img decoding=\"async\" src=\"https:\/\/www.europesays.com\/fi\/wp-content\/uploads\/2025\/12\/1736532.webp.jpeg\" width=\"576\" height=\"274\" title=\"Taikapeili-duo esiintyy. Hanna-Riikka Siitonen (vas.) ja Nina Tapio kuvattuna vuonna 2017.\" alt=\"Hanna-Riikka Siitonen ja Nina Tapio laulavat mikrofoneihin.\" loading=\"lazy\" \/>            <\/p>\n<p>\n            Taikapeili-duo esiintyy. Hanna-Riikka Siitonen (vas.) ja Nina Tapio kuvattuna vuonna 2017.<br \/>\n            PasiMurtoOy\n        <\/p>\n<p class=\"article-content article-content-width !bg-background\"> \u2013 Hakki halusi sy\u00f6m\u00e4\u00e4n ja drinksuille. Niinkuin silmist\u00e4 n\u00e4kyy, itkuilta ei v\u00e4ltytty, Nina kertoo.<\/p>\n<p>        <a itemprop=\"url\" href=\"https:\/\/www.seiska.fi\/katso\/shokkipaljastus-amazing-race-podcastissa-nina-tapiolla-epailtiin-sydankohtausta\/2020156\" rel=\"nofollow noopener\" target=\"_blank\"><\/p>\n<p>\nPodcast:\n<\/p>\n<p class=\"section-date\">\n        <strong class=\"article-section\" data-section=\"katso\"><br \/>\n            katso<br \/>\n        <\/strong><br \/>\n        14.12. 06:15\n    <\/p>\n<p>Shokkipaljastus Amazing Race -podcastissa: Nina Tapiolla ep\u00e4iltiin syd\u00e4nkohtausta\n    <\/p>\n<p itemprop=\"description\" class=\"subtitle \">\n    Nina Tapion terveydentila heikkeni Amazing Race Suomi -ohjelmassa.\n<\/p>\n<p>        <\/a><\/p>\n<p class=\"article-content article-content-width !bg-background\"> \u2013 Hakin toive oli viett\u00e4\u00e4 ihan normi illanvietto, niinkuin sairautta ei olisi, vaikka liikkuminen oli jo haastavaa ja l\u00e4\u00e4kitys kova. Ik\u00e4v\u00e4 on edelleen, Nina p\u00e4\u00e4tt\u00e4\u00e4 tekstins\u00e4.<\/p>\n<p>Tutuksi telkkarista<\/p>\n<p class=\"article-content article-content-width !bg-background\">Hanna-Riikka esiintyi musiikkilavojen lis\u00e4ksi my\u00f6s televisiossa ja teatterissa. H\u00e4n n\u00e4ytteli muun muassa Ylen Uusi p\u00e4iv\u00e4 -sarjassa vuodesta 2010, siis sarjan alusta asti, Lissu Kanervaa, ja j\u00e4tt\u00e4ytyi pois kuvauksista <a href=\"https:\/\/www.seiska.fi\/kotimaa\/laulaja-nayttelija-hanna-riikka-siitonen-on-kuollut-47-vuotiaana\/517943\" aria-label=\"Seiskan uutinen Hanna-Riikan kuolemasta (25.7.2018)\" target=\"_blank\" rel=\"nofollow noopener\">vasta vuoden 2018 helmikuussa<\/a>.<\/p>\n<p>        <a itemprop=\"url\" href=\"https:\/\/www.seiska.fi\/kotimaa\/laulaja-nayttelija-hanna-riikka-siitonen-on-kuollut-47-vuotiaana\/517943\" rel=\"nofollow noopener\" target=\"_blank\"><\/p>\n<p class=\"section-date\">\n        <strong class=\"article-section\" data-section=\"kotimaa\"><br \/>\n            kotimaa<br \/>\n        <\/strong><br \/>\n        25.7.2018 18:36\n    <\/p>\n<p>Laulaja-n\u00e4yttelij\u00e4 Hanna-Riikka Siitonen on kuollut 47-vuotiaana\n    <\/p>\n<p>        <\/a><\/p>\n<p class=\"article-content article-content-width !bg-background\">H\u00e4n menehtyi saman vuoden hein\u00e4kuussa.<\/p>\n<p class=\"article-content article-content-width !bg-background\">Hanna-Riikan is\u00e4 oli vuonna 2021 menehtynyt laulaja .<\/p>\n<p><script async src=\"\/\/www.instagram.com\/embed.js\"><\/script><\/p>\n","protected":false},"excerpt":{"rendered":"Timo Korhonen Hanna-Riikka Siitonen ja Nina Tapio muodostivat ys\u00e4rill\u00e4 ja 2000-luvun alussa Taikapeili-yhtyeen. Laulaja-n\u00e4yttelij\u00e4 menehtyi vain 47-vuotiaana kes\u00e4kuussa&hellip;\n","protected":false},"author":2,"featured_media":128420,"comment_status":"","ping_status":"","sticky":false,"template":"","format":"standard","meta":{"footnotes":""},"categories":[136],"tags":[407,137,33,31,30,14075,408,8156,32,1469,14073,22778,109],"class_list":{"0":"post-128419","1":"post","2":"type-post","3":"status-publish","4":"format-standard","5":"has-post-thumbnail","7":"category-julkkikset","8":"tag-celebrities","9":"tag-entertainment","10":"tag-fi","11":"tag-finland","12":"tag-finnish","13":"tag-hanna-riikka-siitonen","14":"tag-julkkikset","15":"tag-nina-tapio","16":"tag-suomi","17":"tag-syopa","18":"tag-taikapeili","19":"tag-terhokoti","20":"tag-viihde"},"share_on_mastodon":{"url":"https:\/\/pubeurope.com\/@fi\/115804829310230038","error":""},"_links":{"self":[{"href":"https:\/\/www.europesays.com\/fi\/wp-json\/wp\/v2\/posts\/128419","targetHints":{"allow":["GET"]}}],"collection":[{"href":"https:\/\/www.europesays.com\/fi\/wp-json\/wp\/v2\/posts"}],"about":[{"href":"https:\/\/www.europesays.com\/fi\/wp-json\/wp\/v2\/types\/post"}],"author":[{"embeddable":true,"href":"https:\/\/www.europesays.com\/fi\/wp-json\/wp\/v2\/users\/2"}],"replies":[{"embeddable":true,"href":"https:\/\/www.europesays.com\/fi\/wp-json\/wp\/v2\/comments?post=128419"}],"version-history":[{"count":0,"href":"https:\/\/www.europesays.com\/fi\/wp-json\/wp\/v2\/posts\/128419\/revisions"}],"wp:featuredmedia":[{"embeddable":true,"href":"https:\/\/www.europesays.com\/fi\/wp-json\/wp\/v2\/media\/128420"}],"wp:attachment":[{"href":"https:\/\/www.europesays.com\/fi\/wp-json\/wp\/v2\/media?parent=128419"}],"wp:term":[{"taxonomy":"category","embeddable":true,"href":"https:\/\/www.europesays.com\/fi\/wp-json\/wp\/v2\/categories?post=128419"},{"taxonomy":"post_tag","embeddable":true,"href":"https:\/\/www.europesays.com\/fi\/wp-json\/wp\/v2\/tags?post=128419"}],"curies":[{"name":"wp","href":"https:\/\/api.w.org\/{rel}","templated":true}]}}