{"id":128421,"date":"2025-12-29T20:52:12","date_gmt":"2025-12-29T20:52:12","guid":{"rendered":"https:\/\/www.europesays.com\/fi\/128421\/"},"modified":"2025-12-29T20:52:12","modified_gmt":"2025-12-29T20:52:12","slug":"maajussi-antti-avautui-jouluisesta-valirikosta-somessa-matilda-rakkaalle-koskettava-viesti","status":"publish","type":"post","link":"https:\/\/www.europesays.com\/fi\/128421\/","title":{"rendered":"Maajussi-Antti avautui jouluisesta v\u00e4lirikosta somessa &#8211; Matilda-rakkaalle koskettava viesti"},"content":{"rendered":"<p><a href=\"https:\/\/www.suomi24.fi\/viihde\/l\/maajussi-antti-avautui-somessa-joulun-valirikosta-koskettava-teksti-matilda-rakkaasta-5538-2.webp\" rel=\"nofollow noopener\" target=\"_blank\"><img decoding=\"async\" src=\"https:\/\/www.europesays.com\/fi\/wp-content\/uploads\/2025\/12\/maajussi-antti-avautui-somessa-joulun-valirikosta-koskettava-teksti-matilda-rakkaasta-5538-2.webp.webp\" alt=\"Maajussille morsian\" loading=\"lazy\"\/><\/a>Maajussi-Antti ja Matilda Maajussille morsian -ohjelmassa. Kuvat: MTV3, kollaasi photocollage<\/p>\n<p>Maajussi-<strong>Antti <\/strong>etsi rinnalleen rakasta Maajussille morsian -ohjelmassa v. 2025. Tv-katsojien syd\u00e4met rehtiydell\u00e4\u00e4n ja omintakeisella persoonallaan sulattanut Antti toivoi kumppanilta r\u00e4v\u00e4kkyytt\u00e4 ja vilpit\u00f6nt\u00e4 halua asua maalla.<\/p>\n<p>Antin toive toteutui ja h\u00e4n l\u00f6ysi tosi-tv-ohjelmasta rinnalleen Matildan.<\/p>\n<p>Maajussille morsian -kameraryhm\u00e4n l\u00e4hdetty\u00e4 pois, Matilda j\u00e4i Antin luo ja edess\u00e4 oli yhteinen iltanavetta. Antin ja Matildan suhde on kest\u00e4nyt siit\u00e4 eteenp\u00e4in.<\/p>\n<p>Joulu on herkistymisen aikaa ja niin on k\u00e4ynyt my\u00f6s Antille. Maajussi on paljastanut somessa tunnelmiaan kahdesta t\u00e4ysin erilaisesta joulun ajasta. Toinen tuotti ik\u00e4vi\u00e4 muistoja, toinen hyvi\u00e4 muistoja.<\/p>\n<p><a href=\"https:\/\/www.suomi24.fi\/viihde\/l\/maajussi-antti-avautui-somessa-joulun-valirikosta-koskettava-teksti-matilda-rakkaasta-5538-1.webp\" rel=\"nofollow noopener\" target=\"_blank\"><img decoding=\"async\" src=\"https:\/\/www.europesays.com\/fi\/wp-content\/uploads\/2025\/12\/maajussi-antti-avautui-somessa-joulun-valirikosta-koskettava-teksti-matilda-rakkaasta-5538-1.webp.webp\" alt=\"Maajussille morsian\" loading=\"lazy\"\/><\/a>Antti ja Matilda tutustelivat toisiinsa mm. py\u00f6r\u00e4retkell\u00e4 Maajussille morsian -ohjelmassa. Kuva: MTV3<\/p>\n<p>Antti kirjoittaa leve\u00e4ll\u00e4 murteella Instagram-tilill\u00e4\u00e4n:<\/p>\n<p>-Rakkaan kans ensm\u00e4ine yhteinen joulu. Voiko ihimine olla enn\u00e4\u00e4 onnekkaampi?, Antti aloittaa.<\/p>\n<p>Maajussi paljastaa surullisesta v\u00e4lirikosta edellisen\u00e4 jouluna s\u00e4rkyneen syd\u00e4n-emojin kera:<\/p>\n<p>-Viime joulun j\u00e4l\u00e4kee millo \u00e4itimuori ilimotti eruavasa is\u00e4ukon kans nii mik\u00e4 tahasa joulu on onnelline siihe verrate.<\/p>\n<p>Juttu jatkuu kuvan j\u00e4lkeen -&gt;<br \/>Antti ja Matilda navetassa, kuva lainattu Antin Instagram-tililt\u00e4:<\/p>\n<p>Antti kirjoittaa koskettavasti Matilda-rakkaasta toivottaen samalla hyv\u00e4\u00e4 joulua:<\/p>\n<p>-Olipa helppo tojeta nyt toiselle ett\u00e4 Jos sua ei ois nii t\u00e4\u00e4l\u00e4 ei ois mit\u00e4\u00e4n t\u00e4ll\u00e4 hetkell\u00e4, kiitos siis ku oot Matilda-rakas. Hyv\u00e4\u00e4 joulua kaikille n\u00e4ist\u00e4 tunnelmista, Antti lopettaa tunteikkaan kirjoituksensa.<\/p>\n<p>Maajussille morsian MTV Katsomo<\/p>\n<p><a href=\"https:\/\/www.telsu.fi\/?ref=s24_article\" rel=\"noopener noreferrer nofollow\" target=\"_blank\">Katso tv-ohjelma-ajat Telsu.fi<\/a><\/p>\n","protected":false},"excerpt":{"rendered":"Maajussi-Antti ja Matilda Maajussille morsian -ohjelmassa. Kuvat: MTV3, kollaasi photocollage Maajussi-Antti etsi rinnalleen rakasta Maajussille morsian -ohjelmassa v.&hellip;\n","protected":false},"author":2,"featured_media":128422,"comment_status":"","ping_status":"","sticky":false,"template":"","format":"standard","meta":{"footnotes":""},"categories":[133],"tags":[137,33,31,30,32,206,156,109],"class_list":{"0":"post-128421","1":"post","2":"type-post","3":"status-publish","4":"format-standard","5":"has-post-thumbnail","7":"category-televisiot","8":"tag-entertainment","9":"tag-fi","10":"tag-finland","11":"tag-finnish","12":"tag-suomi","13":"tag-televisiot","14":"tag-tv","15":"tag-viihde"},"share_on_mastodon":{"url":"https:\/\/pubeurope.com\/@fi\/115804841097410136","error":""},"_links":{"self":[{"href":"https:\/\/www.europesays.com\/fi\/wp-json\/wp\/v2\/posts\/128421","targetHints":{"allow":["GET"]}}],"collection":[{"href":"https:\/\/www.europesays.com\/fi\/wp-json\/wp\/v2\/posts"}],"about":[{"href":"https:\/\/www.europesays.com\/fi\/wp-json\/wp\/v2\/types\/post"}],"author":[{"embeddable":true,"href":"https:\/\/www.europesays.com\/fi\/wp-json\/wp\/v2\/users\/2"}],"replies":[{"embeddable":true,"href":"https:\/\/www.europesays.com\/fi\/wp-json\/wp\/v2\/comments?post=128421"}],"version-history":[{"count":0,"href":"https:\/\/www.europesays.com\/fi\/wp-json\/wp\/v2\/posts\/128421\/revisions"}],"wp:featuredmedia":[{"embeddable":true,"href":"https:\/\/www.europesays.com\/fi\/wp-json\/wp\/v2\/media\/128422"}],"wp:attachment":[{"href":"https:\/\/www.europesays.com\/fi\/wp-json\/wp\/v2\/media?parent=128421"}],"wp:term":[{"taxonomy":"category","embeddable":true,"href":"https:\/\/www.europesays.com\/fi\/wp-json\/wp\/v2\/categories?post=128421"},{"taxonomy":"post_tag","embeddable":true,"href":"https:\/\/www.europesays.com\/fi\/wp-json\/wp\/v2\/tags?post=128421"}],"curies":[{"name":"wp","href":"https:\/\/api.w.org\/{rel}","templated":true}]}}