{"id":128431,"date":"2025-12-29T21:02:09","date_gmt":"2025-12-29T21:02:09","guid":{"rendered":"https:\/\/www.europesays.com\/fi\/128431\/"},"modified":"2025-12-29T21:02:09","modified_gmt":"2025-12-29T21:02:09","slug":"alaikainen-poika-putosi-radiomastosta-ja-kuoli-tampereella-poliisi-nuorten-tarkoituksena-kuvata-tiktok-haaste","status":"publish","type":"post","link":"https:\/\/www.europesays.com\/fi\/128431\/","title":{"rendered":"Alaik\u00e4inen poika putosi radiomastosta ja kuoli Tampereella \u2013 Poliisi: Nuorten tarkoituksena kuvata Tiktok-haaste"},"content":{"rendered":"<p>    <img decoding=\"async\" class=\"responsive-image article__image-image lozad\"   src=\"https:\/\/www.europesays.com\/fi\/wp-content\/uploads\/2025\/12\/tlH1sJD99XchjOaP0Uc4ogpAYm-gMcUmyAB0XPSZSfnEhXbRptv5RojcjE8HRcQ8Gvh_lFK0ohcm5KWWE-kXWVKFBLC2tf8m4r_0.jpeg\" alt=\"Poliisin mukaan nuoren kuolemaan ep\u00e4ill\u00e4\u00e4n liittyv\u00e4n Tiktok-haasteen kuvaamisen.\"\/><\/p>\n<p>\n                Poliisin mukaan nuoren kuolemaan ep\u00e4ill\u00e4\u00e4n liittyv\u00e4n Tiktok-haasteen kuvaamisen.\n              <\/p>\n<p>\n                Kuva: Antonin Utz \/ AFP \/ Lehtikuva\n              <\/p>\n<p class=\"article__paragraph\">\n      Tampereella radiomastosta yli viikko sitten pudonnut oli alaik\u00e4inen poika, \u00a0<a href=\"https:\/\/poliisi.fi\/-\/poliisi-epailee-tampereen-teiskossa-tapahtuneessa-radiomastoputoamisessa-rikosta\" rel=\"nofollow noopener\" target=\"_blank\">kertoi <\/a>Sis\u00e4-Suomen poliisi maanantaina. Poika l\u00f6ytyi maasta kuolleena.\n    <\/p>\n<p class=\"article__paragraph\">\n      Esitutkinnan perusteella kolmen nuoren tarkoituksena oli kiivet\u00e4 Teiskon alueella sijaitsevaan radiomastoon kuvaamaan sis\u00e4lt\u00f6\u00e4 Tiktok-haasteeseen.\n    <\/p>\n<p class=\"article__paragraph\">\n      Poliisi sai h\u00e4lytyksen onnettomuudesta lauantaina 20. joulukuuta hieman ennen kello kahta iltap\u00e4iv\u00e4ll\u00e4.\n    <\/p>\n<p class=\"article__paragraph\">\n      Kolme nuorta kiipesi radiomastoon huoltotikkaita pitkin. Poliisin mukaan he kuvasivat puhelimilla ja kameroilla yl\u00f6s kiivetess\u00e4\u00e4n. Nuorten tullessa alas mastosta ylimp\u00e4n\u00e4 tikkaissa ollut nuori menetti otteensa ja putosi maahan. Lis\u00e4ksi poliisin selvityksen mukaan oli l\u00e4hell\u00e4, ett\u00e4 pudonnut poika olisi osunut h\u00e4nen alapuolellaan tikkaissa olleisiin nuoriin.\n    <\/p>\n<p class=\"article__paragraph\">\n      Poliisin mukaan laittomiin ja vaarallisiin haasteisiin osallistuminen on h\u00e4lytt\u00e4v\u00e4 ilmi\u00f6.\n    <\/p>\n<p class=\"article__paragraph\">\n      \u2013\u2009Pyyd\u00e4n, ett\u00e4 vanhemmat keskustelevat aiheesta vakavasti nuortensa kanssa, tutkinnanjohtaja, rikoskomisario Panu Rautio sanoo tiedotteessa.\n    <\/p>\n<p class=\"article__paragraph\">\n      Radiomastoon kiivenneit\u00e4 nuoria on poliisin mukaan syyt\u00e4 ep\u00e4ill\u00e4 julkisrauhan rikkomisesta, josta voidaan tuomita sakkoon tai vankeuteen enint\u00e4\u00e4n kuudeksi kuukaudeksi.\n    <\/p>\n<p class=\"article__paragraph\">\n      \u2013\u2009Jos mastoon kiipe\u00e4minen on mahdollista, se ei tarkoita, ett\u00e4 se olisi sallittua, sanoo Rautio.\n    <\/p>\n<p>      Kiipeily voi altistaa s\u00e4teilylle<\/p>\n<p class=\"article__paragraph\">\n      Putoamisen lis\u00e4ksi radiomastoihin luvattomasti kiipe\u00e4vi\u00e4 uhkaa altistuminen voimakkaalle s\u00e4teilylle. Viestint\u00e4verkkojen verkko-operaattori Digitan asiakaspalvelujohtaja Elina Lehtom\u00e4ki kertoo tiedotteessa, ett\u00e4 s\u00e4teilyn vaikutukset voivat tulla esille vasta vuosia my\u00f6hemmin.\u2028Radiomastot ovat my\u00f6s osa\u202fhuoltovarmuuden t\u00e4rke\u00e4\u00e4 infrastruktuuria. Niihin kiipe\u00e4minen voi h\u00e4irit\u00e4 radioviestint\u00e4\u00e4 ja aiheuttaa laajoja palvelukatkoksia.\n    <\/p>\n<p class=\"article__paragraph\">\n      Kyseess\u00e4 on Teiskon radio- ja televisioaseman noin 325 metri\u00e4 korkea masto Tampereen pohjoisosassa. Masto on Pirkanmaan korkein rakennelma ja samalla yksi Suomen korkeimmista rakennelmista.\n    <\/p>\n","protected":false},"excerpt":{"rendered":"Poliisin mukaan nuoren kuolemaan ep\u00e4ill\u00e4\u00e4n liittyv\u00e4n Tiktok-haasteen kuvaamisen. Kuva: Antonin Utz \/ AFP \/ Lehtikuva Tampereella radiomastosta yli&hellip;\n","protected":false},"author":2,"featured_media":128432,"comment_status":"","ping_status":"","sticky":false,"template":"","format":"standard","meta":{"footnotes":""},"categories":[12],"tags":[22,23,26,27,33,31,30,17,24,25,28,29,15,18,21,32,19,20,16],"class_list":{"0":"post-128431","1":"post","2":"type-post","3":"status-publish","4":"format-standard","5":"has-post-thumbnail","7":"category-suomi","8":"tag-breaking-news","9":"tag-breakingnews","10":"tag-featured-news","11":"tag-featurednews","12":"tag-fi","13":"tag-finland","14":"tag-finnish","15":"tag-headlines","16":"tag-latest-news","17":"tag-latestnews","18":"tag-main-news","19":"tag-mainnews","20":"tag-news","21":"tag-otsikot","22":"tag-paauutiset","23":"tag-suomi","24":"tag-top-stories","25":"tag-topstories","26":"tag-uutiset"},"share_on_mastodon":{"url":"https:\/\/pubeurope.com\/@fi\/115804880625809884","error":""},"_links":{"self":[{"href":"https:\/\/www.europesays.com\/fi\/wp-json\/wp\/v2\/posts\/128431","targetHints":{"allow":["GET"]}}],"collection":[{"href":"https:\/\/www.europesays.com\/fi\/wp-json\/wp\/v2\/posts"}],"about":[{"href":"https:\/\/www.europesays.com\/fi\/wp-json\/wp\/v2\/types\/post"}],"author":[{"embeddable":true,"href":"https:\/\/www.europesays.com\/fi\/wp-json\/wp\/v2\/users\/2"}],"replies":[{"embeddable":true,"href":"https:\/\/www.europesays.com\/fi\/wp-json\/wp\/v2\/comments?post=128431"}],"version-history":[{"count":0,"href":"https:\/\/www.europesays.com\/fi\/wp-json\/wp\/v2\/posts\/128431\/revisions"}],"wp:featuredmedia":[{"embeddable":true,"href":"https:\/\/www.europesays.com\/fi\/wp-json\/wp\/v2\/media\/128432"}],"wp:attachment":[{"href":"https:\/\/www.europesays.com\/fi\/wp-json\/wp\/v2\/media?parent=128431"}],"wp:term":[{"taxonomy":"category","embeddable":true,"href":"https:\/\/www.europesays.com\/fi\/wp-json\/wp\/v2\/categories?post=128431"},{"taxonomy":"post_tag","embeddable":true,"href":"https:\/\/www.europesays.com\/fi\/wp-json\/wp\/v2\/tags?post=128431"}],"curies":[{"name":"wp","href":"https:\/\/api.w.org\/{rel}","templated":true}]}}